{"id":3755,"date":"2026-04-27T13:14:11","date_gmt":"2026-04-27T11:14:11","guid":{"rendered":"https:\/\/agronoticias.es\/de\/?p=3755"},"modified":"2026-04-27T13:14:11","modified_gmt":"2026-04-27T11:14:11","slug":"spanien-das-11-internationale-symposium-fur-tafeltrauben-findet-in-murcia-statt","status":"publish","type":"post","link":"https:\/\/agronoticias.es\/de\/spanien-das-11-internationale-symposium-fur-tafeltrauben-findet-in-murcia-statt\/","title":{"rendered":"Spanien &#8211; Das 11. Internationale Symposium f\u00fcr Tafeltrauben findet in Murcia statt"},"content":{"rendered":"\n<p>Das von APOEXPA (Vereinigung der Exporteure von Obst, Tafeltrauben und anderen Agrarprodukten) organisierte 11. Internationale Symposium f\u00fcr Tafeltrauben findet vom 29. September bis zum 2. Oktober in Murcia statt. Auf dieser Veranstaltung, die alle drei Jahre stattfindet, analysieren Teilnehmer aus Produktion, Forschung und Industrie dieser Branche aus aller Welt den Markt, die Herausforderungen, die Zukunftsperspektiven sowie die Verbraucherpr\u00e4ferenzen.<\/p>\n\n\n\n<p>Das Symposium bietet nach Angaben von APOEXPA au\u00dferdem einen praktischen Einblick in den Markt und befasst sich mit den dr\u00e4ngendsten wirtschaftlichen und kommerziellen Ver\u00e4nderungen der Branche, die sich auf die Lieferkette auswirken. Dar\u00fcber hinaus werden die wichtigsten Akteure aus jedem Glied der Kette \u00fcber die neue Normalit\u00e4t in der globalen Logistik, steigende Kosten und die Chancen der Zukunft diskutieren.<\/p>\n\n\n\n<p>Sortenz\u00fcchter werden Gelegenheit haben, \u00fcber ihre Strategien angesichts eines zunehmend mit neuen Sorten \u00fcbers\u00e4ttigten Marktes zu informieren. Forschungszentren wie IMIDA werden gemeinsam mit privaten Zuchtunternehmen an dieser Veranstaltung teilnehmen.<\/p>\n\n\n\n<p>Erg\u00e4nzt wird das Symposium durch einen Besuch im Campo, bei denen die Teilnehmer Sortenz\u00fcchter, Fincas und innovative Anlagen verschiedener Akteure aus der Plastik-, Maschinen- und Pflanzenschutzmittelindustrie sowie aus anderen Bereichen kennenlernen werden.<\/p>\n\n\n\n<p>F\u00fcr den Pr\u00e4sidenten von APOEXPA, Joaqu\u00edn G\u00f3mez, ist die Veranstaltung dieses Symposiums in Murcia eine Chance, da es sich um eine internationale Veranstaltung f\u00fcr den Anbau und die Vermarktung von Tafeltrauben handelt und die M\u00f6glichkeit bietet, die St\u00e4rke dieser Autonomie und Spaniens in diesem Sektor zu demonstrieren.<\/p>\n\n\n\n<p>Der Sprecher des Organisationskomitees des Symposiums, Rupert F. Maude, erkl\u00e4rte: \u201eDas Symposium wird durch die Kombination einer umfassenden Analyse von Produktion, Lieferkette und des kreativen Potenzials der Branche einen \u00dcberblick \u00fcber den aktuellen Stand der Traubenindustrie und des personellen Kapitals, das diese erm\u00f6glicht, bieten\u201c.<\/p>\n\n\n\n<p> Der spanische Export von Tafeltrauben belief sich in 2025 auf 184.229 t im Wert von 478 Mio Euro, wie aus den von FEPEX ausgewerteten Daten der Zoll- und Verbrauchsteuerbeh\u00f6rde hervorgeht. Das wichtigste exportierende Anbaugebiet ist die Region de Murcia mit 126.854 t, gefolgt mit deutlichem Abstand vom Land Valencia mit 42.083 t. Quelle &#8211; Fepex\/ds<\/p>\n","protected":false},"excerpt":{"rendered":"<p>Das von APOEXPA (Vereinigung der Exporteure von Obst, Tafeltrauben und anderen Agrarprodukten) organisierte 11. Internationale Symposium f\u00fcr Tafeltrauben<\/p>\n","protected":false},"author":1,"featured_media":3756,"comment_status":"closed","ping_status":"closed","sticky":false,"template":"","format":"standard","meta":{"footnotes":""},"categories":[34],"tags":[],"class_list":["post-3755","post","type-post","status-publish","format-standard","has-post-thumbnail","hentry","category-allgemein"],"featured_image_urls":{"full":["https:\/\/agronoticias.es\/de\/wp-content\/uploads\/2026\/04\/Congreso-uvas-Murcia.png",431,510,false],"thumbnail":["https:\/\/agronoticias.es\/de\/wp-content\/uploads\/2026\/04\/Congreso-uvas-Murcia-150x150.png",150,150,true],"medium":["https:\/\/agronoticias.es\/de\/wp-content\/uploads\/2026\/04\/Congreso-uvas-Murcia-254x300.png",254,300,true],"medium_large":["https:\/\/agronoticias.es\/de\/wp-content\/uploads\/2026\/04\/Congreso-uvas-Murcia.png",431,510,false],"large":["https:\/\/agronoticias.es\/de\/wp-content\/uploads\/2026\/04\/Congreso-uvas-Murcia.png",431,510,false],"1536x1536":["https:\/\/agronoticias.es\/de\/wp-content\/uploads\/2026\/04\/Congreso-uvas-Murcia.png",431,510,false],"2048x2048":["https:\/\/agronoticias.es\/de\/wp-content\/uploads\/2026\/04\/Congreso-uvas-Murcia.png",431,510,false],"morenews-large":["https:\/\/agronoticias.es\/de\/wp-content\/uploads\/2026\/04\/Congreso-uvas-Murcia.png",431,510,false],"morenews-medium":["https:\/\/agronoticias.es\/de\/wp-content\/uploads\/2026\/04\/Congreso-uvas-Murcia-431x410.png",431,410,true]},"author_info":{"display_name":"admin","author_link":"https:\/\/agronoticias.es\/de\/author\/admin\/"},"category_info":"<a href=\"https:\/\/agronoticias.es\/de\/category\/allgemein\/\" rel=\"category tag\">Allgemein<\/a>","tag_info":"Allgemein","comment_count":"0","_links":{"self":[{"href":"https:\/\/agronoticias.es\/de\/wp-json\/wp\/v2\/posts\/3755","targetHints":{"allow":["GET"]}}],"collection":[{"href":"https:\/\/agronoticias.es\/de\/wp-json\/wp\/v2\/posts"}],"about":[{"href":"https:\/\/agronoticias.es\/de\/wp-json\/wp\/v2\/types\/post"}],"author":[{"embeddable":true,"href":"https:\/\/agronoticias.es\/de\/wp-json\/wp\/v2\/users\/1"}],"replies":[{"embeddable":true,"href":"https:\/\/agronoticias.es\/de\/wp-json\/wp\/v2\/comments?post=3755"}],"version-history":[{"count":1,"href":"https:\/\/agronoticias.es\/de\/wp-json\/wp\/v2\/posts\/3755\/revisions"}],"predecessor-version":[{"id":3757,"href":"https:\/\/agronoticias.es\/de\/wp-json\/wp\/v2\/posts\/3755\/revisions\/3757"}],"wp:featuredmedia":[{"embeddable":true,"href":"https:\/\/agronoticias.es\/de\/wp-json\/wp\/v2\/media\/3756"}],"wp:attachment":[{"href":"https:\/\/agronoticias.es\/de\/wp-json\/wp\/v2\/media?parent=3755"}],"wp:term":[{"taxonomy":"category","embeddable":true,"href":"https:\/\/agronoticias.es\/de\/wp-json\/wp\/v2\/categories?post=3755"},{"taxonomy":"post_tag","embeddable":true,"href":"https:\/\/agronoticias.es\/de\/wp-json\/wp\/v2\/tags?post=3755"}],"curies":[{"name":"wp","href":"https:\/\/api.w.org\/{rel}","templated":true}]}}