{"id":3753,"date":"2026-04-27T13:04:14","date_gmt":"2026-04-27T11:04:14","guid":{"rendered":"https:\/\/agronoticias.es\/de\/?p=3753"},"modified":"2026-04-27T13:12:30","modified_gmt":"2026-04-27T11:12:30","slug":"konsumklima-im-sinkflug","status":"publish","type":"post","link":"https:\/\/agronoticias.es\/de\/konsumklima-im-sinkflug\/","title":{"rendered":"Konsumklima im Sinkflug\u200b"},"content":{"rendered":"\n<p><\/p>\n\n\n\n<p>Die Verbraucherstimmung gibt infolge des Iran-Kriegs abermals nach: Der Konsumklima-Indikator sinkt den Erwartungen der Verbraucher nach f\u00fcr Mai 2026 nochmals deutlicher als im Vormonat. Er weist nun -33,3 Punkte auf, und ist damit im Vergleich zum Vormonat (revidiert -28,1 Punkte) um weitere 5,2 Punkte gesunken. Besonders tr\u00fcben sich die Einkommenserwartungen ein, aber auch die Anschaffungsneigung f\u00e4llt merklich pessimistischer aus. Die Sparneigung geht indes leicht zur\u00fcck, bleibt aber auf hohem Niveau. Dies zeigen die aktuellen Ergebnisse des NIM Konsumklimas powered by GfK, das seit Oktober 2023 gemeinsam vom N\u00fcrnberg Institut f\u00fcr Marktentscheidungen (NIM), Gr\u00fcnder der GfK und NIQ\/GfK herausgegeben wird.<\/p>\n\n\n\n<p>Einbruch der Einkommenserwartungen<\/p>\n\n\n\n<p>Die Einkommenserwartungen der Verbraucher, die bereits letzten Monat deutlich nachgegeben haben, brechen im April um weitere 18,1 Punkte ein und liegen nun bei -24,4 Punkten. Wie im letzten Monat spielen die abgek\u00fchlten Konjunkturerwartungen und die anziehenden Preiserwartungen eine entscheidende Rolle f\u00fcr diese Entwicklung. Eine Langfristanalyse des NIM zeigt: Die Einkommenserwartungen sind eng mit der von den Verbrauchern erwarteten Inflation verkn\u00fcpft. Effekte zwischen den Inflationserwartungen der Verbraucher und Anschaffungs- bzw. Sparneigung zeigen sich leicht zeitversetzt und fallen geringer aus.<\/p>\n\n\n\n<p>Die Anschaffungsneigung zeigt in diesem Monat einen R\u00fcckgang um 3,5 Punkte auf -14,4 Punkte. Dies markiert im l\u00e4ngerfristigen Vergleich ein Zwei-Jahres-Tief.&nbsp;<\/p>\n\n\n\n<p>Die Sparneigung, die angibt, ob es die Menschen angesichts der allgemeinen Wirtschaftslage derzeit f\u00fcr ratsam halten, zu sparen, zeigt einen leichten R\u00fcckgang und liegt mit einem Minus von 2,4 Punkten auf einem nach wie vor hohen Niveau (16,1 Punkte).<\/p>\n\n\n\n<p>\u201eDie Verbraucherstimmung gibt nochmal deutlicher st\u00e4rker nach als im Vormonat und liegt nun bei -33,3 Punkten. Dies ist der niedrigste Wert seit Februar 2023\u201c, erkl\u00e4rt Rolf B\u00fcrkl, Head of Consumer Climate beim NIM. \u201eDie Einkommenserwartungen brechen infolge der gestiegenen Inflation regelrecht ein. Und vor diesem Hintergrund erachten die Menschen auch den Zeitpunkt f\u00fcr gr\u00f6\u00dfere Anschaffungen derzeit als weniger g\u00fcnstig.\u201c<\/p>\n\n\n\n<p>Die Inflationsrate ist im M\u00e4rz infolge der Verteuerung der Energiepreise durch den Irankrieg von 1,9 Prozent auf 2,7 Prozent gestiegen, wodurch die Verbraucher mehrheitlich erneut mit Preissteigerungen rechnen. Zwar stieg der Indikator zu den Preiserwartungen im April etwas weniger stark als noch im M\u00e4rz, wof\u00fcr die r\u00fcckl\u00e4ufigen Preise an den Zapfs\u00e4ulen verantwortlich sein d\u00fcrften. Dennoch ist das Niveau des Indikators im Vergleich zu Beginn des Jahres erh\u00f6ht.&nbsp;<\/p>\n\n\n\n<p>Die Konjunkturerwartungen tr\u00fcben sich erneut ein \u202f \u202f<\/p>\n\n\n\n<p>Zudem lastet der Iran-Krieg weiter auf den Konjunkturaussichten: Die Befragten sch\u00e4tzen die Entwicklung der deutschen Wirtschaft in den kommenden 12 Monaten weniger positiv ein als im Vormonat. Der Indikator verliert erneut 6,8 Z\u00e4hler und f\u00e4llt auf -13,7 Punkte. Dies ist ein \u00e4hnliches Niveau wie im April 2022 zu Beginn des Ukraine-Kriegs.\u00a0 Hier verst\u00e4rkt sich die Sorge der Verbraucher, dass der vorsichtige Aufschwung der deutschen Wirtschaft einen ernsthaften D\u00e4mpfer erhalten k\u00f6nnte, vor allem dann, wenn der Konflikt weiter anh\u00e4lt  und Ma\u00dfnahmen der Regierung keine Wirkung zeigen. Quelle und Foto: NIQ\/GfK<\/p>\n\n\n\n<p><\/p>\n","protected":false},"excerpt":{"rendered":"<p>Die Verbraucherstimmung gibt infolge des Iran-Kriegs abermals nach: Der Konsumklima-Indikator sinkt den Erwartungen der Verbraucher nach f\u00fcr Mai<\/p>\n","protected":false},"author":1,"featured_media":3725,"comment_status":"closed","ping_status":"closed","sticky":false,"template":"","format":"standard","meta":{"footnotes":""},"categories":[34],"tags":[],"class_list":["post-3753","post","type-post","status-publish","format-standard","has-post-thumbnail","hentry","category-allgemein"],"featured_image_urls":{"full":["https:\/\/agronoticias.es\/de\/wp-content\/uploads\/2026\/03\/Konsumklima-Marz-26.png",728,533,false],"thumbnail":["https:\/\/agronoticias.es\/de\/wp-content\/uploads\/2026\/03\/Konsumklima-Marz-26-150x150.png",150,150,true],"medium":["https:\/\/agronoticias.es\/de\/wp-content\/uploads\/2026\/03\/Konsumklima-Marz-26-300x220.png",300,220,true],"medium_large":["https:\/\/agronoticias.es\/de\/wp-content\/uploads\/2026\/03\/Konsumklima-Marz-26.png",640,469,false],"large":["https:\/\/agronoticias.es\/de\/wp-content\/uploads\/2026\/03\/Konsumklima-Marz-26.png",640,469,false],"1536x1536":["https:\/\/agronoticias.es\/de\/wp-content\/uploads\/2026\/03\/Konsumklima-Marz-26.png",728,533,false],"2048x2048":["https:\/\/agronoticias.es\/de\/wp-content\/uploads\/2026\/03\/Konsumklima-Marz-26.png",728,533,false],"morenews-large":["https:\/\/agronoticias.es\/de\/wp-content\/uploads\/2026\/03\/Konsumklima-Marz-26.png",728,533,false],"morenews-medium":["https:\/\/agronoticias.es\/de\/wp-content\/uploads\/2026\/03\/Konsumklima-Marz-26-590x410.png",590,410,true]},"author_info":{"display_name":"admin","author_link":"https:\/\/agronoticias.es\/de\/author\/admin\/"},"category_info":"<a href=\"https:\/\/agronoticias.es\/de\/category\/allgemein\/\" rel=\"category tag\">Allgemein<\/a>","tag_info":"Allgemein","comment_count":"0","_links":{"self":[{"href":"https:\/\/agronoticias.es\/de\/wp-json\/wp\/v2\/posts\/3753","targetHints":{"allow":["GET"]}}],"collection":[{"href":"https:\/\/agronoticias.es\/de\/wp-json\/wp\/v2\/posts"}],"about":[{"href":"https:\/\/agronoticias.es\/de\/wp-json\/wp\/v2\/types\/post"}],"author":[{"embeddable":true,"href":"https:\/\/agronoticias.es\/de\/wp-json\/wp\/v2\/users\/1"}],"replies":[{"embeddable":true,"href":"https:\/\/agronoticias.es\/de\/wp-json\/wp\/v2\/comments?post=3753"}],"version-history":[{"count":1,"href":"https:\/\/agronoticias.es\/de\/wp-json\/wp\/v2\/posts\/3753\/revisions"}],"predecessor-version":[{"id":3754,"href":"https:\/\/agronoticias.es\/de\/wp-json\/wp\/v2\/posts\/3753\/revisions\/3754"}],"wp:featuredmedia":[{"embeddable":true,"href":"https:\/\/agronoticias.es\/de\/wp-json\/wp\/v2\/media\/3725"}],"wp:attachment":[{"href":"https:\/\/agronoticias.es\/de\/wp-json\/wp\/v2\/media?parent=3753"}],"wp:term":[{"taxonomy":"category","embeddable":true,"href":"https:\/\/agronoticias.es\/de\/wp-json\/wp\/v2\/categories?post=3753"},{"taxonomy":"post_tag","embeddable":true,"href":"https:\/\/agronoticias.es\/de\/wp-json\/wp\/v2\/tags?post=3753"}],"curies":[{"name":"wp","href":"https:\/\/api.w.org\/{rel}","templated":true}]}}