{"id":3740,"date":"2026-04-23T11:50:53","date_gmt":"2026-04-23T09:50:53","guid":{"rendered":"https:\/\/agronoticias.es\/de\/?p=3740"},"modified":"2026-04-23T11:58:01","modified_gmt":"2026-04-23T09:58:01","slug":"spanien-peris-macht-fortschritte-in-der-kreislaufwirtschaft-durch-die-gewinnung-von-bromelain","status":"publish","type":"post","link":"https:\/\/agronoticias.es\/de\/spanien-peris-macht-fortschritte-in-der-kreislaufwirtschaft-durch-die-gewinnung-von-bromelain\/","title":{"rendered":"Peris macht Fortschritte in der Kreislaufwirtschaft durch die Gewinnung von Bromelain"},"content":{"rendered":"\n<p>Vicente Peris, Foios\/Valencia, setzt seine Strategie zur Reduzierung von Lebensmittelabf\u00e4llen und zur Verwertung von Nebenprodukten weiter fort mit der Entwicklung eines Projekts zur Gewinnung von hochwertigem Bromelain aus den Ananasstr\u00fcnken, die in seiner Convenience-Linie anfallen. Nach Angaben des Unternehmens erm\u00f6glicht diese Initiative, einen normalen Abfallstoff aus der Obstverarbeitung in ein Nahrungserg\u00e4nzungsmittel und funktionelles Lebensmittel umzuwandeln, das f\u00fcr Anwendungen im pharmazeutischen Bereich der Ern\u00e4hrung und Gesundheit bestimmt ist.<\/p>\n\n\n\n<p><a><\/a>Bei der Verarbeitung von Ananas wird der harte Fruchtkern aus dem verzehrfertigen Endprodukt entfernt. Traditionell wurde dieses Nebenprodukt nur f\u00fcr geringwertige Zwecke verwendet oder war f\u00fcr andere sekund\u00e4re Anwendungen wie die Saftindustrie oder Viehzucht bestimmt. Peris generiert j\u00e4hrlich etwa 20.000 kg Ananasstr\u00fcnke.<\/p>\n\n\n\n<p>Mit diesem Projekt, so Peris, geht das Unternehmen in der Kreislaufwirtschaft einen Schritt weiter und verwandelt diesen Abfall in einen n\u00fctzlichen Rohstoff f\u00fcr die Gewinnung von Bromelain, einem Enzym, das nat\u00fcrlicherweise in Ananas vorkommt und dessen positive Wirkung auf die Verdauung allgemein anerkannt ist. Dieser Fortschritt reiht sich in die Arbeitslinie ein, die das Unternehmen in den letzten Jahren verfolgt hat und die auf der vollst\u00e4ndigen Verwertung des Produkts sowie der Zusammenarbeit mit Technologieunternehmen und Universit\u00e4ten basiert.<\/p>\n\n\n\n<p><img fetchpriority=\"high\" decoding=\"async\" width=\"800\" height=\"600\" class=\"wp-image-3743\" style=\"width: 800px;\" src=\"https:\/\/agronoticias.es\/de\/wp-content\/uploads\/2026\/04\/extraccion-corazon-pina-peris-01.jpg\" alt=\"\" srcset=\"https:\/\/agronoticias.es\/de\/wp-content\/uploads\/2026\/04\/extraccion-corazon-pina-peris-01.jpg 800w, https:\/\/agronoticias.es\/de\/wp-content\/uploads\/2026\/04\/extraccion-corazon-pina-peris-01-300x225.jpg 300w, https:\/\/agronoticias.es\/de\/wp-content\/uploads\/2026\/04\/extraccion-corazon-pina-peris-01-768x576.jpg 768w\" sizes=\"(max-width: 800px) 100vw, 800px\" \/><\/p>\n\n\n\n<p>Eine der gr\u00f6\u00dften Herausforderungen des Projekts bestand darin, die Wirksamkeit des Bromelains ab dem Zeitpunkt der Verarbeitung der Fr\u00fcchte zu erhalten. Es handelt sich um ein besonders empfindliches Enzym, dessen Abbau unmittelbar nach dem Aufschneiden beginnt, wenn nicht schnell und kontrolliert gehandelt wird.<\/p>\n\n\n\n<p>Peris erkl\u00e4rte, dass zu diesem Zweck ein komplexer Standardarbeitsablauf entwickelt wurde, der verschiedene Phasen umfasst und mit der Stabilisierung des Ananaskerns im Reinraum des Unternehmens beginnt, um dessen Oxidation zu bremsen. Der n\u00e4chste Schritt, die Extraktion des Bromelins, erfolgt mittels pharmazeutischer Gefriertrocknung (Lyophilisierung), um Wasser zu entfernen und eine h\u00f6here Konzentration zu erzielen. Anschlie\u00dfend erfolgt die Extraktion in einem zertifizierten Labor unter Verwendung von Verfahren, die die Integrit\u00e4t des Wirkstoffs bewahren und dessen endg\u00fcltige Reinheit gew\u00e4hrleisten. Das Ergebnis ist ein Extrakt mit 500 GDU \u2013 ein Wert, der eine hohe Enzymaktivit\u00e4t und eine tats\u00e4chliche Haltbarkeit von mindestens f\u00fcnf Jahren garantiert. Er wird unter kontrollierten Standards und mit kompletter R\u00fcckverfolgbarkeit gewonnen, wodurch er sich von anderen Produkten auf dem Markt unterscheidet, die aus weniger kontrollierten und gepr\u00fcften Quellen stammen.<\/p>\n\n\n\n<p>Diese Entwicklung entspricht einem Innovationsverst\u00e4ndnis, das eng mit dem Gesch\u00e4ftsalltag von Peris verbunden ist: Dabei geht es darum, Verbesserungspotenziale im Produktionsprozess zu identifizieren und L\u00f6sungen zu entwickeln, die einen Mehrwert \u00fcber das Endprodukt hinaus bieten. In diesem Fall tr\u00e4gt das Projekt nicht nur zur Abfallreduzierung bei, sondern er\u00f6ffnet auch neue Verwertungsm\u00f6glichkeiten f\u00fcr Subprodukte im Conveniencebereich und entspricht damit den Markttrends hin zu nachhaltigeren, effizienteren Produkten mit h\u00f6herem Funktionsanteil.<\/p>\n\n\n\n<p>Alberto Monta\u00f1a, Generaldirektor von Vicente Peris erkl\u00e4rte: \u201eUnser kurz-, mittel- und langfristiges Ziel ist es, aus Gr\u00fcnden der Verantwortung jeden Rohstoff, der in unsere Anlagen gelangt, optimal zu nutzen. Projekte dieser Art erm\u00f6glichen es uns, auf ein effizienteres und nachhaltigeres Modell hinzuarbeiten, ohne dabei die Qualit\u00e4t und Sorgfalt aus den Augen zu verlieren, die wir in all unseren Prozessen anwenden und die uns sowohl in der Branche als auch auf dem Markt auszeichnen\u201c.Quelle und Fotos: Vicente Peris <\/p>\n","protected":false},"excerpt":{"rendered":"<p>Vicente Peris, Foios\/Valencia, setzt seine Strategie zur Reduzierung von Lebensmittelabf\u00e4llen und zur Verwertung von Nebenprodukten weiter fort mit<\/p>\n","protected":false},"author":1,"featured_media":3741,"comment_status":"closed","ping_status":"closed","sticky":false,"template":"","format":"standard","meta":{"footnotes":""},"categories":[34],"tags":[],"class_list":["post-3740","post","type-post","status-publish","format-standard","has-post-thumbnail","hentry","category-allgemein"],"featured_image_urls":{"full":["https:\/\/agronoticias.es\/de\/wp-content\/uploads\/2026\/04\/bromelina-peris.jpg",800,599,false],"thumbnail":["https:\/\/agronoticias.es\/de\/wp-content\/uploads\/2026\/04\/bromelina-peris-150x150.jpg",150,150,true],"medium":["https:\/\/agronoticias.es\/de\/wp-content\/uploads\/2026\/04\/bromelina-peris-300x225.jpg",300,225,true],"medium_large":["https:\/\/agronoticias.es\/de\/wp-content\/uploads\/2026\/04\/bromelina-peris-768x575.jpg",640,479,true],"large":["https:\/\/agronoticias.es\/de\/wp-content\/uploads\/2026\/04\/bromelina-peris.jpg",640,479,false],"1536x1536":["https:\/\/agronoticias.es\/de\/wp-content\/uploads\/2026\/04\/bromelina-peris.jpg",800,599,false],"2048x2048":["https:\/\/agronoticias.es\/de\/wp-content\/uploads\/2026\/04\/bromelina-peris.jpg",800,599,false],"morenews-large":["https:\/\/agronoticias.es\/de\/wp-content\/uploads\/2026\/04\/bromelina-peris-800x575.jpg",800,575,true],"morenews-medium":["https:\/\/agronoticias.es\/de\/wp-content\/uploads\/2026\/04\/bromelina-peris-590x410.jpg",590,410,true]},"author_info":{"display_name":"admin","author_link":"https:\/\/agronoticias.es\/de\/author\/admin\/"},"category_info":"<a href=\"https:\/\/agronoticias.es\/de\/category\/allgemein\/\" rel=\"category tag\">Allgemein<\/a>","tag_info":"Allgemein","comment_count":"0","_links":{"self":[{"href":"https:\/\/agronoticias.es\/de\/wp-json\/wp\/v2\/posts\/3740","targetHints":{"allow":["GET"]}}],"collection":[{"href":"https:\/\/agronoticias.es\/de\/wp-json\/wp\/v2\/posts"}],"about":[{"href":"https:\/\/agronoticias.es\/de\/wp-json\/wp\/v2\/types\/post"}],"author":[{"embeddable":true,"href":"https:\/\/agronoticias.es\/de\/wp-json\/wp\/v2\/users\/1"}],"replies":[{"embeddable":true,"href":"https:\/\/agronoticias.es\/de\/wp-json\/wp\/v2\/comments?post=3740"}],"version-history":[{"count":5,"href":"https:\/\/agronoticias.es\/de\/wp-json\/wp\/v2\/posts\/3740\/revisions"}],"predecessor-version":[{"id":3748,"href":"https:\/\/agronoticias.es\/de\/wp-json\/wp\/v2\/posts\/3740\/revisions\/3748"}],"wp:featuredmedia":[{"embeddable":true,"href":"https:\/\/agronoticias.es\/de\/wp-json\/wp\/v2\/media\/3741"}],"wp:attachment":[{"href":"https:\/\/agronoticias.es\/de\/wp-json\/wp\/v2\/media?parent=3740"}],"wp:term":[{"taxonomy":"category","embeddable":true,"href":"https:\/\/agronoticias.es\/de\/wp-json\/wp\/v2\/categories?post=3740"},{"taxonomy":"post_tag","embeddable":true,"href":"https:\/\/agronoticias.es\/de\/wp-json\/wp\/v2\/tags?post=3740"}],"curies":[{"name":"wp","href":"https:\/\/api.w.org\/{rel}","templated":true}]}}