{"id":3735,"date":"2026-04-23T11:49:40","date_gmt":"2026-04-23T09:49:40","guid":{"rendered":"https:\/\/agronoticias.es\/de\/?p=3735"},"modified":"2026-04-23T11:50:07","modified_gmt":"2026-04-23T09:50:07","slug":"spanien-eudoxia-de-la-pena-ist-neue-marketingleiterin-bei-bollo-natural-fruit","status":"publish","type":"post","link":"https:\/\/agronoticias.es\/de\/spanien-eudoxia-de-la-pena-ist-neue-marketingleiterin-bei-bollo-natural-fruit\/","title":{"rendered":"Spanien &#8211; Eudoxia de la Pe\u00f1a ist neue Marketingleiterin bei Bollo Natural Fruit"},"content":{"rendered":"\n<p>Bollo Natural Fruit, eines der f\u00fchrenden spanischen Unternehmen im Agrarlebensmittelsektor hat Eudoxia de la Pe\u00f1a zur neuen Marketingleiterin ernannt. Die F\u00fchrungskraft, die \u00fcber mehr als 20 Jahre Erfahrung im Konsumbereich verf\u00fcgt, \u00fcbernimmt nach Informationen von Bollo Natural Fruit diese neue Position nach einer erfolgreichen Karriere bei renommierten Unternehmen der Branche wie Grupo Hero, Juver, Grupo Bonduelle und Calconut.<\/p>\n\n\n\n<p>Unternehmen, in denen sie Projekte in den Bereichen Wachstum, Innovation und Transformation geleitet hat, wobei sie direkt f\u00fcr das Produktportfolio Markeinf\u00fchrung, Preisgestaltung, Markenpositionierung und Teamleitung im nationalen und internationalen Umfeld verantwortlich war. Hinzu kommt ihre fundierte Erfahrung in Forschung, Entwicklung und Vertrieb, wo sie die Trends bei Konsum, Gesundheit und Nachhaltigkeit auf die Bed\u00fcrfnisse des Marktes und der heutigen Verbraucher angepasst hat.<\/p>\n\n\n\n<p>Die Bekanntgabe dieser Ernennung f\u00e4llt mit einem wichtigen Zeitpunkt f\u00fcr Bollo Natural Fruit zusammen, das in den letzten Monaten eine Reihe strategischer Schritte unternommen hat, um seine Position als eines der f\u00fchrenden Unternehmen auf dem Markt f\u00fcr Frischobst sowohl im Inland als auch im Ausland weiter zu festigen. Nach eigenen Angaben hat das Unternehmen sein Portfolio um tropische Fr\u00fcchte wie Ananas erweitert; ist mit seinen f\u00fchrenden Marken (Bollo und Bru\u00f1\u00f3) in das Segment Convenienceprodukte eingestiegen, um auf immer wichtiger werdende Trends wie Convenience und einfachen Verzehr im Alltag zu reagieren, und hat das Image seiner Leitmarke Bollo erneuert, um sie an mehr Formate und Umgebungen anzupassen und neue Zielgruppen anzusprechen.<br>\u201eIch \u00fcbernehme diese neue Position mit gro\u00dfer Motivation und dem Bewusstsein, weiterhin starke, relevante und verbrauchernahe Marken aufzubauen. \u00dcber unsere Premium-Positionierung hinaus, die auf der Qualit\u00e4t und dem Geschmack unserer Fr\u00fcchte basiert, m\u00fcssen wir das hervorheben, was dahinter steht: eine neue Art der Landwirtschaft, ein Bekenntnis zur Nachhaltigkeit und ein hundertj\u00e4hriges Erbe, das sich weiterentwickelt und auf Markttrends reagiert\u201c, erkl\u00e4rte Eudoxia de la Pe\u00f1a und f\u00fchrte weiter aus:\u201eDer Agrarlebensmittelsektor hat zudem einen direkten Einfluss auf das Leben und das Wohlbefinden der Menschen, und im Marketingbereich haben wir die M\u00f6glichkeit, den Verbrauchern den wahren Wert dessen n\u00e4herzubringen, was wir jeden Tag tun\u201c. Quelle und Foto: Bollo Natural Fruit<\/p>\n\n\n\n<p><\/p>\n","protected":false},"excerpt":{"rendered":"<p>Bollo Natural Fruit, eines der f\u00fchrenden spanischen Unternehmen im Agrarlebensmittelsektor hat Eudoxia de la Pe\u00f1a zur neuen Marketingleiterin<\/p>\n","protected":false},"author":1,"featured_media":3736,"comment_status":"closed","ping_status":"closed","sticky":false,"template":"","format":"standard","meta":{"footnotes":""},"categories":[34],"tags":[],"class_list":["post-3735","post","type-post","status-publish","format-standard","has-post-thumbnail","hentry","category-allgemein"],"featured_image_urls":{"full":["https:\/\/agronoticias.es\/de\/wp-content\/uploads\/2026\/04\/euxodiabollo.jpg",800,527,false],"thumbnail":["https:\/\/agronoticias.es\/de\/wp-content\/uploads\/2026\/04\/euxodiabollo-150x150.jpg",150,150,true],"medium":["https:\/\/agronoticias.es\/de\/wp-content\/uploads\/2026\/04\/euxodiabollo-300x198.jpg",300,198,true],"medium_large":["https:\/\/agronoticias.es\/de\/wp-content\/uploads\/2026\/04\/euxodiabollo-768x506.jpg",640,422,true],"large":["https:\/\/agronoticias.es\/de\/wp-content\/uploads\/2026\/04\/euxodiabollo.jpg",640,422,false],"1536x1536":["https:\/\/agronoticias.es\/de\/wp-content\/uploads\/2026\/04\/euxodiabollo.jpg",800,527,false],"2048x2048":["https:\/\/agronoticias.es\/de\/wp-content\/uploads\/2026\/04\/euxodiabollo.jpg",800,527,false],"morenews-large":["https:\/\/agronoticias.es\/de\/wp-content\/uploads\/2026\/04\/euxodiabollo.jpg",800,527,false],"morenews-medium":["https:\/\/agronoticias.es\/de\/wp-content\/uploads\/2026\/04\/euxodiabollo-590x410.jpg",590,410,true]},"author_info":{"display_name":"admin","author_link":"https:\/\/agronoticias.es\/de\/author\/admin\/"},"category_info":"<a href=\"https:\/\/agronoticias.es\/de\/category\/allgemein\/\" rel=\"category tag\">Allgemein<\/a>","tag_info":"Allgemein","comment_count":"0","_links":{"self":[{"href":"https:\/\/agronoticias.es\/de\/wp-json\/wp\/v2\/posts\/3735","targetHints":{"allow":["GET"]}}],"collection":[{"href":"https:\/\/agronoticias.es\/de\/wp-json\/wp\/v2\/posts"}],"about":[{"href":"https:\/\/agronoticias.es\/de\/wp-json\/wp\/v2\/types\/post"}],"author":[{"embeddable":true,"href":"https:\/\/agronoticias.es\/de\/wp-json\/wp\/v2\/users\/1"}],"replies":[{"embeddable":true,"href":"https:\/\/agronoticias.es\/de\/wp-json\/wp\/v2\/comments?post=3735"}],"version-history":[{"count":2,"href":"https:\/\/agronoticias.es\/de\/wp-json\/wp\/v2\/posts\/3735\/revisions"}],"predecessor-version":[{"id":3739,"href":"https:\/\/agronoticias.es\/de\/wp-json\/wp\/v2\/posts\/3735\/revisions\/3739"}],"wp:featuredmedia":[{"embeddable":true,"href":"https:\/\/agronoticias.es\/de\/wp-json\/wp\/v2\/media\/3736"}],"wp:attachment":[{"href":"https:\/\/agronoticias.es\/de\/wp-json\/wp\/v2\/media?parent=3735"}],"wp:term":[{"taxonomy":"category","embeddable":true,"href":"https:\/\/agronoticias.es\/de\/wp-json\/wp\/v2\/categories?post=3735"},{"taxonomy":"post_tag","embeddable":true,"href":"https:\/\/agronoticias.es\/de\/wp-json\/wp\/v2\/tags?post=3735"}],"curies":[{"name":"wp","href":"https:\/\/api.w.org\/{rel}","templated":true}]}}