{"id":3732,"date":"2026-04-17T10:49:38","date_gmt":"2026-04-17T08:49:38","guid":{"rendered":"https:\/\/agronoticias.es\/de\/?p=3732"},"modified":"2026-04-17T10:49:39","modified_gmt":"2026-04-17T08:49:39","slug":"spanien-murcia-erwartet-ausgewogene-steinobstsaison","status":"publish","type":"post","link":"https:\/\/agronoticias.es\/de\/spanien-murcia-erwartet-ausgewogene-steinobstsaison\/","title":{"rendered":"Spanien \u2013 Murcia erwartet ausgewogene Steinobstsaison"},"content":{"rendered":"\n<p>Nach Informationen der Agrarorganisation ASAJA Murcia erwartet der Sektor eine produktive und ausgeglichene Steinobstsaison 2026 mit Fr\u00fcchten von hoher Qualit\u00e4t. Gleichzeitig hob sie die Bedeutung der Internationalisierung der Branche hervor, um ihre Position auf den Auslandsm\u00e4rkten zu festigen.<\/p>\n\n\n\n<p>Laut Asaja-Murcia haben die Wetterbedingungen im Herbst und Winter, mit Niederschlagsmengen zwischen 150 und 200 l\/qm und eine h\u00f6here Zahl von K\u00e4ltestunden, zu einer gleichm\u00e4\u00dfigeren Bl\u00fcte und einem guten Fruchtansatz gef\u00fchrt. Das l\u00e4sst nach mehreren Jahren mit Wetterproblemen und Wasserknappheit auf eine stabilere Kampagne hoffen. Die Saison wird voraussichtlich Mitte April mit den fr\u00fchen Aprikosensorten beginnen, gefolgt von Pfirsichen, Nektarinen, Paraguayos und Platerinen.<\/p>\n\n\n\n<p>Die Organisation betonte, dass sich Murcia erneut als europ\u00e4ischer Ma\u00dfstab f\u00fcr fr\u00fches Steinobst positionieren wird, dank eines besonders g\u00fcnstigen Absatzzeitraums zwischen April und Juni, der es erm\u00f6glicht, eine Phase mit geringerer Konkurrenz auf den internationalen M\u00e4rkten zu nutzen.<\/p>\n\n\n\n<p>Zu Beginn der Saison rechnet man mit stabilen Preisen deren Entwicklung jedoch von den Wetterbedingungen in den Bestimmungsl\u00e4ndern sowie von \u00dcberschneidungen mit anderen Anbaugebieten abh\u00e4ngen wird.<\/p>\n\n\n\n<p> Trotz der guten Aussichten weist die Organisation darauf hin, dass die Saison weiterhin verschiedenen Risikofaktoren ausgesetzt ist, darunter Hagel, hohe Temperaturen im Fr\u00fchjahr, struktureller Wassermangel, steigende Produktionskosten sowie Arbeitskr\u00e4ftemangel. <\/p>\n","protected":false},"excerpt":{"rendered":"<p>Nach Informationen der Agrarorganisation ASAJA Murcia erwartet der Sektor eine produktive und ausgeglichene Steinobstsaison 2026 mit Fr\u00fcchten von<\/p>\n","protected":false},"author":1,"featured_media":3733,"comment_status":"closed","ping_status":"closed","sticky":false,"template":"","format":"standard","meta":{"footnotes":""},"categories":[34],"tags":[],"class_list":["post-3732","post","type-post","status-publish","format-standard","has-post-thumbnail","hentry","category-allgemein"],"featured_image_urls":{"full":["https:\/\/agronoticias.es\/de\/wp-content\/uploads\/2026\/04\/fruta-de-huesol-768x432-1.jpg",768,432,false],"thumbnail":["https:\/\/agronoticias.es\/de\/wp-content\/uploads\/2026\/04\/fruta-de-huesol-768x432-1-150x150.jpg",150,150,true],"medium":["https:\/\/agronoticias.es\/de\/wp-content\/uploads\/2026\/04\/fruta-de-huesol-768x432-1-300x169.jpg",300,169,true],"medium_large":["https:\/\/agronoticias.es\/de\/wp-content\/uploads\/2026\/04\/fruta-de-huesol-768x432-1.jpg",640,360,false],"large":["https:\/\/agronoticias.es\/de\/wp-content\/uploads\/2026\/04\/fruta-de-huesol-768x432-1.jpg",640,360,false],"1536x1536":["https:\/\/agronoticias.es\/de\/wp-content\/uploads\/2026\/04\/fruta-de-huesol-768x432-1.jpg",768,432,false],"2048x2048":["https:\/\/agronoticias.es\/de\/wp-content\/uploads\/2026\/04\/fruta-de-huesol-768x432-1.jpg",768,432,false],"morenews-large":["https:\/\/agronoticias.es\/de\/wp-content\/uploads\/2026\/04\/fruta-de-huesol-768x432-1.jpg",768,432,false],"morenews-medium":["https:\/\/agronoticias.es\/de\/wp-content\/uploads\/2026\/04\/fruta-de-huesol-768x432-1-590x410.jpg",590,410,true]},"author_info":{"display_name":"admin","author_link":"https:\/\/agronoticias.es\/de\/author\/admin\/"},"category_info":"<a href=\"https:\/\/agronoticias.es\/de\/category\/allgemein\/\" rel=\"category tag\">Allgemein<\/a>","tag_info":"Allgemein","comment_count":"0","_links":{"self":[{"href":"https:\/\/agronoticias.es\/de\/wp-json\/wp\/v2\/posts\/3732","targetHints":{"allow":["GET"]}}],"collection":[{"href":"https:\/\/agronoticias.es\/de\/wp-json\/wp\/v2\/posts"}],"about":[{"href":"https:\/\/agronoticias.es\/de\/wp-json\/wp\/v2\/types\/post"}],"author":[{"embeddable":true,"href":"https:\/\/agronoticias.es\/de\/wp-json\/wp\/v2\/users\/1"}],"replies":[{"embeddable":true,"href":"https:\/\/agronoticias.es\/de\/wp-json\/wp\/v2\/comments?post=3732"}],"version-history":[{"count":1,"href":"https:\/\/agronoticias.es\/de\/wp-json\/wp\/v2\/posts\/3732\/revisions"}],"predecessor-version":[{"id":3734,"href":"https:\/\/agronoticias.es\/de\/wp-json\/wp\/v2\/posts\/3732\/revisions\/3734"}],"wp:featuredmedia":[{"embeddable":true,"href":"https:\/\/agronoticias.es\/de\/wp-json\/wp\/v2\/media\/3733"}],"wp:attachment":[{"href":"https:\/\/agronoticias.es\/de\/wp-json\/wp\/v2\/media?parent=3732"}],"wp:term":[{"taxonomy":"category","embeddable":true,"href":"https:\/\/agronoticias.es\/de\/wp-json\/wp\/v2\/categories?post=3732"},{"taxonomy":"post_tag","embeddable":true,"href":"https:\/\/agronoticias.es\/de\/wp-json\/wp\/v2\/tags?post=3732"}],"curies":[{"name":"wp","href":"https:\/\/api.w.org\/{rel}","templated":true}]}}