{"id":3727,"date":"2026-03-27T12:44:48","date_gmt":"2026-03-27T11:44:48","guid":{"rendered":"https:\/\/agronoticias.es\/de\/?p=3727"},"modified":"2026-03-27T12:44:49","modified_gmt":"2026-03-27T11:44:49","slug":"anecoop-feiert-sein-50-jahriges-jubilaum","status":"publish","type":"post","link":"https:\/\/agronoticias.es\/de\/anecoop-feiert-sein-50-jahriges-jubilaum\/","title":{"rendered":"ANECOOP feiert sein 50-j\u00e4hriges Jubil\u00e4um"},"content":{"rendered":"\n<p> <\/p>\n\n\n\n<p>Anecoop, f\u00fchrende spanische Agrargenossenschaft in der Obst- und Gem\u00fcse-Vermarktung, hat am 26. M\u00e4rz ihr 50-j\u00e4hriges Jubil\u00e4um im Auditorium des Palau de Les Arts Reina Sofia in der Ciudad de las Artes y las Ciencias von&nbsp; Valencia gefeiert. In einer emontionalen Rede betonten der Pr\u00e4sident, Alejandro Monz\u00f3n, und der Generaldirektor, Joan Mir, \u00fcbereinstimmend: \u201eWir feiern ein halbes Jahrhundert Geschichte und gemeinsame Werte, Zusammenhalt, kollektive Anstrengungen und ein tiefes Engagement f\u00fcr die Landwirtschaft, f\u00fcr das Land und f\u00fcr die Menschen.\u201c<\/p>\n\n\n\n<p class=\"has-text-align-center\"> <img fetchpriority=\"high\" decoding=\"async\" width=\"800\" height=\"531\" class=\"wp-image-3729\" style=\"width: 800px;\" src=\"https:\/\/agronoticias.es\/de\/wp-content\/uploads\/2026\/03\/Consejo-Rector-y-Comite-de-Direccionl.jpg\" alt=\"\" srcset=\"https:\/\/agronoticias.es\/de\/wp-content\/uploads\/2026\/03\/Consejo-Rector-y-Comite-de-Direccionl.jpg 800w, https:\/\/agronoticias.es\/de\/wp-content\/uploads\/2026\/03\/Consejo-Rector-y-Comite-de-Direccionl-300x199.jpg 300w, https:\/\/agronoticias.es\/de\/wp-content\/uploads\/2026\/03\/Consejo-Rector-y-Comite-de-Direccionl-768x510.jpg 768w\" sizes=\"(max-width: 800px) 100vw, 800px\" \/><\/p>\n\n\n\n<p>Mehr als 850 G\u00e4ste nahmen an der Veranstaltung teil, um f\u00fcnf Jahrzehnte Unternehmensgeschichte zu feiern und die vor allem der Anerkennung und dem Dank an all jene gewidmet war, die seit der Gr\u00fcndung in 1975 die Entwicklung von Anecoop zu einer internationalen Referenz des genossenschaftlichen Agrar- und Lebensmittelwesens erm\u00f6glicht haben: Gr\u00fcnder, Mitglieder des Verwaltungsrats (aktuelle und ehemalige), Partnerorganisationen, Landwirtinnen und Landwirte, Fachteams der Anecoop-Gruppe, Lieferanten, Mitarbeiter, Organisationen und Institutionen aus dem Agrar- und Lebensmittelsektor sowie aus Wissenschaft, Forschung und der Medien.<\/p>\n\n\n\n<p>An sie alle richtete sich der Pr\u00e4sident von Anecoop, Alejandro Monz\u00f3n, mit den Worten: \u201eDanke, dass ihr an dieses Projekt glaubt. Danke, dass ihr an die St\u00e4rke des Genossenschaftswesens glaubt.\u201c Mit Blick auf die Zukunft betonte er: \u201eHeute bauen wir gemeinsam weiter an dem, was andere fortsetzen werden. Aus der Gemeinsamkeit heraus, die vervielfacht, sch\u00fctzt, vorantreibt und die Zukunft sichert. Denn wenn Anecoop sich weiter entwickelt, entwickeln sich der ganze Sektor und seine Menschen, &nbsp;unser Daseinsgrund, weiter.\u201c<\/p>\n\n\n\n<p>Joan Mir, Generaldirektor von Anecoop, gab einen \u00dcberblick \u00fcber die Erfolge und wichtigsten Meilensteine in der f\u00fcnfzigj\u00e4hrigen Geschichte eines Unternehmens, das er als \u201eanpassungsf\u00e4hig, international ausgerichtet, diversifiziert, innovativ und \u00e4u\u00dferst widerstandsf\u00e4hig\u201c bezeichnete. Er beendete seine Rede, indem er den Fokus auf eine der gr\u00f6\u00dften Herausforderungen der Branche richtete, &nbsp;den Generationswechsel, und richtete seine letzten Worte an die J\u00fcngeren: \u201eIhr tragt die gro\u00dfe Verantwortung, die kommenden Generationen zu ern\u00e4hren. Wir brauchen eure Energie, eure Kreativit\u00e4t, euer Talent und eure F\u00e4higkeit zur Ver\u00e4nderung. Ihr seid die Zukunft. Unsere Geschichte liegt in euren H\u00e4nden.\u201c<\/p>\n\n\n\n<p>Seit seiner Gr\u00fcndung im Jahr 1975 ist Anecoop stetig gewachsen und hat sich als f\u00fchrender spanischer Obst- und Gem\u00fcseexporteur sowie als internationale Referenz im Agrargenossenschaftswesen etabliert. Das Unternehmen verf\u00fcgt \u00fcber ein homogenes Angebot in Bezug auf Volumen, Sortiment und Saison, ist in insgesamt 74 L\u00e4ndern vertreten und hat ein Portfolio von mehr als 90 Produkten im Angebot: Citrusfr\u00fcchte, Saisonobst \u2013 Sommer und Herbst \u2013, exotische Fr\u00fcchte, Gem\u00fcse sowohl aus Gew\u00e4chshaus- als auch aus Freilandanbau sowie S\u00e4fte, Gem\u00fcsekonserven, Blumen, Convenienceprodukte und Weine.<\/p>\n\n\n\n<p>Derzeit b\u00fcndelt, koordiniert und vermarktet das Unternehmen die Erzeugnisse von 61 Genossenschaften sowie Obst-, Gem\u00fcse- und Weinbaubetrieben und vertritt mehr als 20.000 spanische Landwirte, die \u00fcber 61.000 ha Anbaufl\u00e4che in ganz Spanien bewirtschaften, konkret in 13 Provinzen (Valencia, Castell\u00f3n, Alicante, Murcia, Almer\u00eda, C\u00e1diz, Sevilla, Huelva, Ciudad Real, Segovia, Valladolid, Navarra und Lleida). Die Struktur umfasst f\u00fcnf Niederlassungen in Spanien, zw\u00f6lf Tochtergesellschaften in acht L\u00e4ndern und zwei Logistikplattformen.<\/p>\n\n\n\n<p>Quelle und Fotos: Anecoop<\/p>\n","protected":false},"excerpt":{"rendered":"<p>Anecoop, f\u00fchrende spanische Agrargenossenschaft in der Obst- und Gem\u00fcse-Vermarktung, hat am 26. M\u00e4rz ihr 50-j\u00e4hriges Jubil\u00e4um im Auditorium<\/p>\n","protected":false},"author":1,"featured_media":3728,"comment_status":"closed","ping_status":"closed","sticky":false,"template":"","format":"standard","meta":{"footnotes":""},"categories":[34],"tags":[],"class_list":["post-3727","post","type-post","status-publish","format-standard","has-post-thumbnail","hentry","category-allgemein"],"featured_image_urls":{"full":["https:\/\/agronoticias.es\/de\/wp-content\/uploads\/2026\/03\/Alejandro-Monzon-Presidente-de-Anecoop-y-Joan-Mir-Director-General-de-Anecoopl.jpg",800,533,false],"thumbnail":["https:\/\/agronoticias.es\/de\/wp-content\/uploads\/2026\/03\/Alejandro-Monzon-Presidente-de-Anecoop-y-Joan-Mir-Director-General-de-Anecoopl-150x150.jpg",150,150,true],"medium":["https:\/\/agronoticias.es\/de\/wp-content\/uploads\/2026\/03\/Alejandro-Monzon-Presidente-de-Anecoop-y-Joan-Mir-Director-General-de-Anecoopl-300x200.jpg",300,200,true],"medium_large":["https:\/\/agronoticias.es\/de\/wp-content\/uploads\/2026\/03\/Alejandro-Monzon-Presidente-de-Anecoop-y-Joan-Mir-Director-General-de-Anecoopl-768x512.jpg",640,427,true],"large":["https:\/\/agronoticias.es\/de\/wp-content\/uploads\/2026\/03\/Alejandro-Monzon-Presidente-de-Anecoop-y-Joan-Mir-Director-General-de-Anecoopl.jpg",640,426,false],"1536x1536":["https:\/\/agronoticias.es\/de\/wp-content\/uploads\/2026\/03\/Alejandro-Monzon-Presidente-de-Anecoop-y-Joan-Mir-Director-General-de-Anecoopl.jpg",800,533,false],"2048x2048":["https:\/\/agronoticias.es\/de\/wp-content\/uploads\/2026\/03\/Alejandro-Monzon-Presidente-de-Anecoop-y-Joan-Mir-Director-General-de-Anecoopl.jpg",800,533,false],"morenews-large":["https:\/\/agronoticias.es\/de\/wp-content\/uploads\/2026\/03\/Alejandro-Monzon-Presidente-de-Anecoop-y-Joan-Mir-Director-General-de-Anecoopl.jpg",800,533,false],"morenews-medium":["https:\/\/agronoticias.es\/de\/wp-content\/uploads\/2026\/03\/Alejandro-Monzon-Presidente-de-Anecoop-y-Joan-Mir-Director-General-de-Anecoopl-590x410.jpg",590,410,true]},"author_info":{"display_name":"admin","author_link":"https:\/\/agronoticias.es\/de\/author\/admin\/"},"category_info":"<a href=\"https:\/\/agronoticias.es\/de\/category\/allgemein\/\" rel=\"category tag\">Allgemein<\/a>","tag_info":"Allgemein","comment_count":"0","_links":{"self":[{"href":"https:\/\/agronoticias.es\/de\/wp-json\/wp\/v2\/posts\/3727","targetHints":{"allow":["GET"]}}],"collection":[{"href":"https:\/\/agronoticias.es\/de\/wp-json\/wp\/v2\/posts"}],"about":[{"href":"https:\/\/agronoticias.es\/de\/wp-json\/wp\/v2\/types\/post"}],"author":[{"embeddable":true,"href":"https:\/\/agronoticias.es\/de\/wp-json\/wp\/v2\/users\/1"}],"replies":[{"embeddable":true,"href":"https:\/\/agronoticias.es\/de\/wp-json\/wp\/v2\/comments?post=3727"}],"version-history":[{"count":1,"href":"https:\/\/agronoticias.es\/de\/wp-json\/wp\/v2\/posts\/3727\/revisions"}],"predecessor-version":[{"id":3730,"href":"https:\/\/agronoticias.es\/de\/wp-json\/wp\/v2\/posts\/3727\/revisions\/3730"}],"wp:featuredmedia":[{"embeddable":true,"href":"https:\/\/agronoticias.es\/de\/wp-json\/wp\/v2\/media\/3728"}],"wp:attachment":[{"href":"https:\/\/agronoticias.es\/de\/wp-json\/wp\/v2\/media?parent=3727"}],"wp:term":[{"taxonomy":"category","embeddable":true,"href":"https:\/\/agronoticias.es\/de\/wp-json\/wp\/v2\/categories?post=3727"},{"taxonomy":"post_tag","embeddable":true,"href":"https:\/\/agronoticias.es\/de\/wp-json\/wp\/v2\/tags?post=3727"}],"curies":[{"name":"wp","href":"https:\/\/api.w.org\/{rel}","templated":true}]}}