{"id":3714,"date":"2026-03-18T10:37:38","date_gmt":"2026-03-18T09:37:38","guid":{"rendered":"https:\/\/agronoticias.es\/de\/?p=3714"},"modified":"2026-03-18T10:37:39","modified_gmt":"2026-03-18T09:37:39","slug":"mercadona-steigert-umsatz-in-2025-um-8-auf-41858-mrd-euro","status":"publish","type":"post","link":"https:\/\/agronoticias.es\/de\/mercadona-steigert-umsatz-in-2025-um-8-auf-41858-mrd-euro\/","title":{"rendered":"Mercadona steigert Umsatz in 2025 um 8 % auf 41,858 Mrd Euro"},"content":{"rendered":"\n<p><\/p>\n\n\n\n<p>Nach Informationen von Mercadona, hat das spanische Unternehmen mit physischen Superm\u00e4rkten und Online-Verkauf seinen konsolidierten Umsatz im Jahr 2025 um 8 % auf 41,858 Mrd Euro gesteigert. Davon entfallen 39,766 Mrd auf das Gesch\u00e4ft in Spanien und die restlichen 2,092 Mrd auf Portugal, wo Mercadona 69 der insgesamt 1.672 Filialen des Supermarktnetzes des Unternehmens betreibt. Ebenso hat das Unternehmen seinen Absatz in Kilolitern (Kilogramm-Liter) um 4 % auf 15,067 Mrd gesteigert.<\/p>\n\n\n\n<p>Dieses Umsatzwachstum in Volumen und Euro war m\u00f6glich dank des spanischen Unternehmers und Pr\u00e4sidenten von Mercadona, Juan Roig, der jeden Tag mehr Vertrauen in das Unternehmen setzt, um seinen gesamten Einkauf zu t\u00e4tigen. Beweis daf\u00fcr ist der Anstieg des Marktanteils um 0,6 % auf 28,5 % &nbsp;dank der Bem\u00fchungen von 115.000 Personen, den Kunden ein gro\u00dfartiges Einkaufserlebnis zu bieten, sowie der 2.000 Lieferanten, die ihr Engagement f\u00fcr die Verbesserung der Qualit\u00e4t verst\u00e4rkt haben, um ein immer effizienteres Sortiment anzubieten.<\/p>\n\n\n\n<p>Prognose f\u00fcr 2026<\/p>\n\n\n\n<p>Das Unternehmen plant, im laufenden Gesch\u00e4ftsjahr mehr als 1 Mrd Euro zu investieren, um neben der Weiterentwicklung seines Supermarktmodells &nbsp;\u201eTienda 9\u201d auch seine Logistikzentren zu erweitern und zu renovieren. Ziel ist es, seine technologische Innovation mit der Er\u00f6ffnung weiterer auf Online-Verkauf spezialisierte Logistikzentren und der Einf\u00fchrung von IT-Anwendungen und -Tools zur Verbesserung der verschiedenen Schl\u00fcsselprozesse des Unternehmens entschlossen voranzutreiben.<\/p>\n\n\n\n<p>\u00a0Dar\u00fcber hinaus plant das Unternehmen die Schaffung von mehr als 1.000 Arbeitspl\u00e4tzen, eine Umsatzsteigerung um 3,5 % auf 43,2 Mes Euro und die Konsolidierung eines \u00e4hnlichen Gewinns wie im letzten Gesch\u00e4ftsjahr. Quelle und Foto: Mercadona<\/p>\n","protected":false},"excerpt":{"rendered":"<p>Nach Informationen von Mercadona, hat das spanische Unternehmen mit physischen Superm\u00e4rkten und Online-Verkauf seinen konsolidierten Umsatz im Jahr<\/p>\n","protected":false},"author":1,"featured_media":3715,"comment_status":"closed","ping_status":"closed","sticky":false,"template":"","format":"standard","meta":{"footnotes":""},"categories":[34],"tags":[],"class_list":["post-3714","post","type-post","status-publish","format-standard","has-post-thumbnail","hentry","category-allgemein"],"featured_image_urls":{"full":["https:\/\/agronoticias.es\/de\/wp-content\/uploads\/2026\/03\/mercadona-presi.png",775,600,false],"thumbnail":["https:\/\/agronoticias.es\/de\/wp-content\/uploads\/2026\/03\/mercadona-presi-150x150.png",150,150,true],"medium":["https:\/\/agronoticias.es\/de\/wp-content\/uploads\/2026\/03\/mercadona-presi-300x232.png",300,232,true],"medium_large":["https:\/\/agronoticias.es\/de\/wp-content\/uploads\/2026\/03\/mercadona-presi-768x595.png",640,496,true],"large":["https:\/\/agronoticias.es\/de\/wp-content\/uploads\/2026\/03\/mercadona-presi.png",640,495,false],"1536x1536":["https:\/\/agronoticias.es\/de\/wp-content\/uploads\/2026\/03\/mercadona-presi.png",775,600,false],"2048x2048":["https:\/\/agronoticias.es\/de\/wp-content\/uploads\/2026\/03\/mercadona-presi.png",775,600,false],"morenews-large":["https:\/\/agronoticias.es\/de\/wp-content\/uploads\/2026\/03\/mercadona-presi-775x575.png",775,575,true],"morenews-medium":["https:\/\/agronoticias.es\/de\/wp-content\/uploads\/2026\/03\/mercadona-presi-590x410.png",590,410,true]},"author_info":{"display_name":"admin","author_link":"https:\/\/agronoticias.es\/de\/author\/admin\/"},"category_info":"<a href=\"https:\/\/agronoticias.es\/de\/category\/allgemein\/\" rel=\"category tag\">Allgemein<\/a>","tag_info":"Allgemein","comment_count":"0","_links":{"self":[{"href":"https:\/\/agronoticias.es\/de\/wp-json\/wp\/v2\/posts\/3714","targetHints":{"allow":["GET"]}}],"collection":[{"href":"https:\/\/agronoticias.es\/de\/wp-json\/wp\/v2\/posts"}],"about":[{"href":"https:\/\/agronoticias.es\/de\/wp-json\/wp\/v2\/types\/post"}],"author":[{"embeddable":true,"href":"https:\/\/agronoticias.es\/de\/wp-json\/wp\/v2\/users\/1"}],"replies":[{"embeddable":true,"href":"https:\/\/agronoticias.es\/de\/wp-json\/wp\/v2\/comments?post=3714"}],"version-history":[{"count":1,"href":"https:\/\/agronoticias.es\/de\/wp-json\/wp\/v2\/posts\/3714\/revisions"}],"predecessor-version":[{"id":3716,"href":"https:\/\/agronoticias.es\/de\/wp-json\/wp\/v2\/posts\/3714\/revisions\/3716"}],"wp:featuredmedia":[{"embeddable":true,"href":"https:\/\/agronoticias.es\/de\/wp-json\/wp\/v2\/media\/3715"}],"wp:attachment":[{"href":"https:\/\/agronoticias.es\/de\/wp-json\/wp\/v2\/media?parent=3714"}],"wp:term":[{"taxonomy":"category","embeddable":true,"href":"https:\/\/agronoticias.es\/de\/wp-json\/wp\/v2\/categories?post=3714"},{"taxonomy":"post_tag","embeddable":true,"href":"https:\/\/agronoticias.es\/de\/wp-json\/wp\/v2\/tags?post=3714"}],"curies":[{"name":"wp","href":"https:\/\/api.w.org\/{rel}","templated":true}]}}