{"id":3709,"date":"2026-03-18T10:34:35","date_gmt":"2026-03-18T09:34:35","guid":{"rendered":"https:\/\/agronoticias.es\/de\/?p=3709"},"modified":"2026-03-18T10:34:46","modified_gmt":"2026-03-18T09:34:46","slug":"spanien-jordi-portoles-neuer-international-commercial-coordinator-bei-agroponiente","status":"publish","type":"post","link":"https:\/\/agronoticias.es\/de\/spanien-jordi-portoles-neuer-international-commercial-coordinator-bei-agroponiente\/","title":{"rendered":"Spanien: Jordi Portol\u00e9s, neuer International Commercial Coordinator bei Agroponiente"},"content":{"rendered":"\n<p>Grupo Agroponiente hat nach eigenen Informationen Jordi Portol\u00e9s Peramo als International Commercial Coordinator eingestellt, eine strategische Position, die darauf abzielt, die Koordination, die Entwicklung und das kommerzielle Gesamtmanagement des Unternehmens zu st\u00e4rken.<\/p>\n\n\n\n<p>Mit einer \u00fcber 25-j\u00e4hrigen beruflichen Laufbahn in internationalen Organisationen der Agrarlebensmittelindustrie bringt Portol\u00e9s umfassende Erfahrung in den Bereichen Betriebsleitung, Projektentwicklung und F\u00fchrung von leistungsstarken Teams in gro\u00df angelegten Produktions- und Vertriebsbereichen mit.<\/p>\n\n\n\n<p>Im Laufe seiner Karriere hatte er F\u00fchrungspositionen bei f\u00fchrenden Unternehmen der Branche inne, darunter Biobest, wo er als Gesch\u00e4ftsf\u00fchrer f\u00fcr Spanien und Portugal t\u00e4tig war und das kommerzielle Wachstum sowie die logistische Optimierung des Unternehmens vorantrieb. Dar\u00fcber hinaus \u00fcbte er F\u00fchrungsaufgaben bei internationalen Unternehmen wie NatureSweet aus, wo er komplexe Produktionsabl\u00e4ufe mit Tausenden von Mitarbeitern und gro\u00dfen Anbaufl\u00e4chen leitete und zu erheblichen Verbesserungen in Bezug auf Effizienz, Qualit\u00e4t und Rentabilit\u00e4t beitrug.<\/p>\n\n\n\n<p>Portol\u00e9s verf\u00fcgt zudem \u00fcber Erfahrung in der internationalen Strategieberatung sowie in der Umsetzung von Prozessen zur organisatorischen Transformation, Digitalisierung und kontinuierlichen Verbesserung und beteiligt sich aktiv an Schulungs- und Mentoring-Initiativen im Bereich der Agrarwirtschaft.<\/p>\n\n\n\n<p>In seiner neuen Funktion bei Agroponiente wird er f\u00fcr die Koordination strategischer internationaler Handelsprojekte verantwortlich sein und dabei die Prozesse in den Bereichen Planung, Produktion, Logistik und Kundenservice optimieren, um die Position der Gruppe als f\u00fchrender Partner f\u00fcr den europ\u00e4ischen LEH weiter zu st\u00e4rken.<\/p>\n\n\n\n<p>Die Einstellung von Jordi Portol\u00e9s ist Teil der Strategie von Agroponiente, seine personelle Struktur und seine Kapazit\u00e4ten im internationalen Kundenmanagement weiter zu st\u00e4rken und so die operative Exzellenz sowie das nachhaltige Wachstum der Gruppe voranzutreiben. Quelle und Foto &#8211; agroponiente<\/p>\n","protected":false},"excerpt":{"rendered":"<p>Grupo Agroponiente hat nach eigenen Informationen Jordi Portol\u00e9s Peramo als International Commercial Coordinator eingestellt, eine strategische Position, die<\/p>\n","protected":false},"author":1,"featured_media":3710,"comment_status":"closed","ping_status":"closed","sticky":false,"template":"","format":"standard","meta":{"footnotes":""},"categories":[34],"tags":[],"class_list":["post-3709","post","type-post","status-publish","format-standard","has-post-thumbnail","hentry","category-allgemein"],"featured_image_urls":{"full":["https:\/\/agronoticias.es\/de\/wp-content\/uploads\/2026\/03\/agroponiente-portoles.png",1163,608,false],"thumbnail":["https:\/\/agronoticias.es\/de\/wp-content\/uploads\/2026\/03\/agroponiente-portoles-150x150.png",150,150,true],"medium":["https:\/\/agronoticias.es\/de\/wp-content\/uploads\/2026\/03\/agroponiente-portoles-300x157.png",300,157,true],"medium_large":["https:\/\/agronoticias.es\/de\/wp-content\/uploads\/2026\/03\/agroponiente-portoles-768x401.png",640,334,true],"large":["https:\/\/agronoticias.es\/de\/wp-content\/uploads\/2026\/03\/agroponiente-portoles-1024x535.png",640,334,true],"1536x1536":["https:\/\/agronoticias.es\/de\/wp-content\/uploads\/2026\/03\/agroponiente-portoles.png",1163,608,false],"2048x2048":["https:\/\/agronoticias.es\/de\/wp-content\/uploads\/2026\/03\/agroponiente-portoles.png",1163,608,false],"morenews-large":["https:\/\/agronoticias.es\/de\/wp-content\/uploads\/2026\/03\/agroponiente-portoles-825x575.png",825,575,true],"morenews-medium":["https:\/\/agronoticias.es\/de\/wp-content\/uploads\/2026\/03\/agroponiente-portoles-590x410.png",590,410,true]},"author_info":{"display_name":"admin","author_link":"https:\/\/agronoticias.es\/de\/author\/admin\/"},"category_info":"<a href=\"https:\/\/agronoticias.es\/de\/category\/allgemein\/\" rel=\"category tag\">Allgemein<\/a>","tag_info":"Allgemein","comment_count":"0","_links":{"self":[{"href":"https:\/\/agronoticias.es\/de\/wp-json\/wp\/v2\/posts\/3709","targetHints":{"allow":["GET"]}}],"collection":[{"href":"https:\/\/agronoticias.es\/de\/wp-json\/wp\/v2\/posts"}],"about":[{"href":"https:\/\/agronoticias.es\/de\/wp-json\/wp\/v2\/types\/post"}],"author":[{"embeddable":true,"href":"https:\/\/agronoticias.es\/de\/wp-json\/wp\/v2\/users\/1"}],"replies":[{"embeddable":true,"href":"https:\/\/agronoticias.es\/de\/wp-json\/wp\/v2\/comments?post=3709"}],"version-history":[{"count":2,"href":"https:\/\/agronoticias.es\/de\/wp-json\/wp\/v2\/posts\/3709\/revisions"}],"predecessor-version":[{"id":3713,"href":"https:\/\/agronoticias.es\/de\/wp-json\/wp\/v2\/posts\/3709\/revisions\/3713"}],"wp:featuredmedia":[{"embeddable":true,"href":"https:\/\/agronoticias.es\/de\/wp-json\/wp\/v2\/media\/3710"}],"wp:attachment":[{"href":"https:\/\/agronoticias.es\/de\/wp-json\/wp\/v2\/media?parent=3709"}],"wp:term":[{"taxonomy":"category","embeddable":true,"href":"https:\/\/agronoticias.es\/de\/wp-json\/wp\/v2\/categories?post=3709"},{"taxonomy":"post_tag","embeddable":true,"href":"https:\/\/agronoticias.es\/de\/wp-json\/wp\/v2\/tags?post=3709"}],"curies":[{"name":"wp","href":"https:\/\/api.w.org\/{rel}","templated":true}]}}