{"id":3684,"date":"2026-03-05T10:21:49","date_gmt":"2026-03-05T09:21:49","guid":{"rendered":"https:\/\/agronoticias.es\/de\/?p=3684"},"modified":"2026-03-05T10:22:01","modified_gmt":"2026-03-05T09:22:01","slug":"iran-krieg-konsumstimmung-konnte-sinken-lieferketten-bleiben-intakt","status":"publish","type":"post","link":"https:\/\/agronoticias.es\/de\/iran-krieg-konsumstimmung-konnte-sinken-lieferketten-bleiben-intakt\/","title":{"rendered":"Iran-Krieg: Konsumstimmung k\u00f6nnte sinken, Lieferketten bleiben intakt"},"content":{"rendered":"\n<p> <\/p>\n\n\n\n<p>Der Krieg im Iran k\u00f6nnte nach Einsch\u00e4tzung des Handelsverbandes Deutschland (HDE) die ohnehin schw\u00e4chelnde Konsumstimmung weiter negativ beeinflussen.<\/p>\n\n\n\n<p>\u201eDer Ausbruch eines Krieges wird wohl kaum positive Auswirkungen auf die Stimmung der Verbraucher haben. Die Verunsicherung durch die internationalen Krisen und Konflikte steigt immer weiter. Das ist Gift f\u00fcr den Konsum\u201c, so HDE-Hauptgesch\u00e4ftsf\u00fchrer Stefan Genth.<\/p>\n\n\n\n<p>Gleichzeitig h\u00e4lt der HDE die direkt sp\u00fcrbaren Auswirkungen des bewaffneten Konflikts in Nahost f\u00fcr zun\u00e4chst \u00fcberschaubar. \u201eAktuell sind die globalen Lieferketten des Einzelhandels nicht direkt betroffen. Ausnahmen k\u00f6nnen hier allenfalls Luftfrachtverkehre sein, die \u00fcber das Drehkreuz in den Golfstaaten geleitet werden und nun neue Flugrouten nutzen m\u00fcssen\u201c, so Genth weiter. Die gro\u00dfen Reedereien haben ihre Routen bereits seit den Angriffen der mit dem Iran verb\u00fcndeten Huthi-Rebellen im Jahr 2023 angepasst und fahren bevorzugt um die S\u00fcdspitze Afrikas. Daher ist davon auszugehen, dass die j\u00fcngst angek\u00fcndigten Angriffe der Huthi den internationalen Seehandel nur bedingt beeinflussen werden. Zudem muss sich erst zeigen, inwiefern die Huthi-Rebellen im Jemen \u00fcberhaupt in den Konflikt eingreifen und so unter Umst\u00e4nden den Schiffsverkehr in der Region beeintr\u00e4chtigen. Da zudem erhebliche Mengen Erd\u00f6l und Gas aus der Region kommen, k\u00f6nnten hier allerdings die Preise f\u00fcr Diesel und Gas steigen, was sich mittelfristig auf die Kalkulation der Logistikpreise auswirken k\u00f6nnte. Quelle und Foto: HDE<\/p>\n","protected":false},"excerpt":{"rendered":"<p>Der Krieg im Iran k\u00f6nnte nach Einsch\u00e4tzung des Handelsverbandes Deutschland (HDE) die ohnehin schw\u00e4chelnde Konsumstimmung weiter negativ beeinflussen.<\/p>\n","protected":false},"author":1,"featured_media":3685,"comment_status":"closed","ping_status":"closed","sticky":false,"template":"","format":"standard","meta":{"footnotes":""},"categories":[34],"tags":[],"class_list":["post-3684","post","type-post","status-publish","format-standard","has-post-thumbnail","hentry","category-allgemein"],"featured_image_urls":{"full":["https:\/\/agronoticias.es\/de\/wp-content\/uploads\/2026\/03\/Lieferketten-HDE.jpg",640,427,false],"thumbnail":["https:\/\/agronoticias.es\/de\/wp-content\/uploads\/2026\/03\/Lieferketten-HDE-150x150.jpg",150,150,true],"medium":["https:\/\/agronoticias.es\/de\/wp-content\/uploads\/2026\/03\/Lieferketten-HDE-300x200.jpg",300,200,true],"medium_large":["https:\/\/agronoticias.es\/de\/wp-content\/uploads\/2026\/03\/Lieferketten-HDE.jpg",640,427,false],"large":["https:\/\/agronoticias.es\/de\/wp-content\/uploads\/2026\/03\/Lieferketten-HDE.jpg",640,427,false],"1536x1536":["https:\/\/agronoticias.es\/de\/wp-content\/uploads\/2026\/03\/Lieferketten-HDE.jpg",640,427,false],"2048x2048":["https:\/\/agronoticias.es\/de\/wp-content\/uploads\/2026\/03\/Lieferketten-HDE.jpg",640,427,false],"morenews-large":["https:\/\/agronoticias.es\/de\/wp-content\/uploads\/2026\/03\/Lieferketten-HDE.jpg",640,427,false],"morenews-medium":["https:\/\/agronoticias.es\/de\/wp-content\/uploads\/2026\/03\/Lieferketten-HDE-590x410.jpg",590,410,true]},"author_info":{"display_name":"admin","author_link":"https:\/\/agronoticias.es\/de\/author\/admin\/"},"category_info":"<a href=\"https:\/\/agronoticias.es\/de\/category\/allgemein\/\" rel=\"category tag\">Allgemein<\/a>","tag_info":"Allgemein","comment_count":"0","_links":{"self":[{"href":"https:\/\/agronoticias.es\/de\/wp-json\/wp\/v2\/posts\/3684","targetHints":{"allow":["GET"]}}],"collection":[{"href":"https:\/\/agronoticias.es\/de\/wp-json\/wp\/v2\/posts"}],"about":[{"href":"https:\/\/agronoticias.es\/de\/wp-json\/wp\/v2\/types\/post"}],"author":[{"embeddable":true,"href":"https:\/\/agronoticias.es\/de\/wp-json\/wp\/v2\/users\/1"}],"replies":[{"embeddable":true,"href":"https:\/\/agronoticias.es\/de\/wp-json\/wp\/v2\/comments?post=3684"}],"version-history":[{"count":2,"href":"https:\/\/agronoticias.es\/de\/wp-json\/wp\/v2\/posts\/3684\/revisions"}],"predecessor-version":[{"id":3688,"href":"https:\/\/agronoticias.es\/de\/wp-json\/wp\/v2\/posts\/3684\/revisions\/3688"}],"wp:featuredmedia":[{"embeddable":true,"href":"https:\/\/agronoticias.es\/de\/wp-json\/wp\/v2\/media\/3685"}],"wp:attachment":[{"href":"https:\/\/agronoticias.es\/de\/wp-json\/wp\/v2\/media?parent=3684"}],"wp:term":[{"taxonomy":"category","embeddable":true,"href":"https:\/\/agronoticias.es\/de\/wp-json\/wp\/v2\/categories?post=3684"},{"taxonomy":"post_tag","embeddable":true,"href":"https:\/\/agronoticias.es\/de\/wp-json\/wp\/v2\/tags?post=3684"}],"curies":[{"name":"wp","href":"https:\/\/api.w.org\/{rel}","templated":true}]}}