{"id":3682,"date":"2026-03-02T10:45:35","date_gmt":"2026-03-02T09:45:35","guid":{"rendered":"https:\/\/agronoticias.es\/de\/?p=3682"},"modified":"2026-03-02T10:45:36","modified_gmt":"2026-03-02T09:45:36","slug":"hde-konsumbarometer-im-marz-verbraucherstimmung-trubt-sich-nach-leichtem-aufschwung-wieder-ein","status":"publish","type":"post","link":"https:\/\/agronoticias.es\/de\/hde-konsumbarometer-im-marz-verbraucherstimmung-trubt-sich-nach-leichtem-aufschwung-wieder-ein\/","title":{"rendered":"HDE-Konsumbarometer im M\u00e4rz: Verbraucherstimmung tr\u00fcbt sich nach leichtem Aufschwung wieder ein"},"content":{"rendered":"\n<p><\/p>\n\n\n\n<p>Nachdem sich die Verbraucherstimmung in Deutschland noch zu Jahresbeginn etwas verbessert hatte, tr\u00fcbt sie sich im M\u00e4rz ein. Das geht aus dem aktuellen Konsumbarometer des Handelsverbandes Deutschland (HDE) hervor. Bislang konnte die Verbraucherstimmung in diesem Jahr somit nicht an Fahrt aufnehmen. Anhaltende Unsicherheiten scheinen den Optimismus der Verbraucherinnen und Verbraucher weiterhin zu d\u00e4mpfen.<\/p>\n\n\n\n<p>Bei den geplanten Konsum- und Sparaktivit\u00e4ten der Verbraucher ist im Vergleich zum Vormonat keine deutliche Ver\u00e4nderung zu beobachten. Die Anschaffungsneigung verringert sich im Vormonatsvergleich geringf\u00fcgig, so auch die Sparneigung. Eine sp\u00fcrbare Erholung des privaten Konsums ist daher nicht in Sicht. Dass die Verbraucherinnen und Verbraucher in den kommenden Monaten sowohl weniger in den Konsum investieren als auch weniger sparen wollen, ist auf die pessimistischeren Einkommenserwartungen zur\u00fcckzuf\u00fchren.<\/p>\n\n\n\n<p>Beim Blick auf den eigenen Geldbeutel zeigt sich gro\u00dfe Skepsis. Die Einkommenserwartungen gehen im Vergleich zum Vormonat zur\u00fcck und liegen damit auf dem gleichen Niveau wie vor einem Jahr. Auch der konjunkturelle Ausblick der Verbraucherinnen und Verbraucher tr\u00fcbt sich leicht ein. Zwar fallen ihre Konjunkturerwartungen optimistischer aus als zum Jahreswechsel, doch im Vergleich zum Vormonat gehen sie ebenso zur\u00fcck. Da der von der Bundesregierung angek\u00fcndigte Aufschwung noch nicht zu sp\u00fcren ist, bleiben die Unsicherheiten der Verbraucher bestehen.<\/p>\n\n\n\n<p>Dass sich die Verbraucherstimmung zum Fr\u00fchling wieder verschlechtert, verpasst der Hoffnung auf eine zeitnahe Erholung des privaten Konsums einen D\u00e4mpfer. Die Verbraucherinnen und Verbraucher warten noch auf den von der Bundesregierung angestrebten Aufbruch mit sp\u00fcrbaren Entlastungen. Auch das etwa durch die US-Zollpolitik sehr volatile Wirtschaftsumfeld dr\u00fcckt auf die Stimmung der Verbraucher. In den kommenden Wochen und Monaten ist vor diesem Hintergrund nicht mit einer St\u00e4rkung von privatem Konsum und gesamtwirtschaftlichem Wachstum zu rechnen.<\/p>\n\n\n\n<p>Das jeweils am ersten Montag eines Monats erscheinende HDE-Konsumbarometer basiert auf einer monatlichen Umfrage unter 1.600 Personen zur Anschaffungsneigung, Sparneigung, finanziellen Situation und zu anderen konsumrelevanten Faktoren. Das Konsumbarometer, das vom Handelsblatt Research Institute (HRI) im Auftrag des HDE erstellt wird, hat eine Indikatorfunktion f\u00fcr den privaten Konsum. Es bildet nicht das aktuelle Verbraucherverhalten ab, sondern die erwartete Stimmung in den kommenden drei Monaten. Quelle: HDE<\/p>\n","protected":false},"excerpt":{"rendered":"<p>Nachdem sich die Verbraucherstimmung in Deutschland noch zu Jahresbeginn etwas verbessert hatte, tr\u00fcbt sie sich im M\u00e4rz ein.<\/p>\n","protected":false},"author":1,"featured_media":3298,"comment_status":"closed","ping_status":"closed","sticky":false,"template":"","format":"standard","meta":{"footnotes":""},"categories":[34],"tags":[],"class_list":["post-3682","post","type-post","status-publish","format-standard","has-post-thumbnail","hentry","category-allgemein"],"featured_image_urls":{"full":["https:\/\/agronoticias.es\/de\/wp-content\/uploads\/2025\/09\/HDE-Konsumbarometer.jpg",400,270,false],"thumbnail":["https:\/\/agronoticias.es\/de\/wp-content\/uploads\/2025\/09\/HDE-Konsumbarometer-150x150.jpg",150,150,true],"medium":["https:\/\/agronoticias.es\/de\/wp-content\/uploads\/2025\/09\/HDE-Konsumbarometer-300x203.jpg",300,203,true],"medium_large":["https:\/\/agronoticias.es\/de\/wp-content\/uploads\/2025\/09\/HDE-Konsumbarometer.jpg",400,270,false],"large":["https:\/\/agronoticias.es\/de\/wp-content\/uploads\/2025\/09\/HDE-Konsumbarometer.jpg",400,270,false],"1536x1536":["https:\/\/agronoticias.es\/de\/wp-content\/uploads\/2025\/09\/HDE-Konsumbarometer.jpg",400,270,false],"2048x2048":["https:\/\/agronoticias.es\/de\/wp-content\/uploads\/2025\/09\/HDE-Konsumbarometer.jpg",400,270,false],"morenews-large":["https:\/\/agronoticias.es\/de\/wp-content\/uploads\/2025\/09\/HDE-Konsumbarometer.jpg",400,270,false],"morenews-medium":["https:\/\/agronoticias.es\/de\/wp-content\/uploads\/2025\/09\/HDE-Konsumbarometer.jpg",400,270,false]},"author_info":{"display_name":"admin","author_link":"https:\/\/agronoticias.es\/de\/author\/admin\/"},"category_info":"<a href=\"https:\/\/agronoticias.es\/de\/category\/allgemein\/\" rel=\"category tag\">Allgemein<\/a>","tag_info":"Allgemein","comment_count":"0","_links":{"self":[{"href":"https:\/\/agronoticias.es\/de\/wp-json\/wp\/v2\/posts\/3682","targetHints":{"allow":["GET"]}}],"collection":[{"href":"https:\/\/agronoticias.es\/de\/wp-json\/wp\/v2\/posts"}],"about":[{"href":"https:\/\/agronoticias.es\/de\/wp-json\/wp\/v2\/types\/post"}],"author":[{"embeddable":true,"href":"https:\/\/agronoticias.es\/de\/wp-json\/wp\/v2\/users\/1"}],"replies":[{"embeddable":true,"href":"https:\/\/agronoticias.es\/de\/wp-json\/wp\/v2\/comments?post=3682"}],"version-history":[{"count":1,"href":"https:\/\/agronoticias.es\/de\/wp-json\/wp\/v2\/posts\/3682\/revisions"}],"predecessor-version":[{"id":3683,"href":"https:\/\/agronoticias.es\/de\/wp-json\/wp\/v2\/posts\/3682\/revisions\/3683"}],"wp:featuredmedia":[{"embeddable":true,"href":"https:\/\/agronoticias.es\/de\/wp-json\/wp\/v2\/media\/3298"}],"wp:attachment":[{"href":"https:\/\/agronoticias.es\/de\/wp-json\/wp\/v2\/media?parent=3682"}],"wp:term":[{"taxonomy":"category","embeddable":true,"href":"https:\/\/agronoticias.es\/de\/wp-json\/wp\/v2\/categories?post=3682"},{"taxonomy":"post_tag","embeddable":true,"href":"https:\/\/agronoticias.es\/de\/wp-json\/wp\/v2\/tags?post=3682"}],"curies":[{"name":"wp","href":"https:\/\/api.w.org\/{rel}","templated":true}]}}