{"id":3679,"date":"2026-02-27T10:47:34","date_gmt":"2026-02-27T09:47:34","guid":{"rendered":"https:\/\/agronoticias.es\/de\/?p=3679"},"modified":"2026-02-27T10:47:35","modified_gmt":"2026-02-27T09:47:35","slug":"almeria-februar-endet-mit-niedrigeren-aber-immer-noch-hohen-gemusepreisen","status":"publish","type":"post","link":"https:\/\/agronoticias.es\/de\/almeria-februar-endet-mit-niedrigeren-aber-immer-noch-hohen-gemusepreisen\/","title":{"rendered":"Almer\u00eda: Februar endet mit niedrigeren aber immer noch hohen Gem\u00fcsepreisen"},"content":{"rendered":"\n<p>Der Februar endet in den almeriensischen Vermarktungszentren nach fast zwei Monaten mit au\u00dfergew\u00f6hnlich hohen Gem\u00fcsepreisen mit einem allgemeinen, wenn auch moderaten R\u00fcckgang der Notierungen. Die Produkte, die im Vergleich zur Vorwoche die st\u00e4rksten R\u00fcckg\u00e4nge verzeichneten, waren Zucchini und schwarze Auberginen, gefolgt von Gurken Typ Almer\u00eda und Strauchtomaten. Trotzdem liegen die aktuellen Preise weiterhin \u00fcber dem Niveau der drei vorherigen Kampagnen. Das Angebot von Paprika california gr\u00fcn aus den Niederlanden und Belgien ist nach wie vor gering. Die besseren Wetterbedingungen in Almer\u00eda in KW 9\/26 haben zu einem gestiegenen Gurkenangebot gef\u00fchrt, was einen Preisr\u00fcckgang zur Folge hatte, und auch die Zucchini-Produktion beschleunigt.<\/p>\n\n\n\n<p>Die Tomatenernte der ersten Saisonh\u00e4lfte ist fast abgeschlossen, und bis April, wenn die neuen Fr\u00fchjahrspflanzungen in Produktion gehen, ist kein signifikanter Anstieg des Angebots zu erwarten. Lose Tomaten erzielten in KW 9\/26 0,90 Euro\/kg bis 0,70 Euro\/kg, Tomaten longlife im Durchschnitt 0,70 Euro\/kg, Strauchtomaten im Durchschnitt 0,72 Euro\/kg und Tomaten pera 0,90 Euro\/kg bis 0,60 Euro\/kg.<\/p>\n\n\n\n<p>In den Paprika-Gew\u00e4chsh\u00e4usern werden die fr\u00fchesten Pflanzungen gerodet, um Platz f\u00fcr die Fr\u00fchjahrskulturen zu schaffen, w\u00e4hrend die Ernte der verbleibenden Pflanzen weitergeht. In KW 9\/26 wurde in den almeriensischen Vermarktungszentren f\u00fcr Paprika italiano gr\u00fcn zwischen 2 Euro\/kg und 1,70 Euro\/kg bezahlt, Paprika lamuyo gr\u00fcn zwischen 2,20 Euro\/kg und 1,90 Euro\/kg, lamuyo rot 2,30 Euro\/kg und 1,80 Euro\/kg, Paprika california gr\u00fcn zwischen 1,60 Euro\/kg und 1,45 Euro\/kg, california rot 1,90 Euro\/kg und 1,70 Euro\/kg und california gelb im Durchschnitt 1,70 Euro\/kg.<\/p>\n\n\n\n<p><a><\/a> Schlangengurken brachten in KW 9\/26 im Durchschnitt 0,80 Euro\/kg, Gurken corto negro 1,40 Euro\/kg bis 1,10 Euro\/kg und Gurken Typ frances 1,40 Euro\/kg bis 1,15 Euro\/kg.<\/p>\n\n\n\n<p>Die gestiegenen Temperaturen haben die Zucchiniproduktion beschleunigt und die Preise lagen zwischen 0,85 Euro\/kg und 0,60 Euro\/kg. Gestreifte Auberginen konnten mit 2,20 Euro\/kg bis 1,60 Euro\/kg ihr hohes Preisniveau halten. Lange Auberginen erzielten zwischen 1,30 Euro\/kg und 0,90 Euro\/kg. Auch gr\u00fcne Bohnen blieben in KW 9\/26 teuer. F\u00fcr Sorte Strike wurden im Durchschnitt 9 Euro\/kg bezahalt, f\u00fcr Sorte Helda zwischen 8 Euro\/kg und 6 Euro\/kg und f\u00fcr Emerite im Durchschnitt 8,60 Euro\/kg. rp\/ds<\/p>\n","protected":false},"excerpt":{"rendered":"<p>Der Februar endet in den almeriensischen Vermarktungszentren nach fast zwei Monaten mit au\u00dfergew\u00f6hnlich hohen Gem\u00fcsepreisen mit einem allgemeinen,<\/p>\n","protected":false},"author":1,"featured_media":3680,"comment_status":"closed","ping_status":"closed","sticky":false,"template":"","format":"standard","meta":{"footnotes":""},"categories":[34],"tags":[],"class_list":["post-3679","post","type-post","status-publish","format-standard","has-post-thumbnail","hentry","category-allgemein"],"featured_image_urls":{"full":["https:\/\/agronoticias.es\/de\/wp-content\/uploads\/2026\/02\/pimiento-fl-26.png",800,531,false],"thumbnail":["https:\/\/agronoticias.es\/de\/wp-content\/uploads\/2026\/02\/pimiento-fl-26-150x150.png",150,150,true],"medium":["https:\/\/agronoticias.es\/de\/wp-content\/uploads\/2026\/02\/pimiento-fl-26-300x199.png",300,199,true],"medium_large":["https:\/\/agronoticias.es\/de\/wp-content\/uploads\/2026\/02\/pimiento-fl-26-768x510.png",640,425,true],"large":["https:\/\/agronoticias.es\/de\/wp-content\/uploads\/2026\/02\/pimiento-fl-26.png",640,425,false],"1536x1536":["https:\/\/agronoticias.es\/de\/wp-content\/uploads\/2026\/02\/pimiento-fl-26.png",800,531,false],"2048x2048":["https:\/\/agronoticias.es\/de\/wp-content\/uploads\/2026\/02\/pimiento-fl-26.png",800,531,false],"morenews-large":["https:\/\/agronoticias.es\/de\/wp-content\/uploads\/2026\/02\/pimiento-fl-26.png",800,531,false],"morenews-medium":["https:\/\/agronoticias.es\/de\/wp-content\/uploads\/2026\/02\/pimiento-fl-26-590x410.png",590,410,true]},"author_info":{"display_name":"admin","author_link":"https:\/\/agronoticias.es\/de\/author\/admin\/"},"category_info":"<a href=\"https:\/\/agronoticias.es\/de\/category\/allgemein\/\" rel=\"category tag\">Allgemein<\/a>","tag_info":"Allgemein","comment_count":"0","_links":{"self":[{"href":"https:\/\/agronoticias.es\/de\/wp-json\/wp\/v2\/posts\/3679","targetHints":{"allow":["GET"]}}],"collection":[{"href":"https:\/\/agronoticias.es\/de\/wp-json\/wp\/v2\/posts"}],"about":[{"href":"https:\/\/agronoticias.es\/de\/wp-json\/wp\/v2\/types\/post"}],"author":[{"embeddable":true,"href":"https:\/\/agronoticias.es\/de\/wp-json\/wp\/v2\/users\/1"}],"replies":[{"embeddable":true,"href":"https:\/\/agronoticias.es\/de\/wp-json\/wp\/v2\/comments?post=3679"}],"version-history":[{"count":1,"href":"https:\/\/agronoticias.es\/de\/wp-json\/wp\/v2\/posts\/3679\/revisions"}],"predecessor-version":[{"id":3681,"href":"https:\/\/agronoticias.es\/de\/wp-json\/wp\/v2\/posts\/3679\/revisions\/3681"}],"wp:featuredmedia":[{"embeddable":true,"href":"https:\/\/agronoticias.es\/de\/wp-json\/wp\/v2\/media\/3680"}],"wp:attachment":[{"href":"https:\/\/agronoticias.es\/de\/wp-json\/wp\/v2\/media?parent=3679"}],"wp:term":[{"taxonomy":"category","embeddable":true,"href":"https:\/\/agronoticias.es\/de\/wp-json\/wp\/v2\/categories?post=3679"},{"taxonomy":"post_tag","embeddable":true,"href":"https:\/\/agronoticias.es\/de\/wp-json\/wp\/v2\/tags?post=3679"}],"curies":[{"name":"wp","href":"https:\/\/api.w.org\/{rel}","templated":true}]}}