{"id":3676,"date":"2026-02-26T10:27:47","date_gmt":"2026-02-26T09:27:47","guid":{"rendered":"https:\/\/agronoticias.es\/de\/?p=3676"},"modified":"2026-02-26T10:27:47","modified_gmt":"2026-02-26T09:27:47","slug":"konsumklima-erholung-gerat-ins-stocken","status":"publish","type":"post","link":"https:\/\/agronoticias.es\/de\/konsumklima-erholung-gerat-ins-stocken\/","title":{"rendered":"Konsumklima: Erholung ger\u00e4t ins Stocken\u200b \u200b"},"content":{"rendered":"\n<p><\/p>\n\n\n\n<p>Im Februar hellt sich die Stimmung der Verbraucher nicht weiter auf: W\u00e4hrend die Einkommenserwartungen noch\u202fleicht zunehmen, tr\u00fcbt sich die Anschaffungsneigung ein. Die ohnehin hohe Sparneigung legt nochmal zu. Und auch die Konjunkturerwartungen fallen diesen Monat wieder leicht pessimistischer aus.\u202fDie aktuellen Befragungsergebnisse zeigen daher f\u00fcr M\u00e4rz im Vergleich zum Vormonat einen leichten R\u00fcckgang des Konsumklima-Indikators um 0,5 Punkte auf \u221224,7 Punkte\u202f(revidiert&nbsp; -24,2 Punkte). Dies zeigen die aktuellen Ergebnisse des GfK Konsumklimas\u202fpowered\u202fby\u202fNIM,\u202fdas\u202fseit Oktober 2023 gemeinsam von NIQ\/GfK und dem N\u00fcrnberg Institut f\u00fcr Marktentscheidungen (NIM), Gr\u00fcnder der GfK, herausgegeben wird.<\/p>\n\n\n\n<p>Im Februar liegen die Einkommenserwartungen\u202fim\u202fzweiten Monat in Folge im Plus, verzeichnen jedoch mit einem Anstieg um 1,2\u202fZ\u00e4hler auf 6,3 Punkte\u202fnur noch ein moderates Wachstum. Die Anschaffungsneigung, die im Januar noch leicht zugelegt hatte, f\u00e4llt dagegen wieder auf -9,3 Punkte\u202f(-5,3 Punkte)\u202fund bleibt damit zur\u00fcckhaltend.\u202fZudem zeigt sich bei der\u202fSparneigung im Februar\u202fein Anstieg\u202fum einen weiteren Punkt\u202fauf 18,9 Punkte, was einen neuen H\u00f6chststand seit 2008 markiert.\u202fInsgesamt f\u00fchrt diese Entwicklung\u202fwieder\u202fzu einem leichten R\u00fcckgang des Konsumklimas.\u202f\u202f<\/p>\n\n\n\n<p>\u201eMit dem\u202fleichten\u202fR\u00fcckgang\u202fauf -24,7 Punkte\u202fkann das Konsumklima\u202fnicht an die Aufhellung im letzten Monat ankn\u00fcpfen.\u202fDie Stimmung bleibt\u202falso\u202fim Kern\u202fwenig\u202fver\u00e4ndert.\u202fEs zeigt sich weiterhin die Tendenz, dass steigende Einkommen aus Vorsichtsmotiven lieber gespart als konsumiert\u202fwerden\u201c, erkl\u00e4rt Rolf B\u00fcrkl, Head\u202fof\u202fConsumer Climate beim NIM.\u202f \u201eAuch wenn sich die Wirtschaft wieder leicht zu beleben scheint, bleiben die Konsumenten\u202fderzeit\u202fnoch\u202fskeptisch. Die geopolitischen Spannungen,\u202faber auch die Herausforderungen in der Sozialpolitik\u202fd\u00fcrften\u202fdie Unsicherheit\u202fund damit auch\u202fdie\u202fSparneigung\u202fhochhalten\u201c.\u202f<\/p>\n\n\n\n<p>Sparneigung erreicht neuen H\u00f6chststand<\/p>\n\n\n\n<p>Die Sparneigung\u202fklettert\u202fim Februar auf einen neuen H\u00f6chstwert seit\u202fder Finanz- und Wirtschaftskrise\u202f2008. Der Indikator steigt um einen Punkt auf\u202feinen Wert von\u202f18,9\u202fund liegt damit 9,5 Punkte \u00fcber dem Vorjahreswert.\u202f\u202f<\/p>\n\n\n\n<p>Tiefergehende Analysen des NIM zu den Gr\u00fcnden f\u00fcr die\u202fhohe\u202fSparneigung\u202fzeigen, dass die \u00fcberwiegende Mehrheit der Verbraucher hohe bzw. steigende Preise sowie wirtschaftliche und politische Unsicherheit als\u202fma\u00dfgebliche\u202fFaktoren\u202fnennt.\u202f\u202f<\/p>\n\n\n\n<p>Diese Einsch\u00e4tzungen\u202fspiegeln\u202fsich auch in den aktuellen Rahmendaten wider:\u202fDie Inflationsrate ist im Januar 2026\u202fwieder\u202fauf 2,1 Prozent gestiegen und auch die Preiserwartungen der Verbraucher sinken im Februar nicht mehr. Hinzu kommt, dass geopolitische Spannungen, die Ereignisse\u202frund um das Mercosur-Abkommen und die\u202ffinanziellen Belastungen im\u202fSozialsystem die Unsicherheit bei den Konsumenten\u202fverst\u00e4rken\u202fd\u00fcrften.\u202f<\/p>\n\n\n\n<p>Die Konjunkturerwartungen\u202ftr\u00fcben sich\u202fleicht\u202fein\u202f<\/p>\n\n\n\n<p>Die\u202fKonjunkturerwartungen der Verbraucher\u202ff\u00fcr die kommenden 12 Monate\u202fsind im Februar wieder leicht gesunken:\u202fDer Indikator\u202fverliert 2,3 Z\u00e4hler\u202fund weist\u202fnun\u202fein Niveau von 4,3\u202fPunkten\u202fauf.\u202fDie Verbraucher blicken\u202faber\u202ftrotz des R\u00fcckgangs verhalten optimistisch in die Zukunft,\u202fdenn\u202fder Indikator\u202fliegt\u202fweiterhin im positiven Bereich. Quelle und Foto: GfK\/NIQ<\/p>\n","protected":false},"excerpt":{"rendered":"<p>Im Februar hellt sich die Stimmung der Verbraucher nicht weiter auf: W\u00e4hrend die Einkommenserwartungen noch\u202fleicht zunehmen, tr\u00fcbt sich<\/p>\n","protected":false},"author":1,"featured_media":3677,"comment_status":"closed","ping_status":"closed","sticky":false,"template":"","format":"standard","meta":{"footnotes":""},"categories":[34],"tags":[],"class_list":["post-3676","post","type-post","status-publish","format-standard","has-post-thumbnail","hentry","category-allgemein"],"featured_image_urls":{"full":["https:\/\/agronoticias.es\/de\/wp-content\/uploads\/2026\/02\/Konsumklima-2-26.png",800,533,false],"thumbnail":["https:\/\/agronoticias.es\/de\/wp-content\/uploads\/2026\/02\/Konsumklima-2-26-150x150.png",150,150,true],"medium":["https:\/\/agronoticias.es\/de\/wp-content\/uploads\/2026\/02\/Konsumklima-2-26-300x200.png",300,200,true],"medium_large":["https:\/\/agronoticias.es\/de\/wp-content\/uploads\/2026\/02\/Konsumklima-2-26-768x512.png",640,427,true],"large":["https:\/\/agronoticias.es\/de\/wp-content\/uploads\/2026\/02\/Konsumklima-2-26.png",640,426,false],"1536x1536":["https:\/\/agronoticias.es\/de\/wp-content\/uploads\/2026\/02\/Konsumklima-2-26.png",800,533,false],"2048x2048":["https:\/\/agronoticias.es\/de\/wp-content\/uploads\/2026\/02\/Konsumklima-2-26.png",800,533,false],"morenews-large":["https:\/\/agronoticias.es\/de\/wp-content\/uploads\/2026\/02\/Konsumklima-2-26.png",800,533,false],"morenews-medium":["https:\/\/agronoticias.es\/de\/wp-content\/uploads\/2026\/02\/Konsumklima-2-26-590x410.png",590,410,true]},"author_info":{"display_name":"admin","author_link":"https:\/\/agronoticias.es\/de\/author\/admin\/"},"category_info":"<a href=\"https:\/\/agronoticias.es\/de\/category\/allgemein\/\" rel=\"category tag\">Allgemein<\/a>","tag_info":"Allgemein","comment_count":"0","_links":{"self":[{"href":"https:\/\/agronoticias.es\/de\/wp-json\/wp\/v2\/posts\/3676","targetHints":{"allow":["GET"]}}],"collection":[{"href":"https:\/\/agronoticias.es\/de\/wp-json\/wp\/v2\/posts"}],"about":[{"href":"https:\/\/agronoticias.es\/de\/wp-json\/wp\/v2\/types\/post"}],"author":[{"embeddable":true,"href":"https:\/\/agronoticias.es\/de\/wp-json\/wp\/v2\/users\/1"}],"replies":[{"embeddable":true,"href":"https:\/\/agronoticias.es\/de\/wp-json\/wp\/v2\/comments?post=3676"}],"version-history":[{"count":1,"href":"https:\/\/agronoticias.es\/de\/wp-json\/wp\/v2\/posts\/3676\/revisions"}],"predecessor-version":[{"id":3678,"href":"https:\/\/agronoticias.es\/de\/wp-json\/wp\/v2\/posts\/3676\/revisions\/3678"}],"wp:featuredmedia":[{"embeddable":true,"href":"https:\/\/agronoticias.es\/de\/wp-json\/wp\/v2\/media\/3677"}],"wp:attachment":[{"href":"https:\/\/agronoticias.es\/de\/wp-json\/wp\/v2\/media?parent=3676"}],"wp:term":[{"taxonomy":"category","embeddable":true,"href":"https:\/\/agronoticias.es\/de\/wp-json\/wp\/v2\/categories?post=3676"},{"taxonomy":"post_tag","embeddable":true,"href":"https:\/\/agronoticias.es\/de\/wp-json\/wp\/v2\/tags?post=3676"}],"curies":[{"name":"wp","href":"https:\/\/api.w.org\/{rel}","templated":true}]}}