{"id":3672,"date":"2026-02-25T12:08:06","date_gmt":"2026-02-25T11:08:06","guid":{"rendered":"https:\/\/agronoticias.es\/de\/?p=3672"},"modified":"2026-02-25T12:08:06","modified_gmt":"2026-02-25T11:08:06","slug":"spanischer-obst-und-gemuseexport-2025-kleinere-mengen-bei-hoherem-umsatz","status":"publish","type":"post","link":"https:\/\/agronoticias.es\/de\/spanischer-obst-und-gemuseexport-2025-kleinere-mengen-bei-hoherem-umsatz\/","title":{"rendered":"Spanischer Obst- und Gem\u00fcseexport 2025: kleinere Mengen bei h\u00f6herem Umsatz"},"content":{"rendered":"\n<p> <\/p>\n\n\n\n<p>Der spanische Export von frischem Obst und Gem\u00fcse sank 2025 im Vergleich zum Vorjahr um 4 % im Volumen auf insgesamt 12 Mio t und stieg im Wert um denselben Prozentsatz auf 18,666 Mrd Euro. Europa war mit einem Anteil von 97 % Hauptabsatzmarkt. Auf der anderen Seite stiegen die Importe mengenm\u00e4ssig um 8 % und wertm\u00e4ssig um 8 % gestiegen. Die Au\u00dfenhandelsbilanz des O+G-Sektors wird eines der Themen sein, die auf der Fepex-Versammlung Ende Februar in Valencia, diskutiert werden.<\/p>\n\n\n\n<p>Weniger exportiert wurde haupts\u00e4chlich Gem\u00fcse. Erreicht wurden 3 Mio t (-7%) im Wert von 8,167Mrd Euro (+0,4%). Besonders hervorzuheben ist der R\u00fcckgang bei Produkten von gro\u00dfer sektoraler und sozialer Bedeutung wie Tomaten, deren Absatz um 15 % auf insgesamt 581.361 t und der Wert um 5 % auf 1,052 Mrd Euro zur\u00fcckging. Salat verzeichnete mit 740.258 t ein Minus von 4 % w\u00e4hrend sich der Umsatz mit 954 Mio t stabilisierte. Kohl erreichte ein Volumen von 515.530 t (-2%) und einen Wert von 771 Mio Euro (-2%).<\/p>\n\n\n\n<p>Der Obstexport&nbsp; von frischem Obst verzeichnete mit 6,6 Mio t im Vorjahresvergleich mengenm\u00e4ssig einen leichten R\u00fcckgang von 1 % w\u00e4hrend der Umsatz bei 10,499 Mrd Euro lag. Nach Citrus, dem weiterhin am meisten ausgef\u00fchrten Produkt, lagen Wassermelonen mit der positiven Bilanz von 820.611 T (+3%) und 604 Mio Euro (+8%). Hervorzuheben auch Steinobst, wenn auch mit kleineren Mengen aber mit h\u00f6herem Umsatz. Nektarinen erzielten 332.831 t (-2%) und 577 Mio Euro (+16 %) oder Paraguayas 185.142 t (-9,5%) und 349 Mio Euro (+10%).<\/p>\n\n\n\n<p>Nach spanischen Anbaugebieten liegt Andalusien mit 3,9 Mio t (33 % der spanischen Gesamtmenge) und 7,145 Mrd Euro an erster Stelle. Es folgten das Land Valencia mit 3,3 Mio t (28 %) und 4,790 Mrd Euro, Murcia mit 2,3 Mio t (20 %) und 3,489 Mrd Euro und Katalonien mit 978,584 t und 1,391 Mrd Euro.&nbsp;<\/p>\n\n\n\n<p>Mit einem Volumen von 10 Mio t ist die EU der Hauptabsatzmarkt und repr\u00e4sentiert 84 % der gesamten Exportmenge. Dieser Anteil steigt auf 97 % wenn man Grossbritannien und andere europ\u00e4ische L\u00e4nder wie Norwegen und die Schweiz hinzurechnet. Das w\u00fcrde die Gesamtmenge auf 11,7 Mio t erh\u00f6hen.<\/p>\n\n\n\n<p>Dies zeigt die Bedeutung Europas f\u00fcr Spanien angesichts der r\u00fcckl\u00e4ufigen Exporte in L\u00e4nder au\u00dferhalb der EU, in die 316.772 Tonnen geliefert wurden, 14 % weniger als 2024. Der Wert der spanischen Exporte in die EU belief sich auf 15,249 Mrd Euro, was 82 % der Gesamtexporte entspricht, und w\u00fcrde in Betracht auf den gesamten europ\u00e4ischen Kontinent auf &nbsp;18,188 Mrd Euro steigen. Die Ausfuhren au\u00dferhalb Europas erreichten nur 478 Mio (-11 %).<\/p>\n\n\n\n<p>Auf der anderen Seite erreichten die spanischen&nbsp; O+G-Importe in 2025 4,7 Mio&nbsp; t und 5,477 Mrd Euro. Das ist im Vorjahresvergleich ein Zuwachs von 3 % bzw. 8 %. Von der Gesamtmenge entfielen 2,4 Mio t (+5%) und 3,849 Mrd Euro auf frisches Obst und 2,3 Mio t (+0,5%) und 1,628 Mrd Euro (+0,5%) auf Gem\u00fcse. (Daten: Zoll- und Verbrauchsteuerbeh\u00f6rde des spanischen Ministeriums f\u00fcr Wirtschaft, Handel und Unternehmen und von FEPEX verarbeitet.)<\/p>\n\n\n\n<p>&nbsp;Der R\u00fcckgang des Exportvolumens von frischem O+G in 2025 ist laut FEPEX auf mehrere Faktoren zur\u00fcckzuf\u00fchren, darunter insbesondere die gestiegenen Produktionskosten und die sinkende Wettbewerbsf\u00e4higkeit gegen\u00fcber Drittl\u00e4ndern. Die Unterschiede zwischen den phytosanit\u00e4ren, arbeitsrechtlichen und sozialen Vorschriften, die die EG-Verordnungen von den Erzeugern in der Gemeinschaft verlangen, die jedoch in den Drittl\u00e4ndern, aus denen die Importe stammen, nicht erforderlich sind, f\u00fchren zu Wettbewerbsnachteilen. Andererseits zeigt die Konzentration der Exporte in die EU wie wichtig die von der EU gef\u00f6rderten Ma\u00dfnahmen f\u00fcr den Sektor sind. FEPEX fordert daher eine Politik der Handelsabkommen mit Drittl\u00e4ndern, die Gegenseitigkeitsma\u00dfnahmen und eine GAP umfasst, die die Bedeutung der O+G-Erzeugerorganisationen mit ausreichenden Ressourcen aufrechterh\u00e4lt und den EU-Produktionen Vorrang einr\u00e4umt.<\/p>\n","protected":false},"excerpt":{"rendered":"<p>Der spanische Export von frischem Obst und Gem\u00fcse sank 2025 im Vergleich zum Vorjahr um 4 % im<\/p>\n","protected":false},"author":1,"featured_media":3673,"comment_status":"closed","ping_status":"closed","sticky":false,"template":"","format":"standard","meta":{"footnotes":""},"categories":[34],"tags":[],"class_list":["post-3672","post","type-post","status-publish","format-standard","has-post-thumbnail","hentry","category-allgemein"],"featured_image_urls":{"full":["https:\/\/agronoticias.es\/de\/wp-content\/uploads\/2026\/02\/frutas-y-hortalizas-coop.-agroalimentarias-768x439-1.jpg",768,439,false],"thumbnail":["https:\/\/agronoticias.es\/de\/wp-content\/uploads\/2026\/02\/frutas-y-hortalizas-coop.-agroalimentarias-768x439-1-150x150.jpg",150,150,true],"medium":["https:\/\/agronoticias.es\/de\/wp-content\/uploads\/2026\/02\/frutas-y-hortalizas-coop.-agroalimentarias-768x439-1-300x171.jpg",300,171,true],"medium_large":["https:\/\/agronoticias.es\/de\/wp-content\/uploads\/2026\/02\/frutas-y-hortalizas-coop.-agroalimentarias-768x439-1.jpg",640,366,false],"large":["https:\/\/agronoticias.es\/de\/wp-content\/uploads\/2026\/02\/frutas-y-hortalizas-coop.-agroalimentarias-768x439-1.jpg",640,366,false],"1536x1536":["https:\/\/agronoticias.es\/de\/wp-content\/uploads\/2026\/02\/frutas-y-hortalizas-coop.-agroalimentarias-768x439-1.jpg",768,439,false],"2048x2048":["https:\/\/agronoticias.es\/de\/wp-content\/uploads\/2026\/02\/frutas-y-hortalizas-coop.-agroalimentarias-768x439-1.jpg",768,439,false],"morenews-large":["https:\/\/agronoticias.es\/de\/wp-content\/uploads\/2026\/02\/frutas-y-hortalizas-coop.-agroalimentarias-768x439-1.jpg",768,439,false],"morenews-medium":["https:\/\/agronoticias.es\/de\/wp-content\/uploads\/2026\/02\/frutas-y-hortalizas-coop.-agroalimentarias-768x439-1-590x410.jpg",590,410,true]},"author_info":{"display_name":"admin","author_link":"https:\/\/agronoticias.es\/de\/author\/admin\/"},"category_info":"<a href=\"https:\/\/agronoticias.es\/de\/category\/allgemein\/\" rel=\"category tag\">Allgemein<\/a>","tag_info":"Allgemein","comment_count":"0","_links":{"self":[{"href":"https:\/\/agronoticias.es\/de\/wp-json\/wp\/v2\/posts\/3672","targetHints":{"allow":["GET"]}}],"collection":[{"href":"https:\/\/agronoticias.es\/de\/wp-json\/wp\/v2\/posts"}],"about":[{"href":"https:\/\/agronoticias.es\/de\/wp-json\/wp\/v2\/types\/post"}],"author":[{"embeddable":true,"href":"https:\/\/agronoticias.es\/de\/wp-json\/wp\/v2\/users\/1"}],"replies":[{"embeddable":true,"href":"https:\/\/agronoticias.es\/de\/wp-json\/wp\/v2\/comments?post=3672"}],"version-history":[{"count":1,"href":"https:\/\/agronoticias.es\/de\/wp-json\/wp\/v2\/posts\/3672\/revisions"}],"predecessor-version":[{"id":3674,"href":"https:\/\/agronoticias.es\/de\/wp-json\/wp\/v2\/posts\/3672\/revisions\/3674"}],"wp:featuredmedia":[{"embeddable":true,"href":"https:\/\/agronoticias.es\/de\/wp-json\/wp\/v2\/media\/3673"}],"wp:attachment":[{"href":"https:\/\/agronoticias.es\/de\/wp-json\/wp\/v2\/media?parent=3672"}],"wp:term":[{"taxonomy":"category","embeddable":true,"href":"https:\/\/agronoticias.es\/de\/wp-json\/wp\/v2\/categories?post=3672"},{"taxonomy":"post_tag","embeddable":true,"href":"https:\/\/agronoticias.es\/de\/wp-json\/wp\/v2\/tags?post=3672"}],"curies":[{"name":"wp","href":"https:\/\/api.w.org\/{rel}","templated":true}]}}