{"id":3666,"date":"2026-02-20T10:44:01","date_gmt":"2026-02-20T09:44:01","guid":{"rendered":"https:\/\/agronoticias.es\/de\/?p=3666"},"modified":"2026-02-20T10:44:01","modified_gmt":"2026-02-20T09:44:01","slug":"almeria-preisstabilitat-und-neue-pflanzungen","status":"publish","type":"post","link":"https:\/\/agronoticias.es\/de\/almeria-preisstabilitat-und-neue-pflanzungen\/","title":{"rendered":"Almer\u00eda: Preisstabilit\u00e4t und neue Pflanzungen"},"content":{"rendered":"\n<p><\/p>\n\n\n\n<p>In KW 8\/2026 hat das stabile Wetter in Almer\u00eda die Entwicklung der Kulturen beg\u00fcnstigt, obwohl die Ertr\u00e4ge einiger Gem\u00fcsesorten aufgrund der niedrigen Nachttemperaturen leicht zur\u00fcckgegangen sind. In den Gew\u00e4chsh\u00e4usern f\u00fcr Gurken schreitet das Wachstum der neuen Pflanzungen aller Sorten f\u00fcr die Fr\u00fchjahrssaison voran. Die Preise blieben trotz geringer Schwankungen rentabel. Gurken franc\u00e9s erzielten 1,70 Euro\/kg bis 1,40 Euro\/kg, Gurken corto negro 2,15 Euro\/kg bis 1,80 Euro\/kg und Schlangengurken im Durchschnitt 1,60 Euro\/kg.<\/p>\n\n\n\n<p>Die Preise f\u00fcr Zucchini sind gesunken, nachdem sie wochenlang \u00fcber zwei Euro pro Kilo lagen. In KW 8 gab es in den almeriensischen Vermarktungszentren f\u00fcr alle Zucchinisorten zwischen 1 Euro\/kg und 0,90 Euro\/kg. Die Wintersorten werden weiterhin geerntet, w\u00e4hrend einige fr\u00fche Pflanzungen gerodet werden, um Platz f\u00fcr Melonen, Wassermelonen oder erneut Zucchini zu schaffen. Die neuen Kulturen beginnen bereits zu produzieren, obwohl der Temperaturr\u00fcckgang den Fruchtansatz beeintr\u00e4chtigen k\u00f6nnte.<\/p>\n\n\n\n<p>Bei Auberginen geht die Ernte weiter, wenn auch mit geringeren Mengen aufgrund der niedrigeren Nachttemperaturen. Gestreifte Auberginen blieben auf einem hohen Preisniveau und brachten in KW 8 2,60 Euro\/kg bis 2 Euro\/kg w\u00e4hrend es f\u00fcr lange Auberginen mit 0,70 Euro\/kg bis 0,50 Euro\/kg betr\u00e4chtlich nachgegeben hat.<\/p>\n\n\n\n<p>Tomaten konnten in KW 8 ihre stabilen Preise halten. F\u00fcr Strauchtomaten wurden 0,85 Euro\/kg bis 0,70 Euro\/kg bezahlt, f\u00fcr Tomate pera 0,80 Euro\/kg bis 0,60 Euro\/kg, f\u00fcr longlife im Durchschnitt 0,74 und Tomaten longlife im Durchschnitt 0,85 Euro\/kg.<\/p>\n\n\n\n<p>Gr\u00fcne Bohnen Sorte Strike erreichten im Durchschnitt 10 Euro\/kg, Sorte Emerite im Durchschnitt 9 Euro\/kg und Sorte Helda 9 Euro\/kg bis 6 Euro\/kg.<\/p>\n\n\n\n<p>Bei Paprika gehen die Erntearbeiten bei allen Sorten weiter, wobei sie mit der Entscheidung kombiniert werden, sie &#8211; je nach Preis &#8211; &nbsp;zu schneiden oder an den Pflanzen zu lassen. Paprika lamuyo rot erzielte&nbsp; 2,70 Euro\/kg bis 2 Euro\/kg, lamuyo gr\u00fcn 2,20 Euro\/kg bis 1,90 Euro\/kg, Paprika california rot 2 Euro\/kg bis 1,70 Euro\/kg, california gr\u00fcn im Durchschnitt 1,60 Euro\/kg, california gelb 2 Euro\/kg und 1,60 Euro\/kg, Paprika italiano gr\u00fcn 2,20 Euro\/kg bis 1,70 Euro\/kg und rot im Durchschnitt 2 Euro\/kg.<\/p>\n","protected":false},"excerpt":{"rendered":"<p>In KW 8\/2026 hat das stabile Wetter in Almer\u00eda die Entwicklung der Kulturen beg\u00fcnstigt, obwohl die Ertr\u00e4ge einiger<\/p>\n","protected":false},"author":1,"featured_media":3667,"comment_status":"closed","ping_status":"closed","sticky":false,"template":"","format":"standard","meta":{"footnotes":""},"categories":[34],"tags":[],"class_list":["post-3666","post","type-post","status-publish","format-standard","has-post-thumbnail","hentry","category-allgemein"],"featured_image_urls":{"full":["https:\/\/agronoticias.es\/de\/wp-content\/uploads\/2026\/02\/berenjena-768x510-1.jpg",768,510,false],"thumbnail":["https:\/\/agronoticias.es\/de\/wp-content\/uploads\/2026\/02\/berenjena-768x510-1-150x150.jpg",150,150,true],"medium":["https:\/\/agronoticias.es\/de\/wp-content\/uploads\/2026\/02\/berenjena-768x510-1-300x199.jpg",300,199,true],"medium_large":["https:\/\/agronoticias.es\/de\/wp-content\/uploads\/2026\/02\/berenjena-768x510-1.jpg",640,425,false],"large":["https:\/\/agronoticias.es\/de\/wp-content\/uploads\/2026\/02\/berenjena-768x510-1.jpg",640,425,false],"1536x1536":["https:\/\/agronoticias.es\/de\/wp-content\/uploads\/2026\/02\/berenjena-768x510-1.jpg",768,510,false],"2048x2048":["https:\/\/agronoticias.es\/de\/wp-content\/uploads\/2026\/02\/berenjena-768x510-1.jpg",768,510,false],"morenews-large":["https:\/\/agronoticias.es\/de\/wp-content\/uploads\/2026\/02\/berenjena-768x510-1.jpg",768,510,false],"morenews-medium":["https:\/\/agronoticias.es\/de\/wp-content\/uploads\/2026\/02\/berenjena-768x510-1-590x410.jpg",590,410,true]},"author_info":{"display_name":"admin","author_link":"https:\/\/agronoticias.es\/de\/author\/admin\/"},"category_info":"<a href=\"https:\/\/agronoticias.es\/de\/category\/allgemein\/\" rel=\"category tag\">Allgemein<\/a>","tag_info":"Allgemein","comment_count":"0","_links":{"self":[{"href":"https:\/\/agronoticias.es\/de\/wp-json\/wp\/v2\/posts\/3666","targetHints":{"allow":["GET"]}}],"collection":[{"href":"https:\/\/agronoticias.es\/de\/wp-json\/wp\/v2\/posts"}],"about":[{"href":"https:\/\/agronoticias.es\/de\/wp-json\/wp\/v2\/types\/post"}],"author":[{"embeddable":true,"href":"https:\/\/agronoticias.es\/de\/wp-json\/wp\/v2\/users\/1"}],"replies":[{"embeddable":true,"href":"https:\/\/agronoticias.es\/de\/wp-json\/wp\/v2\/comments?post=3666"}],"version-history":[{"count":1,"href":"https:\/\/agronoticias.es\/de\/wp-json\/wp\/v2\/posts\/3666\/revisions"}],"predecessor-version":[{"id":3668,"href":"https:\/\/agronoticias.es\/de\/wp-json\/wp\/v2\/posts\/3666\/revisions\/3668"}],"wp:featuredmedia":[{"embeddable":true,"href":"https:\/\/agronoticias.es\/de\/wp-json\/wp\/v2\/media\/3667"}],"wp:attachment":[{"href":"https:\/\/agronoticias.es\/de\/wp-json\/wp\/v2\/media?parent=3666"}],"wp:term":[{"taxonomy":"category","embeddable":true,"href":"https:\/\/agronoticias.es\/de\/wp-json\/wp\/v2\/categories?post=3666"},{"taxonomy":"post_tag","embeddable":true,"href":"https:\/\/agronoticias.es\/de\/wp-json\/wp\/v2\/tags?post=3666"}],"curies":[{"name":"wp","href":"https:\/\/api.w.org\/{rel}","templated":true}]}}