{"id":3663,"date":"2026-02-19T12:57:11","date_gmt":"2026-02-19T11:57:11","guid":{"rendered":"https:\/\/agronoticias.es\/de\/?p=3663"},"modified":"2026-02-19T12:57:12","modified_gmt":"2026-02-19T11:57:12","slug":"spanien-granada-unwetter-reduziert-grunspargelernte","status":"publish","type":"post","link":"https:\/\/agronoticias.es\/de\/spanien-granada-unwetter-reduziert-grunspargelernte\/","title":{"rendered":"Spanien\/Granada \u2013 Unwetter reduziert Gr\u00fcnspargelernte"},"content":{"rendered":"\n<p><\/p>\n\n\n\n<p>Nach einer ersten technischen Bewertung der Auswirkungen des letzten Unwetters auf die Spargelkulturen im Westen Granadas beziffert die Cooperativa Centro Sur\/Granada die Verluste in den am st\u00e4rksten betroffen Gebieten auf etwa 35% bis 40 %. &nbsp;\u201eEs gibt Fincas, die komplett mit einem Meter Erde \u00fcberschwemmt sind, und wo es sehr schwierig sein wird, sie wiederherzustellen. In anderen wird es etwas einfacher sein\u201d, erkl\u00e4rte Antonio Zamora, General- und Handelsdirektor der Genossenschaft. \u201eTats\u00e4chlich kommen bereits die ersten Spargelstangen auf den Feldern zum Vorschein, die weniger stark betroffen sind.\u201d In diesem Zusammenhang betonte Zamora, dass diese Niederschl\u00e4ge aber auch zu einer besseren Ernte f\u00fcr die meisten Kulturen beitragen werden, die nicht von den \u00dcberschwemmungen betroffen sind.<\/p>\n\n\n\n<p>Die globalen Auswirkungen auf das Gesamtvolumen k\u00f6nnten vorl\u00e4ufig zwischen 5 % und 10 % liegen und damit geringer ausfallen als urspr\u00fcnglich erwartet. Eine endg\u00fcltige Bewertung der Sch\u00e4den ist jedoch noch nicht m\u00f6glich, da viele Fincas weiterhin schwer zug\u00e4nglich sind und die agronomische Entwicklung in den kommenden Wochen entscheidend sein wird.<\/p>\n\n\n\n<p>Centro Sur sch\u00e4tzt, dass von den insgesamt 1.526 ha Anbaufl\u00e4che der Genossenschaft zwischen 300 ha und 350 ha von den \u00dcberschwemmungen betroffen sind.<\/p>\n\n\n\n<p>Die am st\u00e4rksten betroffenen Gebiete konzentrieren sich auf das Ufer des Flusses Genil und die Umgebung des Arroyo Milano, insbesondere im Gebiet von Hu\u00e9tor T\u00e1jar, wo einige Fincas zwischen zehn und zw\u00f6lf Tagen \u00fcberflutet waren. Durch den allm\u00e4hlichen R\u00fcckgang des Grundwasserspiegels und Flusspegels kann das Wasser aus einem Teil der Parzellen abflie\u00dfen, allerdings gibt es weiterhin Gebiete, die nur schwer zug\u00e4nglich sind und eine genauere Bewertung erschweren.<\/p>\n\n\n\n<p>Die Spargelsaison 2026 hat gerade begonnen, und die Erzeuger hoffen, dass es nicht zu hohen Temperaturen kommt, damit das \u00fcbersch\u00fcssige Wasser korrekt abflie\u00dfen kann und die Pflanzen unter optimalen Bedingungen zu transpirieren beginnen. A. Zamora: \u201eEs handelt sich um eine mehrj\u00e4hrige Kulturpflanze, und die Verweildauer des Wassers im Boden ist entscheidend f\u00fcr die Bewertung sowohl des unmittelbaren Produktionsr\u00fcckgangs als auch der m\u00f6glichen strukturellen Auswirkungen auf zuk\u00fcnftige Ernten.\u201c<\/p>\n\n\n\n<p>Wiederaufbau eines strategisch wichtigen Wirtschaftssektors<\/p>\n\n\n\n<p>Die Genossenschaft Centro Sur betont, dass Spargel eine strategisch wichtige Kultur f\u00fcr den Westen Granadas und Gebiete wie Hu\u00e9tor T\u00e1jar ist, wo er direkte Arbeitspl\u00e4tze im Anbau und in den Verarbeitungszentren schafft und dar\u00fcber hinaus indirekte wirtschaftliche Aktivit\u00e4t in der gesamten Region generiert. Aus diesem Grund betont sie, wie wichtig es ist, die Situation verantwortungsbewusst zu analysieren, ohne Panik zu sch\u00fcren, aber auch die Auswirkungen anzuerkennen, die dieses Wetterereignis auf den Sektor, die Landwirte und ihre Familien hat.<\/p>\n\n\n\n<p>Appell an die Institutionen<\/p>\n\n\n\n<p>Die Hilfe kann jedoch nicht nur aus der Branche kommen. Deswegen&nbsp; ruft der General- und Handelsdirektor zu&nbsp; einem institutionellen Bewusstsein f\u00fcr eine Situation auf, die direkte und indirekte Arbeitspl\u00e4tze beeintr\u00e4chtigen kann.<\/p>\n\n\n\n<p>In diesem Sinne appelliert die Genossenschaft Centro Sur an die Beh\u00f6rden, ihre Unterst\u00fctzung f\u00fcr den Sektor aufrechtzuerhalten, die Infrastruktur zu verbessern und Ma\u00dfnahmen zu pr\u00fcfen, die dazu beitragen, die Auswirkungen auf die Produktion zu mildern, insbesondere im Fall von Organisationen, die als OPFH anerkannt sind (O+G-Erzeugerorganisationen). \u201eEs wird von grundlegender Bedeutung sein, Hilfsmechanismen f\u00fcr diejenigen Landwirte einzurichten, die ihre Kulturen verlieren oder eine starke Verschlechterung ihrer Lebensgrundlage erleiden, sowie f\u00fcr die betroffenen Arbeitnehmer\u201c, erkl\u00e4rte er. Quelle und Foto: Cooperativa Centro Sur<\/p>\n\n\n\n<p><\/p>\n","protected":false},"excerpt":{"rendered":"<p>Nach einer ersten technischen Bewertung der Auswirkungen des letzten Unwetters auf die Spargelkulturen im Westen Granadas beziffert die<\/p>\n","protected":false},"author":1,"featured_media":3664,"comment_status":"closed","ping_status":"closed","sticky":false,"template":"","format":"standard","meta":{"footnotes":""},"categories":[34],"tags":[],"class_list":["post-3663","post","type-post","status-publish","format-standard","has-post-thumbnail","hentry","category-allgemein"],"featured_image_urls":{"full":["https:\/\/agronoticias.es\/de\/wp-content\/uploads\/2026\/02\/campo-de-esparragos-de-Huetor-Tajar-768x510-1.jpg",768,510,false],"thumbnail":["https:\/\/agronoticias.es\/de\/wp-content\/uploads\/2026\/02\/campo-de-esparragos-de-Huetor-Tajar-768x510-1-150x150.jpg",150,150,true],"medium":["https:\/\/agronoticias.es\/de\/wp-content\/uploads\/2026\/02\/campo-de-esparragos-de-Huetor-Tajar-768x510-1-300x199.jpg",300,199,true],"medium_large":["https:\/\/agronoticias.es\/de\/wp-content\/uploads\/2026\/02\/campo-de-esparragos-de-Huetor-Tajar-768x510-1.jpg",640,425,false],"large":["https:\/\/agronoticias.es\/de\/wp-content\/uploads\/2026\/02\/campo-de-esparragos-de-Huetor-Tajar-768x510-1.jpg",640,425,false],"1536x1536":["https:\/\/agronoticias.es\/de\/wp-content\/uploads\/2026\/02\/campo-de-esparragos-de-Huetor-Tajar-768x510-1.jpg",768,510,false],"2048x2048":["https:\/\/agronoticias.es\/de\/wp-content\/uploads\/2026\/02\/campo-de-esparragos-de-Huetor-Tajar-768x510-1.jpg",768,510,false],"morenews-large":["https:\/\/agronoticias.es\/de\/wp-content\/uploads\/2026\/02\/campo-de-esparragos-de-Huetor-Tajar-768x510-1.jpg",768,510,false],"morenews-medium":["https:\/\/agronoticias.es\/de\/wp-content\/uploads\/2026\/02\/campo-de-esparragos-de-Huetor-Tajar-768x510-1-590x410.jpg",590,410,true]},"author_info":{"display_name":"admin","author_link":"https:\/\/agronoticias.es\/de\/author\/admin\/"},"category_info":"<a href=\"https:\/\/agronoticias.es\/de\/category\/allgemein\/\" rel=\"category tag\">Allgemein<\/a>","tag_info":"Allgemein","comment_count":"0","_links":{"self":[{"href":"https:\/\/agronoticias.es\/de\/wp-json\/wp\/v2\/posts\/3663","targetHints":{"allow":["GET"]}}],"collection":[{"href":"https:\/\/agronoticias.es\/de\/wp-json\/wp\/v2\/posts"}],"about":[{"href":"https:\/\/agronoticias.es\/de\/wp-json\/wp\/v2\/types\/post"}],"author":[{"embeddable":true,"href":"https:\/\/agronoticias.es\/de\/wp-json\/wp\/v2\/users\/1"}],"replies":[{"embeddable":true,"href":"https:\/\/agronoticias.es\/de\/wp-json\/wp\/v2\/comments?post=3663"}],"version-history":[{"count":1,"href":"https:\/\/agronoticias.es\/de\/wp-json\/wp\/v2\/posts\/3663\/revisions"}],"predecessor-version":[{"id":3665,"href":"https:\/\/agronoticias.es\/de\/wp-json\/wp\/v2\/posts\/3663\/revisions\/3665"}],"wp:featuredmedia":[{"embeddable":true,"href":"https:\/\/agronoticias.es\/de\/wp-json\/wp\/v2\/media\/3664"}],"wp:attachment":[{"href":"https:\/\/agronoticias.es\/de\/wp-json\/wp\/v2\/media?parent=3663"}],"wp:term":[{"taxonomy":"category","embeddable":true,"href":"https:\/\/agronoticias.es\/de\/wp-json\/wp\/v2\/categories?post=3663"},{"taxonomy":"post_tag","embeddable":true,"href":"https:\/\/agronoticias.es\/de\/wp-json\/wp\/v2\/tags?post=3663"}],"curies":[{"name":"wp","href":"https:\/\/api.w.org\/{rel}","templated":true}]}}