{"id":3660,"date":"2026-02-19T10:08:37","date_gmt":"2026-02-19T09:08:37","guid":{"rendered":"https:\/\/agronoticias.es\/de\/?p=3660"},"modified":"2026-02-19T10:08:38","modified_gmt":"2026-02-19T09:08:38","slug":"castilla-la-mancha-historische-pistazienernte-in-2025","status":"publish","type":"post","link":"https:\/\/agronoticias.es\/de\/castilla-la-mancha-historische-pistazienernte-in-2025\/","title":{"rendered":"Castilla-La Mancha \u2013 historische Pistazienernte in 2025"},"content":{"rendered":"\n<p> <\/p>\n\n\n\n<p>Nach Information der Cooperativas Agro-alimentarias Castilla-La Mancha schloss die Pistazienernte in Castilla La Mancha in 2025 mit einer historischen Produktion von 11.000 t, 30 % mehr als die urspr\u00fcnglichen Sch\u00e4tzungen, die bei rund 8.400 t lagen. Die Qualit\u00e4t der geernteten Fr\u00fcchte sowie die Kaliber waren &nbsp;gut und&nbsp; es es gab einen hohen Anteil von offenen Pistazien.<\/p>\n\n\n\n<p>Ignacio Lobato, Sprecher des Sektors, hob bei der Anfang KW 8\/26 stattgefundenen Sitzung der Piztazienkommission die hohe Nachfrage der M\u00e4rkte nach Pistazien aus Castilla-La Mancha hervor, sowohl f\u00fcr konventionell als auch biologisch angebaute Produktionen. \u201eDerzeit stammen zwischen 41 % bis 45 % der regionalen Produktion aus biologischem Anbau\u201c, erkl\u00e4rte er.<\/p>\n\n\n\n<p>Bei dieser Gelegenheite wurde auch der erste Entwurf der Satzung der k\u00fcnftigen Branchenvereinigung f\u00fcr Pistazien aus Castilla-La Mancha, INTERPISTACHO, vorgestellt, mit dem Ziel, die Vorschl\u00e4ge der Mitglieder zu erfassen und die Vertreter der sektorialen Kommission f\u00fcr die Arbeitssitzungen zur Gr\u00fcndung des Dachverbandes zu benennen.<\/p>\n\n\n\n<p>Andererseits bewertete die Kommission die aktuelle Regenperiode als&nbsp; sehr positiv, da sie eine ausreichende Wasserspeicherung im Boden erm\u00f6glicht, die f\u00fcr einen guten Austrieb im Fr\u00fchjahr notwendig ist. Das l\u00e4sst auf gute Bedingungen der Wasserverf\u00fcgbarkeit und eine voraussichtlich gute Pistazienernte 2026 schliessen.<\/p>\n\n\n\n<p><\/p>\n","protected":false},"excerpt":{"rendered":"<p>Nach Information der Cooperativas Agro-alimentarias Castilla-La Mancha schloss die Pistazienernte in Castilla La Mancha in 2025 mit einer<\/p>\n","protected":false},"author":1,"featured_media":3661,"comment_status":"closed","ping_status":"closed","sticky":false,"template":"","format":"standard","meta":{"footnotes":""},"categories":[34],"tags":[],"class_list":["post-3660","post","type-post","status-publish","format-standard","has-post-thumbnail","hentry","category-allgemein"],"featured_image_urls":{"full":["https:\/\/agronoticias.es\/de\/wp-content\/uploads\/2026\/02\/pistacho-clm.jpg",700,480,false],"thumbnail":["https:\/\/agronoticias.es\/de\/wp-content\/uploads\/2026\/02\/pistacho-clm-150x150.jpg",150,150,true],"medium":["https:\/\/agronoticias.es\/de\/wp-content\/uploads\/2026\/02\/pistacho-clm-300x206.jpg",300,206,true],"medium_large":["https:\/\/agronoticias.es\/de\/wp-content\/uploads\/2026\/02\/pistacho-clm.jpg",640,439,false],"large":["https:\/\/agronoticias.es\/de\/wp-content\/uploads\/2026\/02\/pistacho-clm.jpg",640,439,false],"1536x1536":["https:\/\/agronoticias.es\/de\/wp-content\/uploads\/2026\/02\/pistacho-clm.jpg",700,480,false],"2048x2048":["https:\/\/agronoticias.es\/de\/wp-content\/uploads\/2026\/02\/pistacho-clm.jpg",700,480,false],"morenews-large":["https:\/\/agronoticias.es\/de\/wp-content\/uploads\/2026\/02\/pistacho-clm.jpg",700,480,false],"morenews-medium":["https:\/\/agronoticias.es\/de\/wp-content\/uploads\/2026\/02\/pistacho-clm-590x410.jpg",590,410,true]},"author_info":{"display_name":"admin","author_link":"https:\/\/agronoticias.es\/de\/author\/admin\/"},"category_info":"<a href=\"https:\/\/agronoticias.es\/de\/category\/allgemein\/\" rel=\"category tag\">Allgemein<\/a>","tag_info":"Allgemein","comment_count":"0","_links":{"self":[{"href":"https:\/\/agronoticias.es\/de\/wp-json\/wp\/v2\/posts\/3660","targetHints":{"allow":["GET"]}}],"collection":[{"href":"https:\/\/agronoticias.es\/de\/wp-json\/wp\/v2\/posts"}],"about":[{"href":"https:\/\/agronoticias.es\/de\/wp-json\/wp\/v2\/types\/post"}],"author":[{"embeddable":true,"href":"https:\/\/agronoticias.es\/de\/wp-json\/wp\/v2\/users\/1"}],"replies":[{"embeddable":true,"href":"https:\/\/agronoticias.es\/de\/wp-json\/wp\/v2\/comments?post=3660"}],"version-history":[{"count":1,"href":"https:\/\/agronoticias.es\/de\/wp-json\/wp\/v2\/posts\/3660\/revisions"}],"predecessor-version":[{"id":3662,"href":"https:\/\/agronoticias.es\/de\/wp-json\/wp\/v2\/posts\/3660\/revisions\/3662"}],"wp:featuredmedia":[{"embeddable":true,"href":"https:\/\/agronoticias.es\/de\/wp-json\/wp\/v2\/media\/3661"}],"wp:attachment":[{"href":"https:\/\/agronoticias.es\/de\/wp-json\/wp\/v2\/media?parent=3660"}],"wp:term":[{"taxonomy":"category","embeddable":true,"href":"https:\/\/agronoticias.es\/de\/wp-json\/wp\/v2\/categories?post=3660"},{"taxonomy":"post_tag","embeddable":true,"href":"https:\/\/agronoticias.es\/de\/wp-json\/wp\/v2\/tags?post=3660"}],"curies":[{"name":"wp","href":"https:\/\/api.w.org\/{rel}","templated":true}]}}