{"id":3653,"date":"2026-02-10T12:26:00","date_gmt":"2026-02-10T11:26:00","guid":{"rendered":"https:\/\/agronoticias.es\/de\/?p=3653"},"modified":"2026-02-10T12:26:00","modified_gmt":"2026-02-10T11:26:00","slug":"valencia-ernte-von-avocados-lamb-hass-nicht-vorziehen","status":"publish","type":"post","link":"https:\/\/agronoticias.es\/de\/valencia-ernte-von-avocados-lamb-hass-nicht-vorziehen\/","title":{"rendered":"Valencia \u2013 Ernte von Avocados Lamb Hass nicht vorziehen"},"content":{"rendered":"\n<p><\/p>\n\n\n\n<p><\/p>\n\n\n\n<p>Mitten in der Saison der Avocadosorte Hass fordern die valencianische Agrarorganisation (AVA-ASAJA) und der Verband der Avocadoerzeuger (ASOPROA) den Sektor auf, die sp\u00e4te Sorte Lamb Hass nicht eher zu ernten bis sie den optimalen Reifegrad erreicht hat, was je nach Anbaugebiet in etwa einem Monat der Fall sein wird. Beide warnen davor, dass einige Produzenten bereits mit der Ernte begonnen haben, obwohl der Anteil der Trockensubstanz in vielen Gebieten noch zu gering f\u00fcr den Verzehr ist, was die Erwartungen der Verbraucher entt\u00e4uschen und den Absatz f\u00fcr den Rest der Saison beeintr\u00e4chtigen k\u00f6nnte.<\/p>\n\n\n\n<p>Der Pr\u00e4sident von ASOPROA, Celestino Recatal\u00e1, ruft die Produzenten und Vermarkter dazu auf, \u201egemeinsam mit Seri\u00f6sitat, Professionalit\u00e4t, Umsicht und Geduld zu handeln, um den Verbrauchern valencianische Avocados in optimalem Zustand anzubieten. Wir wissen, dass die Nachfrage gro\u00df ist und die Preise entsprechend hoch sind, aber wir d\u00fcrfen keine Fr\u00fcchte ernten, die noch nicht ausreichend reif sind. Wenn wir eine solide und dauerhafte Rentabilit\u00e4t aufrechterhalten wollen, m\u00fcssen wir gr\u00f6\u00dften Wert auf Qualit\u00e4t legen, um uns gegen\u00fcber der Konkurrenz aus Drittl\u00e4ndern einen Mehrwert zu verschaffen.\u201c<\/p>\n\n\n\n<p>Derzeit befindet sich die Sorte Hass \u2013 die in Spanien und weltweit am h\u00e4ufigsten angebaute Variet\u00e4t \u2013 in der Reifephase. Sie erfreut sich einer starken internationalen Nachfrage und erzielt im Ursprung Preise von \u00fcber 2 Euro pro Kilo. Allerdings erschweren die Regenf\u00e4lle in Andalusien die Ernte und Vermarktung von Avocados, sodass die Nachfrage in den \u00fcbrigen Anbaugebieten wie im Land Valencia gestiegen ist. Vor diesem Hintergrund warnen AVA-ASAJA und ASOPROA die Branche davor, nicht voreilig &nbsp;mit den Lamb Hass-Avocados zu beginnen, bevor die Ernte der Hass-Sorte abgeschlossen ist und diese sp\u00e4tere Sorte den f\u00fcr den Verzehr geeigneten Trockensubstanzanteil aufweist.<\/p>\n\n\n\n<p>Nach Sch\u00e4tzungen von ASOPROA wird die Avocado-Produktion im Land Valencia in dieser Saison mehr als 25.000 t erreichen. Das ist im Vorjahresvergleich ein Anstieg von 5 % und&nbsp; ist darauf zur\u00fcckzuf\u00fchren, dass neue Kulturen in Produktion getreten sind. Auf&nbsp; der anderen Seite gab es in den Produktionsgebieten Camp de Morvedre und La Plana Baixa im Juli vergangenen Jahres grosse Hagelsch\u00e4den.<\/p>\n\n\n\n<p>Die valencianische Anbaufl\u00e4che f\u00fcr Avocados betr\u00e4gt bereits mehr als 4.211 ha nachdem sie im letzten Jahr um 5 % gestiegen ist und sich in f\u00fcnf Jahren verdoppelt hat.<\/p>\n","protected":false},"excerpt":{"rendered":"<p>Mitten in der Saison der Avocadosorte Hass fordern die valencianische Agrarorganisation (AVA-ASAJA) und der Verband der Avocadoerzeuger (ASOPROA)<\/p>\n","protected":false},"author":1,"featured_media":3654,"comment_status":"closed","ping_status":"closed","sticky":false,"template":"","format":"standard","meta":{"footnotes":""},"categories":[34],"tags":[],"class_list":["post-3653","post","type-post","status-publish","format-standard","has-post-thumbnail","hentry","category-allgemein"],"featured_image_urls":{"full":["https:\/\/agronoticias.es\/de\/wp-content\/uploads\/2026\/02\/aguacate-768x508-1.jpeg",768,508,false],"thumbnail":["https:\/\/agronoticias.es\/de\/wp-content\/uploads\/2026\/02\/aguacate-768x508-1-150x150.jpeg",150,150,true],"medium":["https:\/\/agronoticias.es\/de\/wp-content\/uploads\/2026\/02\/aguacate-768x508-1-300x198.jpeg",300,198,true],"medium_large":["https:\/\/agronoticias.es\/de\/wp-content\/uploads\/2026\/02\/aguacate-768x508-1.jpeg",640,423,false],"large":["https:\/\/agronoticias.es\/de\/wp-content\/uploads\/2026\/02\/aguacate-768x508-1.jpeg",640,423,false],"1536x1536":["https:\/\/agronoticias.es\/de\/wp-content\/uploads\/2026\/02\/aguacate-768x508-1.jpeg",768,508,false],"2048x2048":["https:\/\/agronoticias.es\/de\/wp-content\/uploads\/2026\/02\/aguacate-768x508-1.jpeg",768,508,false],"morenews-large":["https:\/\/agronoticias.es\/de\/wp-content\/uploads\/2026\/02\/aguacate-768x508-1.jpeg",768,508,false],"morenews-medium":["https:\/\/agronoticias.es\/de\/wp-content\/uploads\/2026\/02\/aguacate-768x508-1-590x410.jpeg",590,410,true]},"author_info":{"display_name":"admin","author_link":"https:\/\/agronoticias.es\/de\/author\/admin\/"},"category_info":"<a href=\"https:\/\/agronoticias.es\/de\/category\/allgemein\/\" rel=\"category tag\">Allgemein<\/a>","tag_info":"Allgemein","comment_count":"0","_links":{"self":[{"href":"https:\/\/agronoticias.es\/de\/wp-json\/wp\/v2\/posts\/3653","targetHints":{"allow":["GET"]}}],"collection":[{"href":"https:\/\/agronoticias.es\/de\/wp-json\/wp\/v2\/posts"}],"about":[{"href":"https:\/\/agronoticias.es\/de\/wp-json\/wp\/v2\/types\/post"}],"author":[{"embeddable":true,"href":"https:\/\/agronoticias.es\/de\/wp-json\/wp\/v2\/users\/1"}],"replies":[{"embeddable":true,"href":"https:\/\/agronoticias.es\/de\/wp-json\/wp\/v2\/comments?post=3653"}],"version-history":[{"count":1,"href":"https:\/\/agronoticias.es\/de\/wp-json\/wp\/v2\/posts\/3653\/revisions"}],"predecessor-version":[{"id":3655,"href":"https:\/\/agronoticias.es\/de\/wp-json\/wp\/v2\/posts\/3653\/revisions\/3655"}],"wp:featuredmedia":[{"embeddable":true,"href":"https:\/\/agronoticias.es\/de\/wp-json\/wp\/v2\/media\/3654"}],"wp:attachment":[{"href":"https:\/\/agronoticias.es\/de\/wp-json\/wp\/v2\/media?parent=3653"}],"wp:term":[{"taxonomy":"category","embeddable":true,"href":"https:\/\/agronoticias.es\/de\/wp-json\/wp\/v2\/categories?post=3653"},{"taxonomy":"post_tag","embeddable":true,"href":"https:\/\/agronoticias.es\/de\/wp-json\/wp\/v2\/tags?post=3653"}],"curies":[{"name":"wp","href":"https:\/\/api.w.org\/{rel}","templated":true}]}}