{"id":3638,"date":"2026-02-02T10:55:18","date_gmt":"2026-02-02T09:55:18","guid":{"rendered":"https:\/\/agronoticias.es\/de\/?p=3638"},"modified":"2026-02-02T10:55:36","modified_gmt":"2026-02-02T09:55:36","slug":"einzelhandel-vor-herausforderndem-jahr-forderung-nach-kostenentlastungen-an-politik","status":"publish","type":"post","link":"https:\/\/agronoticias.es\/de\/einzelhandel-vor-herausforderndem-jahr-forderung-nach-kostenentlastungen-an-politik\/","title":{"rendered":"Einzelhandel vor herausforderndem Jahr \u2013 Forderung nach Kostenentlastungen an Politik"},"content":{"rendered":"\n<p>Die Rahmenbedingungen f\u00fcr den Konsum und den Einzelhandel bleiben auch im Jahr 2026 schwierig. Das zeigen die Einsch\u00e4tzungen von knapp 600 Handelsunternehmen in einer aktuellen Umfrage des Handelsverbandes Deutschland (HDE). Demnach rechnen in diesem Jahr 49 Prozent der Befragten mit Ums\u00e4tzen unter Vorjahr. Mit Blick auf dieses Umfeld rechnet der HDE in seiner heute vorgestellten Jahresprognose f\u00fcr 2026 mit einem Umsatzplus von zwei Prozent im Vergleich im Vorjahr f\u00fcr den Einzelhandel in Deutschland. Um die Lage f\u00fcr die Handelsunternehmen zu verbessern, fordert der HDE die Politik auf, Kostentreiber wie die hohen Energiepreise abzusenken. Aber auch die Gewerkschaft ver.di sieht der Verband in der anstehenden Tarifrunde in der Verantwortung.<\/p>\n\n\n\n<p>\u201eDas neue Jahr beginnt f\u00fcr den Einzelhandel ohne richtigen Schwung. Die Verbraucherstimmung macht am aktuellen Rand zwar Hoffnung auf Besserung, verharrt aber weiterhin auf unbefriedigendem Niveau. Zu gro\u00df ist angesichts geopolitischer Konflikte und eines erratischen US-Pr\u00e4sidenten die Verunsicherung\u201c, so HDE-Pr\u00e4sident Alexander von Preen. Die schlechte Stimmung in der Branche best\u00e4tigt die aktuelle HDE-Umfrage. Demnach kalkulieren 49 Prozent der H\u00e4ndler mit schlechteren Ums\u00e4tzen als noch 2025, 29 Prozent hoffen, das Vorjahresniveau zu erreichen und nur 23 Prozent gehen von einer Steigerung aus. Angesichts der herausfordernden Rahmendaten prognostiziert der HDE f\u00fcr 2026 ein Umsatzwachstum im Vergleich zum Vorjahr von nominal zwei Prozent. Real bedeutet das ein Plus von einem halben Prozent. Der Online-Handel bleibt auch 2026 der Wachstumstreiber der Branche. Hier werden die Ums\u00e4tze laut HDE-Prognose um nominal 4,4 Prozent zulegen, das steht f\u00fcr ein reales Plus von 3,5 Prozent. Die Ums\u00e4tze im Einzelhandel in Deutschland werden dieses Jahr damit voraussichtlich bei 697,4 Milliarden Euro liegen, der Online-Handel wird dazu 96,3 Milliarden Euro beitragen.<\/p>\n\n\n\n<p>\u201eEs sieht derzeit nicht nach dem gro\u00dfen Aufatmen im Einzelhandel aus. Wir brauchen jetzt eine echte Aufbruchsstimmung. Da ist die Bundesregierung gefragt, mit den richtigen Ma\u00dfnahmen einen Aufw\u00e4rtstrend auszul\u00f6sen\u201c, so der HDE-Pr\u00e4sident. Die HDE-Umfrage macht deutlich, dass die Unternehmen insbesondere beim Thema B\u00fcrokratie auf Erleichterungen hoffen. 59 Prozent sehen das als Top-Thema. Insbesondere die hohen Kosten machen den H\u00e4ndlern Kopfschmerzen. Sowohl im Bereich Energie als auch bei den steigenden Kosten f\u00fcr den Faktor Arbeit ist dringende Hilfe gefordert. Von Preen: \u201eEs braucht Entlastungen, die auch tats\u00e4chlich ankommen. Die Stromsteuer muss endlich zeitnah f\u00fcr alle gesenkt werden. Und bei den Sozialversicherungsbeitr\u00e4gen braucht es eine dauerhafte 40-Prozent-Obergrenze.\u201c Was passiert, wenn die Arbeitskosten weiter steigen, wird in der HDE-Umfrage \u00fcberdeutlich. F\u00fcr diesen Fall gehen 77 Prozent der Befragten von negativen Besch\u00e4ftigungseffekten aus. Die selbst in den schwierigen Corona-Jahren immer weiter Arbeitspl\u00e4tze aufbauende Branche verlor seit 2022 bereits 60.000 sozialversicherungspflichtige Besch\u00e4ftigte. Der HDE warnt deshalb vor der anstehenden Tarifrunde die Gewerkschaft ver.di vor weiteren Belastungen durch unverh\u00e4ltnism\u00e4\u00dfige Forderungen. Die Tarifrunde im Einzelhandel beginnt im April 2026. In der Branche sind 3,1 Millionen Menschen besch\u00e4ftigt. Die Tarifrunde ist damit eine der gr\u00f6\u00dften in Deutschland. Quelle und Foto: HDE<\/p>\n","protected":false},"excerpt":{"rendered":"<p>Die Rahmenbedingungen f\u00fcr den Konsum und den Einzelhandel bleiben auch im Jahr 2026 schwierig. Das zeigen die Einsch\u00e4tzungen<\/p>\n","protected":false},"author":1,"featured_media":3639,"comment_status":"closed","ping_status":"closed","sticky":false,"template":"","format":"standard","meta":{"footnotes":""},"categories":[34],"tags":[],"class_list":["post-3638","post","type-post","status-publish","format-standard","has-post-thumbnail","hentry","category-allgemein"],"featured_image_urls":{"full":["https:\/\/agronoticias.es\/de\/wp-content\/uploads\/2026\/02\/HDE-Umsatzprognose-26.jpg",899,600,false],"thumbnail":["https:\/\/agronoticias.es\/de\/wp-content\/uploads\/2026\/02\/HDE-Umsatzprognose-26-150x150.jpg",150,150,true],"medium":["https:\/\/agronoticias.es\/de\/wp-content\/uploads\/2026\/02\/HDE-Umsatzprognose-26-300x200.jpg",300,200,true],"medium_large":["https:\/\/agronoticias.es\/de\/wp-content\/uploads\/2026\/02\/HDE-Umsatzprognose-26-768x513.jpg",640,428,true],"large":["https:\/\/agronoticias.es\/de\/wp-content\/uploads\/2026\/02\/HDE-Umsatzprognose-26.jpg",640,427,false],"1536x1536":["https:\/\/agronoticias.es\/de\/wp-content\/uploads\/2026\/02\/HDE-Umsatzprognose-26.jpg",899,600,false],"2048x2048":["https:\/\/agronoticias.es\/de\/wp-content\/uploads\/2026\/02\/HDE-Umsatzprognose-26.jpg",899,600,false],"morenews-large":["https:\/\/agronoticias.es\/de\/wp-content\/uploads\/2026\/02\/HDE-Umsatzprognose-26-825x575.jpg",825,575,true],"morenews-medium":["https:\/\/agronoticias.es\/de\/wp-content\/uploads\/2026\/02\/HDE-Umsatzprognose-26-590x410.jpg",590,410,true]},"author_info":{"display_name":"admin","author_link":"https:\/\/agronoticias.es\/de\/author\/admin\/"},"category_info":"<a href=\"https:\/\/agronoticias.es\/de\/category\/allgemein\/\" rel=\"category tag\">Allgemein<\/a>","tag_info":"Allgemein","comment_count":"0","_links":{"self":[{"href":"https:\/\/agronoticias.es\/de\/wp-json\/wp\/v2\/posts\/3638","targetHints":{"allow":["GET"]}}],"collection":[{"href":"https:\/\/agronoticias.es\/de\/wp-json\/wp\/v2\/posts"}],"about":[{"href":"https:\/\/agronoticias.es\/de\/wp-json\/wp\/v2\/types\/post"}],"author":[{"embeddable":true,"href":"https:\/\/agronoticias.es\/de\/wp-json\/wp\/v2\/users\/1"}],"replies":[{"embeddable":true,"href":"https:\/\/agronoticias.es\/de\/wp-json\/wp\/v2\/comments?post=3638"}],"version-history":[{"count":2,"href":"https:\/\/agronoticias.es\/de\/wp-json\/wp\/v2\/posts\/3638\/revisions"}],"predecessor-version":[{"id":3641,"href":"https:\/\/agronoticias.es\/de\/wp-json\/wp\/v2\/posts\/3638\/revisions\/3641"}],"wp:featuredmedia":[{"embeddable":true,"href":"https:\/\/agronoticias.es\/de\/wp-json\/wp\/v2\/media\/3639"}],"wp:attachment":[{"href":"https:\/\/agronoticias.es\/de\/wp-json\/wp\/v2\/media?parent=3638"}],"wp:term":[{"taxonomy":"category","embeddable":true,"href":"https:\/\/agronoticias.es\/de\/wp-json\/wp\/v2\/categories?post=3638"},{"taxonomy":"post_tag","embeddable":true,"href":"https:\/\/agronoticias.es\/de\/wp-json\/wp\/v2\/tags?post=3638"}],"curies":[{"name":"wp","href":"https:\/\/api.w.org\/{rel}","templated":true}]}}