{"id":3634,"date":"2026-01-29T18:07:27","date_gmt":"2026-01-29T17:07:27","guid":{"rendered":"https:\/\/agronoticias.es\/de\/?p=3634"},"modified":"2026-01-29T18:07:27","modified_gmt":"2026-01-29T17:07:27","slug":"almeria-begrenzte-verfugbarkeit-halt-gemusepreise-hoch","status":"publish","type":"post","link":"https:\/\/agronoticias.es\/de\/almeria-begrenzte-verfugbarkeit-halt-gemusepreise-hoch\/","title":{"rendered":"Almer\u00eda: Begrenzte Verf\u00fcgbarkeit h\u00e4lt Gem\u00fcsepreise hoch"},"content":{"rendered":"\n<p> <\/p>\n\n\n\n<p>Der leichte Anstieg der H\u00f6chsttemperaturen, die in Almer\u00eda in KW 5\/2026&nbsp; zwischen 14\u00baC und 17\u00baC &nbsp;lagen, sowie der Mindesttemperaturen von 7\u00baC bis 9\u00baC, hat zu einem leichten Anstieg der Wareneing\u00e4nge in den Vermarktungszentren gef\u00fchrt. Dennoch ist das Angebot weiterhin begrenzt und die Nachfrage bleibt hoch. Der Aufw\u00e4rtstrend bei den Preisen f\u00fcr Auberginen und Zucchini h\u00e4lt an, die diese Woche erneut deutlich \u00fcber dem Durchschnittspreis der letzten drei Kampagnen lagen. Das Ungleichgewicht zwischen Angebot und Nachfrage sowie die Notwendigkeit f\u00fcr die Vermarkter, die in den internationalen Handelsprogrammen vereinbarten Mengen zu erf\u00fcllen, erkl\u00e4ren diesen erneuten Preisanstieg im Ursprung.<\/p>\n\n\n\n<p>Gurken blieben trotz eines leichten Preisr\u00fcckgang auf einem hohen Niveau. Gurken corto negro erzielten 1,80 Euro\/kg bis 1,70 Euro\/kg, Gurken franc\u00e9s 1,90 Euro\/kg bis 1,70 Euro\/kg und Schlangengurken, deren Preis in KW 5 den st\u00e4rksten R\u00fcckgang verzeichnete, 1,60 Euro\/kg bis 1,30 Euro\/kg.. Sie liegen damit aber immer noch \u00fcber dem historischen Durchschnitt &nbsp;dieser Saison.<\/p>\n\n\n\n<p>Zucchini erzielten weiterhin Rekordpreise mit Werten von \u00fcber 3,30 Euro\/kg &nbsp;f\u00fcr die Sorte fino und 3 Euro\/kg f\u00fcr die Sorte gordo, was auf die starke Nachfrage und das begrenzte Angebot auf dem Markt zur\u00fcckzuf\u00fchren ist. \u00c4hnlich verh\u00e4lt es sich mit Auberginen, die ebenfalls hohe Preise erzielen, insbesondere gestreifte, die zwischen 4,45 Euro\/kg und 4 Euro\/kg verkauft wurden, w\u00e4hrend lange Auberginen zwischen 3 Euro\/kg und 2,80 Euro kg brachten.<\/p>\n\n\n\n<p>Tomaten sind auch weiterhin in dieser Wintersaison das Produkt mit den moderatesten Preisen. Lose Tomaten erzielten im Durchschnitt 1,05 Euro\/kg, Long life 0,95 Euro\/Kg bis 0,80 Euro\/kg, Strauchtomaten im Durchschnitt 1,30 Euro\/kg und Tomaten pera 1,20 Euro\/kg bis 1 Euro\/kg.<\/p>\n\n\n\n<p>Alle Paprikasorten waren weiterhin teuer. F\u00fcr Paprika italiano wurden in KW 5\/26 2 Euro\/kg bis 1,70 Euro\/kg bezahlt, f\u00fcr Lamuyo rot 2,80 Euro\/kg bis 2,30 Euro\/kg, Lamuyo gr\u00fcn 2,30 Euro\/kg bis 1,70 Euro\/kg, Paprika california gelb im Durchschnitt 3,90 Euro\/kg, california rot 2,80 Euro\/kg bis 2,50 Euro\/kg und california gr\u00fcn im Durchschnitt 1,50 Euro\/kg.<\/p>\n\n\n\n<p>Auch die Preise f\u00fcr gr\u00fcne Bohnen blieben hoch. Die Sorte Helda brachte zwischen 9,20 Euro\/kg und 5 Euro\/kg, Perona&nbsp; rot im Durchschnitt 8,60 Euro\/kg und Emerite im Durchschnitt 5 Euro\/kg.<\/p>\n\n\n\n<p><\/p>\n","protected":false},"excerpt":{"rendered":"<p>Der leichte Anstieg der H\u00f6chsttemperaturen, die in Almer\u00eda in KW 5\/2026&nbsp; zwischen 14\u00baC und 17\u00baC &nbsp;lagen, sowie der<\/p>\n","protected":false},"author":1,"featured_media":3635,"comment_status":"closed","ping_status":"closed","sticky":false,"template":"","format":"standard","meta":{"footnotes":""},"categories":[34],"tags":[],"class_list":["post-3634","post","type-post","status-publish","format-standard","has-post-thumbnail","hentry","category-allgemein"],"featured_image_urls":{"full":["https:\/\/agronoticias.es\/de\/wp-content\/uploads\/2026\/01\/Tomaten-26.jpg",701,466,false],"thumbnail":["https:\/\/agronoticias.es\/de\/wp-content\/uploads\/2026\/01\/Tomaten-26-150x150.jpg",150,150,true],"medium":["https:\/\/agronoticias.es\/de\/wp-content\/uploads\/2026\/01\/Tomaten-26-300x199.jpg",300,199,true],"medium_large":["https:\/\/agronoticias.es\/de\/wp-content\/uploads\/2026\/01\/Tomaten-26.jpg",640,425,false],"large":["https:\/\/agronoticias.es\/de\/wp-content\/uploads\/2026\/01\/Tomaten-26.jpg",640,425,false],"1536x1536":["https:\/\/agronoticias.es\/de\/wp-content\/uploads\/2026\/01\/Tomaten-26.jpg",701,466,false],"2048x2048":["https:\/\/agronoticias.es\/de\/wp-content\/uploads\/2026\/01\/Tomaten-26.jpg",701,466,false],"morenews-large":["https:\/\/agronoticias.es\/de\/wp-content\/uploads\/2026\/01\/Tomaten-26.jpg",701,466,false],"morenews-medium":["https:\/\/agronoticias.es\/de\/wp-content\/uploads\/2026\/01\/Tomaten-26-590x410.jpg",590,410,true]},"author_info":{"display_name":"admin","author_link":"https:\/\/agronoticias.es\/de\/author\/admin\/"},"category_info":"<a href=\"https:\/\/agronoticias.es\/de\/category\/allgemein\/\" rel=\"category tag\">Allgemein<\/a>","tag_info":"Allgemein","comment_count":"0","_links":{"self":[{"href":"https:\/\/agronoticias.es\/de\/wp-json\/wp\/v2\/posts\/3634","targetHints":{"allow":["GET"]}}],"collection":[{"href":"https:\/\/agronoticias.es\/de\/wp-json\/wp\/v2\/posts"}],"about":[{"href":"https:\/\/agronoticias.es\/de\/wp-json\/wp\/v2\/types\/post"}],"author":[{"embeddable":true,"href":"https:\/\/agronoticias.es\/de\/wp-json\/wp\/v2\/users\/1"}],"replies":[{"embeddable":true,"href":"https:\/\/agronoticias.es\/de\/wp-json\/wp\/v2\/comments?post=3634"}],"version-history":[{"count":1,"href":"https:\/\/agronoticias.es\/de\/wp-json\/wp\/v2\/posts\/3634\/revisions"}],"predecessor-version":[{"id":3636,"href":"https:\/\/agronoticias.es\/de\/wp-json\/wp\/v2\/posts\/3634\/revisions\/3636"}],"wp:featuredmedia":[{"embeddable":true,"href":"https:\/\/agronoticias.es\/de\/wp-json\/wp\/v2\/media\/3635"}],"wp:attachment":[{"href":"https:\/\/agronoticias.es\/de\/wp-json\/wp\/v2\/media?parent=3634"}],"wp:term":[{"taxonomy":"category","embeddable":true,"href":"https:\/\/agronoticias.es\/de\/wp-json\/wp\/v2\/categories?post=3634"},{"taxonomy":"post_tag","embeddable":true,"href":"https:\/\/agronoticias.es\/de\/wp-json\/wp\/v2\/tags?post=3634"}],"curies":[{"name":"wp","href":"https:\/\/api.w.org\/{rel}","templated":true}]}}