{"id":3626,"date":"2026-01-28T11:04:22","date_gmt":"2026-01-28T10:04:22","guid":{"rendered":"https:\/\/agronoticias.es\/de\/?p=3626"},"modified":"2026-01-28T11:04:23","modified_gmt":"2026-01-28T10:04:23","slug":"konsumklima-erholungstendenzen-auf-niedrigem-niveau","status":"publish","type":"post","link":"https:\/\/agronoticias.es\/de\/konsumklima-erholungstendenzen-auf-niedrigem-niveau\/","title":{"rendered":"Konsumklima: Erholungstendenzen auf niedrigem Niveau\u200b"},"content":{"rendered":"\n<p><\/p>\n\n\n\n<p>Die Stimmung der Verbraucher in Deutschland hellt sich zu Jahresbeginn 2026 auf: Sowohl die Konjunktur- und Einkommenserwartung als auch die Anschaffungsneigung steigen an, w\u00e4hrend\u202fdie Sparneigung\u202fweitgehend stagniert. Folglich\u202ferwarten die Konsumenten f\u00fcr den\u202fKonsumklima-Indikator f\u00fcr Februar dieses Jahres im Vergleich zum Vormonat einen Anstieg von 2,8 Z\u00e4hlern auf -24,1 Punkte.\u202fDies zeigen die aktuellen Ergebnisse des GfK Konsumklimas\u202fpowered\u202fby\u202fNIM,\u202fdas\u202fseit Oktober 2023 gemeinsam von NIQ\/GfK und dem N\u00fcrnberg Institut f\u00fcr Marktentscheidungen (NIM), Gr\u00fcnder der GfK, herausgegeben wird.\u202f<\/p>\n\n\n\n<p>Neben einem moderaten Zuwachs der Anschaffungsneigung tr\u00e4gt vor allem der deutliche und sprunghafte Anstieg der Einkommenserwartung zur Verbesserung des Konsumklimas bei. Die Sparneigung hat in diesem Monat keinen wesentlichen Einfluss auf die Entwicklung des Indikators, da sie mit -0,8 Z\u00e4hlern nahezu unver\u00e4ndert ist und bei knapp 18 Punkten auf einem sehr hohen Niveau stagniert.&nbsp;<\/p>\n\n\n\n<p>\u201eMit dem aktuellen Anstieg kann das Konsumklima die starken Verluste aus dem Vormonat zu einem wesentlichen Teil gutmachen. Das Niveau bleibt jedoch niedrig. Der Einkommensindikator gewinnt im Januar 12 Z\u00e4hler hinzu und weist nun 5,1 Punkte auf. Die Erh\u00f6hung des Mindestlohnes zum 1.1.2026 sowie gesunkene Inflations\u00e4ngste der Verbraucher beleben offenbar die Aussichten auf bessere Einkommen\u201c, erkl\u00e4rt Rolf B\u00fcrkl, Head of Consumer Climate beim NIM. \u201eOb sich der positive Trend in den kommenden Monaten festigen kann, bleibt jedoch abzuwarten. Die anhaltenden geopolitischen Spannungen sowie eine Eskalation der Handelskonflikte k\u00f6nnten die Stimmung schnell wieder zum Kippen bringen. Somit steht die aktuelle Aufhellung durchaus auf t\u00f6nernen F\u00fc\u00dfen\u201c.&nbsp;&nbsp;&nbsp;<\/p>\n\n\n\n<p>Anschaffungsneigung\u202fprofitiert von verbesserten Einkommensaussichten\u202f<\/p>\n\n\n\n<p>Von den verbesserten Einkommensaussichten profitiert in diesem Monat die Anschaffungsneigung der Verbraucher:\u202fDer Indikator gewinnt 3,5 Z\u00e4hler hinzu und klettert damit auf -4,0 Punkte. Ein besserer Wert wurde zuletzt mit -2,1 Punkten im M\u00e4rz 2022 gemessen.\u202f&nbsp;<\/p>\n\n\n\n<p>Neben der verbesserten Einkommensstimmung spielt f\u00fcr die Konsumneigung auch\u202fstets\u202fdas Thema Inflation eine wichtige Rolle. Tiefergehende Analysen\u202fdes NIM\u202fzu den Gr\u00fcnden f\u00fcr die\u202fgetr\u00fcbte\u202fAnschaffungsneigung zeigen, dass die \u00fcberwiegende Mehrheit der Verbraucher hohe bzw. steigende Preise als wesentlichen Grund angibt.\u202fHier hat\u202fsich\u202fzuletzt eine Entspannung\u202fabgezeichnet,\u202fda\u202fdie Inflationsrate im Dezember\u202f2025\u202fin Deutschland\u202fauf 1,8\u202fProzent\u202fgesunken\u202fist.\u202f\u202f<\/p>\n\n\n\n<p>Die Konjunkturerwartungen\u202fstarten verbessert in das neue Jahr\u202f<\/p>\n\n\n\n<p>Die Konjunkturaussichten\u202ff\u00fcr die kommenden 12 Monate sch\u00e4tzen die\u202fVerbraucher zu Jahresbeginn ebenfalls positiver\u202fein. Der Indikator gewinnt 5,4 Z\u00e4hler hinzu und weist nun 6,6 Punkte auf. Dies sind 8,2 Punkte mehr als im entsprechenden Zeitraum des Vorjahres.\u202f<\/p>\n\n\n\n<p>Mit dem zweiten Anstieg in Folge verst\u00e4rken sich die Hinweise, dass die deutsche Wirtschaft nach Einsch\u00e4tzung der Verbraucher nach drei Jahren Rezession bzw. Stagnation wieder auf\u202feinen moderaten\u202fWachstumspfad zur\u00fcckkehrt. So gehen die Wirtschaftsexperten derzeit davon aus, dass die Wirtschaft in diesem Jahr mit einem Plus des Bruttoinlandsproduktes von etwa einem Prozent\u202frechnen\u202fkann.\u202f<\/p>\n\n\n\n<p>Quelle und Foto: NIQ\/GfK<\/p>\n","protected":false},"excerpt":{"rendered":"<p>Die Stimmung der Verbraucher in Deutschland hellt sich zu Jahresbeginn 2026 auf: Sowohl die Konjunktur- und Einkommenserwartung als<\/p>\n","protected":false},"author":1,"featured_media":3551,"comment_status":"closed","ping_status":"closed","sticky":false,"template":"","format":"standard","meta":{"footnotes":""},"categories":[34],"tags":[],"class_list":["post-3626","post","type-post","status-publish","format-standard","has-post-thumbnail","hentry","category-allgemein"],"featured_image_urls":{"full":["https:\/\/agronoticias.es\/de\/wp-content\/uploads\/2025\/12\/konsumklima-12.25.png",1000,667,false],"thumbnail":["https:\/\/agronoticias.es\/de\/wp-content\/uploads\/2025\/12\/konsumklima-12.25-150x150.png",150,150,true],"medium":["https:\/\/agronoticias.es\/de\/wp-content\/uploads\/2025\/12\/konsumklima-12.25-300x200.png",300,200,true],"medium_large":["https:\/\/agronoticias.es\/de\/wp-content\/uploads\/2025\/12\/konsumklima-12.25-768x512.png",640,427,true],"large":["https:\/\/agronoticias.es\/de\/wp-content\/uploads\/2025\/12\/konsumklima-12.25.png",640,427,false],"1536x1536":["https:\/\/agronoticias.es\/de\/wp-content\/uploads\/2025\/12\/konsumklima-12.25.png",1000,667,false],"2048x2048":["https:\/\/agronoticias.es\/de\/wp-content\/uploads\/2025\/12\/konsumklima-12.25.png",1000,667,false],"morenews-large":["https:\/\/agronoticias.es\/de\/wp-content\/uploads\/2025\/12\/konsumklima-12.25-825x575.png",825,575,true],"morenews-medium":["https:\/\/agronoticias.es\/de\/wp-content\/uploads\/2025\/12\/konsumklima-12.25-590x410.png",590,410,true]},"author_info":{"display_name":"admin","author_link":"https:\/\/agronoticias.es\/de\/author\/admin\/"},"category_info":"<a href=\"https:\/\/agronoticias.es\/de\/category\/allgemein\/\" rel=\"category tag\">Allgemein<\/a>","tag_info":"Allgemein","comment_count":"0","_links":{"self":[{"href":"https:\/\/agronoticias.es\/de\/wp-json\/wp\/v2\/posts\/3626","targetHints":{"allow":["GET"]}}],"collection":[{"href":"https:\/\/agronoticias.es\/de\/wp-json\/wp\/v2\/posts"}],"about":[{"href":"https:\/\/agronoticias.es\/de\/wp-json\/wp\/v2\/types\/post"}],"author":[{"embeddable":true,"href":"https:\/\/agronoticias.es\/de\/wp-json\/wp\/v2\/users\/1"}],"replies":[{"embeddable":true,"href":"https:\/\/agronoticias.es\/de\/wp-json\/wp\/v2\/comments?post=3626"}],"version-history":[{"count":1,"href":"https:\/\/agronoticias.es\/de\/wp-json\/wp\/v2\/posts\/3626\/revisions"}],"predecessor-version":[{"id":3627,"href":"https:\/\/agronoticias.es\/de\/wp-json\/wp\/v2\/posts\/3626\/revisions\/3627"}],"wp:featuredmedia":[{"embeddable":true,"href":"https:\/\/agronoticias.es\/de\/wp-json\/wp\/v2\/media\/3551"}],"wp:attachment":[{"href":"https:\/\/agronoticias.es\/de\/wp-json\/wp\/v2\/media?parent=3626"}],"wp:term":[{"taxonomy":"category","embeddable":true,"href":"https:\/\/agronoticias.es\/de\/wp-json\/wp\/v2\/categories?post=3626"},{"taxonomy":"post_tag","embeddable":true,"href":"https:\/\/agronoticias.es\/de\/wp-json\/wp\/v2\/tags?post=3626"}],"curies":[{"name":"wp","href":"https:\/\/api.w.org\/{rel}","templated":true}]}}