{"id":3616,"date":"2026-01-23T10:45:11","date_gmt":"2026-01-23T09:45:11","guid":{"rendered":"https:\/\/agronoticias.es\/de\/?p=3616"},"modified":"2026-01-23T10:45:11","modified_gmt":"2026-01-23T09:45:11","slug":"mercabarna-und-agem-nehmen-an-der-messe-fruit-logistica-in-berlin-teil","status":"publish","type":"post","link":"https:\/\/agronoticias.es\/de\/mercabarna-und-agem-nehmen-an-der-messe-fruit-logistica-in-berlin-teil\/","title":{"rendered":"Mercabarna und AGEM nehmen an der Messe Fruit Logistica in Berlin teil"},"content":{"rendered":"\n<p>Mercabarna und AGEM (Gro\u00dfh\u00e4ndlerverband des Gro\u00dfmarktes) nehmen wieder an der weltweit gr\u00f6\u00dften Messe f\u00fcr Obst und Gem\u00fcse, der Fruit Logistica, teil, die vom 4. bis 6. Februar in Berlin stattfindet.<\/p>\n\n\n\n<p><a><\/a> Der Stand des Gro\u00dfhandelszentrums, der die 200 Unternehmen des Obst- und Gem\u00fcsesektors von Mercabarna vertreten wird, befindet sich in Halle 11.2\/Stand B-45 innerhalb des Bereichs von Katalonien, der von Prodeca (Promotora de Exportaciones Catalanas) auf dem Messegel\u00e4nde Berlin organisiert wird.<\/p>\n\n\n\n<p>Mercabarna pr\u00e4sentiert sich in Berlin nach eigenen Angaben als Europas f\u00fchrender Obst- und Gem\u00fcsegro\u00dfmarkt dank seines umfangreichen Angebots und seiner Produktvielfalt, die sowohl nationale Produkte als auch die aus anderen Kontinenten umfasst, von den traditionellsten bis hin zu den innovativsten Sorten. Sein Engagement f\u00fcr die Wertsteigerung der Produkte (Convenience, verschiedene Pr\u00e4sentationen, Marken&#8230;) und den Kundenservice sowie eine hochspezialisierte Logistik garantieren maximale Frische und Effizienz im Vertrieb.<\/p>\n\n\n\n<p>Diese einzigartige Kombination macht Mercabarna zur europ\u00e4ischen Referenz f\u00fcr eine Vielzahl von Fachleuten, die das beste Preis-Leistungs-Verh\u00e4ltnis, Vielfalt und L\u00f6sungen suchen, die den neuen Trends der Branche sowohl in Bezug auf Produkte als auch auf Logistik entsprechen.<\/p>\n\n\n\n<p>Spezialisierte Unternehmen f\u00fcr alle Bereiche<\/p>\n\n\n\n<p>Zu dem O+G-Sektor von Mercabarna geh\u00f6rt auch eine Vielzahl von Unternehmen, die darauf spezialisiert sind, alle Arten von Fachrichtungen zu beliefern: Gro\u00dfh\u00e4ndler, internationale Handelsunternehmen, Superm\u00e4rkte, Einkaufszentren, Gastronomen, Catering-Unternehmen usw. Dar\u00fcber hinaus befindet sich der Markt in einer strategisch g\u00fcnstigen Lage, der Freihandelszone von Barcelona, mit optimalen Verbindungen f\u00fcr den Warenverkehr auf dem Landweg \u00fcber das Stra\u00dfen- und Schienennetz sowie auf dem See- und Luftweg, da er nur wenige Kilometer vom Hafen und Flughafen von Barcelona und nur 10 km vom Stadtzentrum entfernt liegt. All dies garantiert die f\u00fcr Frischprodukte erforderliche logistische Schnelligkeit.<\/p>\n\n\n\n<p>Handelsmission auf der Messe<\/p>\n\n\n\n<p>AGEM und Mercabarna haben in Zusammenarbeit mit der Handelskammer von Barcelona eine Handelsmission mit mehr als 40 B2B-Treffen zwischen Unternehmen aus dem Obst- und Gem\u00fcsesektor des Gro\u00dfmarktes und potenziellen K\u00e4ufern aus anderen L\u00e4ndern organisiert.<\/p>\n\n\n\n<p>Einige Unternehmen von Mercabarna werden auf der Messe mit einem eigenen Stand vertreten sein, darunter: Compagnie Fruitiere (5.2 \/ A-20), Frutinter (8 \/ B-50), Gav\u00e0 Grup (18 \/ B-15), Grupo Diego Mart\u00ednez (11.2 \/ B-43), Nufri (27 \/ E-60).<\/p>\n","protected":false},"excerpt":{"rendered":"<p>Mercabarna und AGEM (Gro\u00dfh\u00e4ndlerverband des Gro\u00dfmarktes) nehmen wieder an der weltweit gr\u00f6\u00dften Messe f\u00fcr Obst und Gem\u00fcse, der<\/p>\n","protected":false},"author":1,"featured_media":3617,"comment_status":"closed","ping_status":"closed","sticky":false,"template":"","format":"standard","meta":{"footnotes":""},"categories":[34],"tags":[],"class_list":["post-3616","post","type-post","status-publish","format-standard","has-post-thumbnail","hentry","category-allgemein"],"featured_image_urls":{"full":["https:\/\/agronoticias.es\/de\/wp-content\/uploads\/2026\/01\/Mercabarna-Fruit-Logistica.jpg",2048,1536,false],"thumbnail":["https:\/\/agronoticias.es\/de\/wp-content\/uploads\/2026\/01\/Mercabarna-Fruit-Logistica-150x150.jpg",150,150,true],"medium":["https:\/\/agronoticias.es\/de\/wp-content\/uploads\/2026\/01\/Mercabarna-Fruit-Logistica-300x225.jpg",300,225,true],"medium_large":["https:\/\/agronoticias.es\/de\/wp-content\/uploads\/2026\/01\/Mercabarna-Fruit-Logistica-768x576.jpg",640,480,true],"large":["https:\/\/agronoticias.es\/de\/wp-content\/uploads\/2026\/01\/Mercabarna-Fruit-Logistica-1024x768.jpg",640,480,true],"1536x1536":["https:\/\/agronoticias.es\/de\/wp-content\/uploads\/2026\/01\/Mercabarna-Fruit-Logistica-1536x1152.jpg",1536,1152,true],"2048x2048":["https:\/\/agronoticias.es\/de\/wp-content\/uploads\/2026\/01\/Mercabarna-Fruit-Logistica.jpg",2048,1536,false],"morenews-large":["https:\/\/agronoticias.es\/de\/wp-content\/uploads\/2026\/01\/Mercabarna-Fruit-Logistica-825x575.jpg",825,575,true],"morenews-medium":["https:\/\/agronoticias.es\/de\/wp-content\/uploads\/2026\/01\/Mercabarna-Fruit-Logistica-590x410.jpg",590,410,true]},"author_info":{"display_name":"admin","author_link":"https:\/\/agronoticias.es\/de\/author\/admin\/"},"category_info":"<a href=\"https:\/\/agronoticias.es\/de\/category\/allgemein\/\" rel=\"category tag\">Allgemein<\/a>","tag_info":"Allgemein","comment_count":"0","_links":{"self":[{"href":"https:\/\/agronoticias.es\/de\/wp-json\/wp\/v2\/posts\/3616","targetHints":{"allow":["GET"]}}],"collection":[{"href":"https:\/\/agronoticias.es\/de\/wp-json\/wp\/v2\/posts"}],"about":[{"href":"https:\/\/agronoticias.es\/de\/wp-json\/wp\/v2\/types\/post"}],"author":[{"embeddable":true,"href":"https:\/\/agronoticias.es\/de\/wp-json\/wp\/v2\/users\/1"}],"replies":[{"embeddable":true,"href":"https:\/\/agronoticias.es\/de\/wp-json\/wp\/v2\/comments?post=3616"}],"version-history":[{"count":1,"href":"https:\/\/agronoticias.es\/de\/wp-json\/wp\/v2\/posts\/3616\/revisions"}],"predecessor-version":[{"id":3618,"href":"https:\/\/agronoticias.es\/de\/wp-json\/wp\/v2\/posts\/3616\/revisions\/3618"}],"wp:featuredmedia":[{"embeddable":true,"href":"https:\/\/agronoticias.es\/de\/wp-json\/wp\/v2\/media\/3617"}],"wp:attachment":[{"href":"https:\/\/agronoticias.es\/de\/wp-json\/wp\/v2\/media?parent=3616"}],"wp:term":[{"taxonomy":"category","embeddable":true,"href":"https:\/\/agronoticias.es\/de\/wp-json\/wp\/v2\/categories?post=3616"},{"taxonomy":"post_tag","embeddable":true,"href":"https:\/\/agronoticias.es\/de\/wp-json\/wp\/v2\/tags?post=3616"}],"curies":[{"name":"wp","href":"https:\/\/api.w.org\/{rel}","templated":true}]}}