{"id":3592,"date":"2026-01-13T16:56:48","date_gmt":"2026-01-13T15:56:48","guid":{"rendered":"https:\/\/agronoticias.es\/de\/?p=3592"},"modified":"2026-01-13T16:58:43","modified_gmt":"2026-01-13T15:58:43","slug":"landgard-auf-der-fruit-logistica-2026-mit-neuen-pos-aktionen","status":"publish","type":"post","link":"https:\/\/agronoticias.es\/de\/landgard-auf-der-fruit-logistica-2026-mit-neuen-pos-aktionen\/","title":{"rendered":"Landgard auf der Fruit Logistica 2026 mit neuen POS-Aktionen"},"content":{"rendered":"\n<p><br>Vom 4. bis 6. Februar 2026 r\u00fcckt Landgard auf der Fruit Logistica 2026 in Berlin direkt am Eingang der Halle 20 auf rund 170 Quadratmetern das breite Frischeportfolio der regionalen, nationalen und internationalen Erzeugerbetriebe in den Fokus. Der Landgard-Marktplatz bietet einen spannenden \u00dcberblick \u00fcber die Vielfalt des Obst- und Gem\u00fcseangebots der Genossenschaft. Zudem werden neue Point of Sale -Aktionen mit Kooperationspartnern pr\u00e4sentiert. So wird das leistungsstarke Sourcing-Netzwerk der Genossenschaft bei der Fruit Logistica anhand konkreter Produkte direkt erlebbar und mit neuen POS-Aktivierungen f\u00fcr den Handel erg\u00e4nzt.<\/p>\n\n\n\n<p>Mit Blumen und Pflanzen als Erg\u00e4nzung zum Frischesortiment zeigt der Landgard-Messeauftritt zudem, wie sich unterschiedliche Warengruppen perfekt verbinden lassen, um attraktive Vermarktungs-Konzepte zu schaffen. Dazu pr\u00e4sentiert Landgard das inzwischen markterprobte Konzept \u201eBlumenwerk\u201c. Die Marke steht f\u00fcr ein qualitativ solides Sortiment mit Str\u00e4u\u00dfen, Monostr\u00e4u\u00dfen und ausgew\u00e4hlten Topfpflanzen \u2013 ma\u00dfgeschneidert f\u00fcr die Kundinnen im Lebensmitteleinzelhandel. Dar\u00fcber hinaus stellt Landgard den Fachbesucherinnen am Landgard-Stand auch wieder zahlreiche Eigenmarken und Lizenzen vor \u2013 darunter \u201eIssReifer\u201c, \u201eBanamigo\u201c, \u201eIssSO\u201c, \u201eIssBio\u201c, \u201eJust Spices\u201c, \u201eBloss\u201c, \u201eEvelina\u201c, \u201eXenia\u201c sowie \u201eDie Biene Maja\u201c.<br><br>Die Initiative \u201e1000 gute Gr\u00fcnde\u201c zeigt mit ausgefallenen Rezeptideen wieder auf, wie vielf\u00e4ltig das Produktportfolio vom Endkonsumenten verarbeitet werden kann. Und das nicht nur inspirierend in Bild und Video, sondern f\u00fcr die Messebesucherinnen auch als Live-Kostprobe zum Direkt-Erleben! In neuer Optik bietet der Landgard-Messestand zudem wieder reichlich Raum f\u00fcr pers\u00f6nliche Gespr\u00e4che und partnerschaftlichen Austausch. Fachbesucherinnen k\u00f6nnen die Messetage daher wie gewohnt nutzen, um sich mit Landgard-Fachleuten und Erzeugerinnen \u00fcber aktuelle Sortimente, Qualit\u00e4ten und Vermarktungsideen austauschen. Die Fruit Logistica ist jedes Jahr auch f\u00fcr Landgard eine zentrale Plattform, um gemeinsam mit Kundschaft, Erzeugerbetrieben und Branchenpartnerinnen aktuelle Marktentwicklungen zu diskutieren und Impulse f\u00fcr das kommende Gesch\u00e4ftsjahr zu setzen.<br><br>In Summe verdeutlicht der Landgard-Messeauftritt bei der Fruit Logistica einmal mehr die ganzheitliche Kompetenz der Genossenschaft als Partner des Lebensmitteleinzelhandels \u2013 von Obst und Gem\u00fcse bis hin zu floralen Sortimenten. Quelle:Langard<\/p>\n","protected":false},"excerpt":{"rendered":"<p>Vom 4. bis 6. Februar 2026 r\u00fcckt Landgard auf der Fruit Logistica 2026 in Berlin direkt am Eingang<\/p>\n","protected":false},"author":1,"featured_media":3593,"comment_status":"closed","ping_status":"closed","sticky":false,"template":"","format":"standard","meta":{"footnotes":""},"categories":[34,1],"tags":[],"class_list":["post-3592","post","type-post","status-publish","format-standard","has-post-thumbnail","hentry","category-allgemein","category-veranstaltungen"],"featured_image_urls":{"full":["https:\/\/agronoticias.es\/de\/wp-content\/uploads\/2026\/01\/langard-stan-fl25.jpg",724,483,false],"thumbnail":["https:\/\/agronoticias.es\/de\/wp-content\/uploads\/2026\/01\/langard-stan-fl25-150x150.jpg",150,150,true],"medium":["https:\/\/agronoticias.es\/de\/wp-content\/uploads\/2026\/01\/langard-stan-fl25-300x200.jpg",300,200,true],"medium_large":["https:\/\/agronoticias.es\/de\/wp-content\/uploads\/2026\/01\/langard-stan-fl25.jpg",640,427,false],"large":["https:\/\/agronoticias.es\/de\/wp-content\/uploads\/2026\/01\/langard-stan-fl25.jpg",640,427,false],"1536x1536":["https:\/\/agronoticias.es\/de\/wp-content\/uploads\/2026\/01\/langard-stan-fl25.jpg",724,483,false],"2048x2048":["https:\/\/agronoticias.es\/de\/wp-content\/uploads\/2026\/01\/langard-stan-fl25.jpg",724,483,false],"morenews-large":["https:\/\/agronoticias.es\/de\/wp-content\/uploads\/2026\/01\/langard-stan-fl25.jpg",724,483,false],"morenews-medium":["https:\/\/agronoticias.es\/de\/wp-content\/uploads\/2026\/01\/langard-stan-fl25-590x410.jpg",590,410,true]},"author_info":{"display_name":"admin","author_link":"https:\/\/agronoticias.es\/de\/author\/admin\/"},"category_info":"<a href=\"https:\/\/agronoticias.es\/de\/category\/allgemein\/\" rel=\"category tag\">Allgemein<\/a> <a href=\"https:\/\/agronoticias.es\/de\/category\/veranstaltungen\/\" rel=\"category tag\">Veranstaltungen<\/a>","tag_info":"Veranstaltungen","comment_count":"0","_links":{"self":[{"href":"https:\/\/agronoticias.es\/de\/wp-json\/wp\/v2\/posts\/3592","targetHints":{"allow":["GET"]}}],"collection":[{"href":"https:\/\/agronoticias.es\/de\/wp-json\/wp\/v2\/posts"}],"about":[{"href":"https:\/\/agronoticias.es\/de\/wp-json\/wp\/v2\/types\/post"}],"author":[{"embeddable":true,"href":"https:\/\/agronoticias.es\/de\/wp-json\/wp\/v2\/users\/1"}],"replies":[{"embeddable":true,"href":"https:\/\/agronoticias.es\/de\/wp-json\/wp\/v2\/comments?post=3592"}],"version-history":[{"count":3,"href":"https:\/\/agronoticias.es\/de\/wp-json\/wp\/v2\/posts\/3592\/revisions"}],"predecessor-version":[{"id":3597,"href":"https:\/\/agronoticias.es\/de\/wp-json\/wp\/v2\/posts\/3592\/revisions\/3597"}],"wp:featuredmedia":[{"embeddable":true,"href":"https:\/\/agronoticias.es\/de\/wp-json\/wp\/v2\/media\/3593"}],"wp:attachment":[{"href":"https:\/\/agronoticias.es\/de\/wp-json\/wp\/v2\/media?parent=3592"}],"wp:term":[{"taxonomy":"category","embeddable":true,"href":"https:\/\/agronoticias.es\/de\/wp-json\/wp\/v2\/categories?post=3592"},{"taxonomy":"post_tag","embeddable":true,"href":"https:\/\/agronoticias.es\/de\/wp-json\/wp\/v2\/tags?post=3592"}],"curies":[{"name":"wp","href":"https:\/\/api.w.org\/{rel}","templated":true}]}}