{"id":3586,"date":"2026-01-13T11:31:35","date_gmt":"2026-01-13T10:31:35","guid":{"rendered":"https:\/\/agronoticias.es\/de\/?p=3586"},"modified":"2026-01-13T11:31:36","modified_gmt":"2026-01-13T10:31:36","slug":"spanien-importe-von-frischem-obst-und-gemuse-steigen-weiter","status":"publish","type":"post","link":"https:\/\/agronoticias.es\/de\/spanien-importe-von-frischem-obst-und-gemuse-steigen-weiter\/","title":{"rendered":"Spanien \u2013 Importe von frischem Obst und Gem\u00fcse steigen weiter"},"content":{"rendered":"\n<p><\/p>\n\n\n\n<p>Die spanischen O+G-Importe haben auch in 2025 weiter zugenommen und erreichten von Januar bis Oktober 25 ein Volumen von 3,8 Mio t im Wert von 4,581 Mrd Euro. Das ist ein Anstieg von 8 % bzw. 12 %. Von der Gesamtmenge entfielen 47 % auf Gem\u00fcse und 53 % auf Obst.<\/p>\n\n\n\n<p>Nach aktualisierten Daten der spanischen Zollbeh\u00f6rde wurden in diesem Zeitraum 1,8 Mio t (+ 9 %) frisches Gem\u00fcse importiert im Wert von 1,342 Mrd Euro (+ 4 %). Meist eingef\u00fchrtes Produkt waren nach wie vor Kartoffeln mit 1,02 Mio t (+1 %) und 389 Mio Euro (+14 %). Hervorzuheben auch die Zunahme bei Tomten, deren Importe mi Vorjahresvergleich von 173.635 t auf 270.230 t um 56 % gestiegen sind. Der h\u00f6chste Anteil mit 65.615 t (+55%) entf\u00e4llt dabei auf Marrokko.<\/p>\n\n\n\n<p>An frischem Obst wurden von Januar bis Oktober 2 Mio t (+ 7 %) eingef\u00fchrt mit einem Wert von 3,238 Mrd Euro (+16 %). Die gr\u00f6ssten Mengen entfielen auf Bananen. Der traditionell zweite Platz f\u00fcr Ananas wurde diesmal von Avocados eingenommen, deren Mengen 276.801 t (+24,5 %) und einen Umsatz von 565 Mio Euro (+5 %) erreichten.<\/p>\n","protected":false},"excerpt":{"rendered":"<p>Die spanischen O+G-Importe haben auch in 2025 weiter zugenommen und erreichten von Januar bis Oktober 25 ein Volumen<\/p>\n","protected":false},"author":1,"featured_media":3587,"comment_status":"closed","ping_status":"closed","sticky":false,"template":"","format":"standard","meta":{"footnotes":""},"categories":[34],"tags":[],"class_list":["post-3586","post","type-post","status-publish","format-standard","has-post-thumbnail","hentry","category-allgemein"],"featured_image_urls":{"full":["https:\/\/agronoticias.es\/de\/wp-content\/uploads\/2026\/01\/Patatas-Europatat.png",600,332,false],"thumbnail":["https:\/\/agronoticias.es\/de\/wp-content\/uploads\/2026\/01\/Patatas-Europatat-150x150.png",150,150,true],"medium":["https:\/\/agronoticias.es\/de\/wp-content\/uploads\/2026\/01\/Patatas-Europatat-300x166.png",300,166,true],"medium_large":["https:\/\/agronoticias.es\/de\/wp-content\/uploads\/2026\/01\/Patatas-Europatat.png",600,332,false],"large":["https:\/\/agronoticias.es\/de\/wp-content\/uploads\/2026\/01\/Patatas-Europatat.png",600,332,false],"1536x1536":["https:\/\/agronoticias.es\/de\/wp-content\/uploads\/2026\/01\/Patatas-Europatat.png",600,332,false],"2048x2048":["https:\/\/agronoticias.es\/de\/wp-content\/uploads\/2026\/01\/Patatas-Europatat.png",600,332,false],"morenews-large":["https:\/\/agronoticias.es\/de\/wp-content\/uploads\/2026\/01\/Patatas-Europatat.png",600,332,false],"morenews-medium":["https:\/\/agronoticias.es\/de\/wp-content\/uploads\/2026\/01\/Patatas-Europatat-590x332.png",590,332,true]},"author_info":{"display_name":"admin","author_link":"https:\/\/agronoticias.es\/de\/author\/admin\/"},"category_info":"<a href=\"https:\/\/agronoticias.es\/de\/category\/allgemein\/\" rel=\"category tag\">Allgemein<\/a>","tag_info":"Allgemein","comment_count":"0","_links":{"self":[{"href":"https:\/\/agronoticias.es\/de\/wp-json\/wp\/v2\/posts\/3586","targetHints":{"allow":["GET"]}}],"collection":[{"href":"https:\/\/agronoticias.es\/de\/wp-json\/wp\/v2\/posts"}],"about":[{"href":"https:\/\/agronoticias.es\/de\/wp-json\/wp\/v2\/types\/post"}],"author":[{"embeddable":true,"href":"https:\/\/agronoticias.es\/de\/wp-json\/wp\/v2\/users\/1"}],"replies":[{"embeddable":true,"href":"https:\/\/agronoticias.es\/de\/wp-json\/wp\/v2\/comments?post=3586"}],"version-history":[{"count":1,"href":"https:\/\/agronoticias.es\/de\/wp-json\/wp\/v2\/posts\/3586\/revisions"}],"predecessor-version":[{"id":3588,"href":"https:\/\/agronoticias.es\/de\/wp-json\/wp\/v2\/posts\/3586\/revisions\/3588"}],"wp:featuredmedia":[{"embeddable":true,"href":"https:\/\/agronoticias.es\/de\/wp-json\/wp\/v2\/media\/3587"}],"wp:attachment":[{"href":"https:\/\/agronoticias.es\/de\/wp-json\/wp\/v2\/media?parent=3586"}],"wp:term":[{"taxonomy":"category","embeddable":true,"href":"https:\/\/agronoticias.es\/de\/wp-json\/wp\/v2\/categories?post=3586"},{"taxonomy":"post_tag","embeddable":true,"href":"https:\/\/agronoticias.es\/de\/wp-json\/wp\/v2\/tags?post=3586"}],"curies":[{"name":"wp","href":"https:\/\/api.w.org\/{rel}","templated":true}]}}