{"id":3583,"date":"2026-01-13T11:29:48","date_gmt":"2026-01-13T10:29:48","guid":{"rendered":"https:\/\/agronoticias.es\/de\/?p=3583"},"modified":"2026-01-13T16:52:30","modified_gmt":"2026-01-13T15:52:30","slug":"agroponiente-bringt-ein-stuck-almeria-zur-fruit-logistica-2026","status":"publish","type":"post","link":"https:\/\/agronoticias.es\/de\/agroponiente-bringt-ein-stuck-almeria-zur-fruit-logistica-2026\/","title":{"rendered":"Agroponiente bringt ein St\u00fcck Almer\u00eda zur Fruit Logistica 2026"},"content":{"rendered":"\n<p> <br><br>Agroponiente wird erneut auf der Fruit Logistica 2026 &#8211; der wichtigsten internationalen Messe f\u00fcr den Obst- und Gem\u00fcsesektor, die vom 4. bis 6. Februar in Berlin stattfindet &#8211; mit einem eigenen Stand von 60 m\u00b2 in Halle 8.2, Stand B31 pr\u00e4sent sein. Ein Treffpunkt, der die Herkunft, Essenz und Arbeitsweise des Unternehmens widerspiegeln soll.<\/p>\n\n\n\n<p>Der Stand von Agroponiente bildet eine Umgebung nach, die von der Agrarlandschaft Almer\u00edas inspiriert ist, und Holz, Vegetation und nat\u00fcrliche Elemente kombiniert, um den Geist der mediterranen Landwirtschaft ins Herz der deutschen Hauptstadt zu bringen. Ein offener und einladender Raum, der zu Gespr\u00e4chen, zur Analyse von Kampagnen und zum Aufbau langfristiger Beziehungen einl\u00e4dt.<\/p>\n\n\n\n<p>W\u00e4hrend der Messe wird das Unternehmen den Schwerpunkt auf seine internationale Expansionsstrategie und St\u00e4rkung seiner Zusammenarbeit mit dem europ\u00e4ischen Einzelhandel legen, wobei es sich auf ein 365-Tage-Servicemodell st\u00fctzt, das Planung, Kontinuit\u00e4t und Zuverl\u00e4ssigkeit der Lieferungen w\u00e4hrend des ganzen Jahres garantiert. Die Fruit Logistica ist auch ein Schl\u00fcsselmoment, um die Entwicklung der Winterkampagne zu bewerten und mit der Planung der Fr\u00fchjahrskampagne zu beginnen, insbesondere in Kategorien wie Melonen und Wassermelonen, sowie um die Entwicklung neuer, an die verschiedenen M\u00e4rkte angepasster Formate voranzutreiben.<br>Der Stand wird au\u00dferdem \u00fcber eine Produktexposition verf\u00fcgen, die die Qualit\u00e4t und Frische der Produktionen von Agroponiente anschaulich demonstriert und so eine direkte Verbindung zwischen Herkunft und Markt herstellt.<\/p>\n\n\n\n<p>Die Teilnahme an der Fruit Logistica 2026 wird auch dazu beitragen, die Position von Agroponiente im Bereich Nachhaltigkeit zu verst\u00e4rken, nachdem das Unternehmen die B Corp-Zertifizierung erhalten hat, ein Meilenstein, der sein Engagement f\u00fcr ein verantwortungsbewusstes, transparentes und auf positive Auswirkungen in der gesamten Wertsch\u00f6pfungskette ausgerichtetes Agrarmodell unterstreicht. Mit dieser Pr\u00e4senz bekr\u00e4ftigt Agroponiente sein Engagement f\u00fcr gro\u00dfe internationale Veranstaltungen als wichtige Foren, um Visionen auszutauschen, Kampagnen vorwegzunehmen und den Wert der almeriensischen Landwirtschaft weiterhin auf den wichtigsten europ\u00e4ischen M\u00e4rkten zu verbreiten.<\/p>\n\n\n\n<p><\/p>\n","protected":false},"excerpt":{"rendered":"<p>Agroponiente wird erneut auf der Fruit Logistica 2026 &#8211; der wichtigsten internationalen Messe f\u00fcr den Obst- und Gem\u00fcsesektor,<\/p>\n","protected":false},"author":1,"featured_media":3584,"comment_status":"closed","ping_status":"closed","sticky":false,"template":"","format":"standard","meta":{"footnotes":""},"categories":[34,1],"tags":[],"class_list":["post-3583","post","type-post","status-publish","format-standard","has-post-thumbnail","hentry","category-allgemein","category-veranstaltungen"],"featured_image_urls":{"full":["https:\/\/agronoticias.es\/de\/wp-content\/uploads\/2026\/01\/AGROPONIENTE-FRUIT-LOGISTICA2-768x576-1.jpg",768,576,false],"thumbnail":["https:\/\/agronoticias.es\/de\/wp-content\/uploads\/2026\/01\/AGROPONIENTE-FRUIT-LOGISTICA2-768x576-1-150x150.jpg",150,150,true],"medium":["https:\/\/agronoticias.es\/de\/wp-content\/uploads\/2026\/01\/AGROPONIENTE-FRUIT-LOGISTICA2-768x576-1-300x225.jpg",300,225,true],"medium_large":["https:\/\/agronoticias.es\/de\/wp-content\/uploads\/2026\/01\/AGROPONIENTE-FRUIT-LOGISTICA2-768x576-1.jpg",640,480,false],"large":["https:\/\/agronoticias.es\/de\/wp-content\/uploads\/2026\/01\/AGROPONIENTE-FRUIT-LOGISTICA2-768x576-1.jpg",640,480,false],"1536x1536":["https:\/\/agronoticias.es\/de\/wp-content\/uploads\/2026\/01\/AGROPONIENTE-FRUIT-LOGISTICA2-768x576-1.jpg",768,576,false],"2048x2048":["https:\/\/agronoticias.es\/de\/wp-content\/uploads\/2026\/01\/AGROPONIENTE-FRUIT-LOGISTICA2-768x576-1.jpg",768,576,false],"morenews-large":["https:\/\/agronoticias.es\/de\/wp-content\/uploads\/2026\/01\/AGROPONIENTE-FRUIT-LOGISTICA2-768x576-1.jpg",767,575,false],"morenews-medium":["https:\/\/agronoticias.es\/de\/wp-content\/uploads\/2026\/01\/AGROPONIENTE-FRUIT-LOGISTICA2-768x576-1-590x410.jpg",590,410,true]},"author_info":{"display_name":"admin","author_link":"https:\/\/agronoticias.es\/de\/author\/admin\/"},"category_info":"<a href=\"https:\/\/agronoticias.es\/de\/category\/allgemein\/\" rel=\"category tag\">Allgemein<\/a> <a href=\"https:\/\/agronoticias.es\/de\/category\/veranstaltungen\/\" rel=\"category tag\">Veranstaltungen<\/a>","tag_info":"Veranstaltungen","comment_count":"0","_links":{"self":[{"href":"https:\/\/agronoticias.es\/de\/wp-json\/wp\/v2\/posts\/3583","targetHints":{"allow":["GET"]}}],"collection":[{"href":"https:\/\/agronoticias.es\/de\/wp-json\/wp\/v2\/posts"}],"about":[{"href":"https:\/\/agronoticias.es\/de\/wp-json\/wp\/v2\/types\/post"}],"author":[{"embeddable":true,"href":"https:\/\/agronoticias.es\/de\/wp-json\/wp\/v2\/users\/1"}],"replies":[{"embeddable":true,"href":"https:\/\/agronoticias.es\/de\/wp-json\/wp\/v2\/comments?post=3583"}],"version-history":[{"count":1,"href":"https:\/\/agronoticias.es\/de\/wp-json\/wp\/v2\/posts\/3583\/revisions"}],"predecessor-version":[{"id":3585,"href":"https:\/\/agronoticias.es\/de\/wp-json\/wp\/v2\/posts\/3583\/revisions\/3585"}],"wp:featuredmedia":[{"embeddable":true,"href":"https:\/\/agronoticias.es\/de\/wp-json\/wp\/v2\/media\/3584"}],"wp:attachment":[{"href":"https:\/\/agronoticias.es\/de\/wp-json\/wp\/v2\/media?parent=3583"}],"wp:term":[{"taxonomy":"category","embeddable":true,"href":"https:\/\/agronoticias.es\/de\/wp-json\/wp\/v2\/categories?post=3583"},{"taxonomy":"post_tag","embeddable":true,"href":"https:\/\/agronoticias.es\/de\/wp-json\/wp\/v2\/tags?post=3583"}],"curies":[{"name":"wp","href":"https:\/\/api.w.org\/{rel}","templated":true}]}}