{"id":3574,"date":"2026-01-08T15:46:26","date_gmt":"2026-01-08T14:46:26","guid":{"rendered":"https:\/\/agronoticias.es\/de\/?p=3574"},"modified":"2026-01-13T16:52:53","modified_gmt":"2026-01-13T15:52:53","slug":"bayer-bringt-neue-erdbeersorte-auf-den-markt","status":"publish","type":"post","link":"https:\/\/agronoticias.es\/de\/bayer-bringt-neue-erdbeersorte-auf-den-markt\/","title":{"rendered":"Bayer bringt neue Erdbeersorte auf den Markt"},"content":{"rendered":"\n<p>Bayer bringt mit Baya Solara die erste kommerzielle Erdbeersorte der Marke De Ruiter auf den Markt. Der Schritt ist ein wesentlicher Bestandteil der strategischen Expansion des Unternehmens in den Erdbeermarkt. Er folgt auf den Erwerb der Erdbeer-Assets des britischen Unternehmens NIAB im Jahr 2023. Die neue Sorte unterstreicht Bayers Ziel, Erzeugern im gesch\u00fctzten Anbau innovative L\u00f6sungen anzubieten, und setzt neue Standards im Beerenobstanbau. Der Markt f\u00fcr Erdbeeren geh\u00f6rt zu den am schnellsten wachsenden innerhalb des Obstsegments und die Nachfrage \u00fcbersteigt das Angebot.<\/p>\n\n\n\n<p>\u201eBaya Solara ist eine junitragende Sorte mit beeindruckender Produktivit\u00e4t und einer starken Resistenz gegen Krankheiten wie Phytophthora cactorum, und das ohne Einbu\u00dfen bei der Fruchtqualit\u00e4t. Mit der Markteinf\u00fchrung richten wir uns an den schnell wachsenden Sektor f\u00fcr gesch\u00fctzten Anbau im n\u00f6rdlichen Europa und bieten Erzeugern neue Optionen\u201c, sagt Swanny Chouteau, Portfolio-Leiter f\u00fcr die Region Europa, Naher Osten und Afrika im Gesch\u00e4ftsbereich Obst und Gem\u00fcse der Crop-Science-Division von Bayer.<\/p>\n\n\n\n<p>Baya Solara zeichnet sich durch gro\u00dfe, gleichm\u00e4\u00dfige Fr\u00fcchte aus und wurde so gez\u00fcchtet, dass nach der Ernte weniger Br\u00e4unung auftritt, um der wachsenden Verbraucher- und Handelsnachfrage nach hochwertigen Erdbeeren gerecht zu werden. Die Frucht hat eine angenehme S\u00fc\u00dfe mit einem ausgewogenen Zucker-S\u00e4ure-Verh\u00e4ltnis und ist damit f\u00fcr Verbraucher attraktiv. Dar\u00fcber hinaus zeigt sie deutliche Verbesserungen gegen\u00fcber verbreiteten Krankheiten wie Phytophthora cactorum, ein Pilzbefall, der zu F\u00e4ule f\u00fchrt. Diese Resistenz ist wichtig f\u00fcr eine langfristige Erdbeerproduktion.<\/p>\n\n\n\n<p>\u201eBaya Solara ist eine Erdbeersorte mit vielen Vorteilen. F\u00fcr Erzeuger bedeutet das eine produktivere und verl\u00e4sslichere Ernte. F\u00fcr den Handel liefert sie konstant gro\u00dfe, feste Fr\u00fcchte mit sehr guter Haltbarkeit. Das reduziert Abf\u00e4lle und sichert verl\u00e4ssliche Qualit\u00e4t. F\u00fcr Familien bietet die Sorte k\u00f6stliche Erdbeeren, die l\u00e4nger frisch bleiben, sodass weniger Nahrungsmittel verschwendet werden\u201c, sagt VK Kishore, Leiter f\u00fcr globale Produktinnovationen im Gesch\u00e4ftsbereich Obst und Gem\u00fcse der Bayer-Division Crop Science.<\/p>\n\n\n\n<p>Baya Solara wird Erzeugern in Gro\u00dfbritannien, in Deutschland und in den Benelux-Staaten zur Verf\u00fcgung stehen. Die Sorte ist die erste kommerziell eingef\u00fchrte Sorte seit der \u00dcbernahme der NIAB-Aktivit\u00e4ten und erg\u00e4nzt sechs weitere Erdbeersorten. Dazu z\u00e4hlen Malling\u2122 Ace, eine vielseitige und produktive immertragende Sorte, die bei Erzeugern und Verbrauchern zunehmend gesch\u00e4tzt wird, sowie Malling\u2122 Centenary, eine marktf\u00fchrende junitragende Sorte, die f\u00fcr ihre herausragende Fruchtqualit\u00e4t bekannt ist.<\/p>\n\n\n\n<p>Mit mehr als 20 verschiedenen Kulturen und Tausenden von Saatgutselektionen unterst\u00fctzt das Gesch\u00e4ftsfeld Vegetable Seeds von Bayer eine gro\u00dfe Bandbreite von Erzeugern mit Saatgutsorten, die auf die Geschm\u00e4cker und Vorlieben der Verbraucher weltweit ausgerichtet sind. Wichtige Kulturen sind Tomaten, Gurken, Brokkoli, Karotten, Blumenkohl, Auberginen, Salat, Melonen, Zwiebeln, Paprika, Spinat, Zuckermais und Wassermelone. Quelle: Bayer<\/p>\n","protected":false},"excerpt":{"rendered":"<p>Bayer bringt mit Baya Solara die erste kommerzielle Erdbeersorte der Marke De Ruiter auf den Markt. Der Schritt<\/p>\n","protected":false},"author":1,"featured_media":3575,"comment_status":"closed","ping_status":"closed","sticky":false,"template":"","format":"standard","meta":{"footnotes":""},"categories":[34,33],"tags":[],"class_list":["post-3574","post","type-post","status-publish","format-standard","has-post-thumbnail","hentry","category-allgemein","category-neue_sorten"],"featured_image_urls":{"full":["https:\/\/agronoticias.es\/de\/wp-content\/uploads\/2026\/01\/bayer-erdbeeresorte.jpg",1439,960,false],"thumbnail":["https:\/\/agronoticias.es\/de\/wp-content\/uploads\/2026\/01\/bayer-erdbeeresorte-150x150.jpg",150,150,true],"medium":["https:\/\/agronoticias.es\/de\/wp-content\/uploads\/2026\/01\/bayer-erdbeeresorte-300x200.jpg",300,200,true],"medium_large":["https:\/\/agronoticias.es\/de\/wp-content\/uploads\/2026\/01\/bayer-erdbeeresorte-768x512.jpg",640,427,true],"large":["https:\/\/agronoticias.es\/de\/wp-content\/uploads\/2026\/01\/bayer-erdbeeresorte-1024x683.jpg",640,427,true],"1536x1536":["https:\/\/agronoticias.es\/de\/wp-content\/uploads\/2026\/01\/bayer-erdbeeresorte.jpg",1439,960,false],"2048x2048":["https:\/\/agronoticias.es\/de\/wp-content\/uploads\/2026\/01\/bayer-erdbeeresorte.jpg",1439,960,false],"morenews-large":["https:\/\/agronoticias.es\/de\/wp-content\/uploads\/2026\/01\/bayer-erdbeeresorte-825x575.jpg",825,575,true],"morenews-medium":["https:\/\/agronoticias.es\/de\/wp-content\/uploads\/2026\/01\/bayer-erdbeeresorte-590x410.jpg",590,410,true]},"author_info":{"display_name":"admin","author_link":"https:\/\/agronoticias.es\/de\/author\/admin\/"},"category_info":"<a href=\"https:\/\/agronoticias.es\/de\/category\/allgemein\/\" rel=\"category tag\">Allgemein<\/a> <a href=\"https:\/\/agronoticias.es\/de\/category\/neue_sorten\/\" rel=\"category tag\">Neue sorten<\/a>","tag_info":"Neue sorten","comment_count":"0","_links":{"self":[{"href":"https:\/\/agronoticias.es\/de\/wp-json\/wp\/v2\/posts\/3574","targetHints":{"allow":["GET"]}}],"collection":[{"href":"https:\/\/agronoticias.es\/de\/wp-json\/wp\/v2\/posts"}],"about":[{"href":"https:\/\/agronoticias.es\/de\/wp-json\/wp\/v2\/types\/post"}],"author":[{"embeddable":true,"href":"https:\/\/agronoticias.es\/de\/wp-json\/wp\/v2\/users\/1"}],"replies":[{"embeddable":true,"href":"https:\/\/agronoticias.es\/de\/wp-json\/wp\/v2\/comments?post=3574"}],"version-history":[{"count":1,"href":"https:\/\/agronoticias.es\/de\/wp-json\/wp\/v2\/posts\/3574\/revisions"}],"predecessor-version":[{"id":3576,"href":"https:\/\/agronoticias.es\/de\/wp-json\/wp\/v2\/posts\/3574\/revisions\/3576"}],"wp:featuredmedia":[{"embeddable":true,"href":"https:\/\/agronoticias.es\/de\/wp-json\/wp\/v2\/media\/3575"}],"wp:attachment":[{"href":"https:\/\/agronoticias.es\/de\/wp-json\/wp\/v2\/media?parent=3574"}],"wp:term":[{"taxonomy":"category","embeddable":true,"href":"https:\/\/agronoticias.es\/de\/wp-json\/wp\/v2\/categories?post=3574"},{"taxonomy":"post_tag","embeddable":true,"href":"https:\/\/agronoticias.es\/de\/wp-json\/wp\/v2\/tags?post=3574"}],"curies":[{"name":"wp","href":"https:\/\/api.w.org\/{rel}","templated":true}]}}