{"id":3571,"date":"2026-01-07T17:37:08","date_gmt":"2026-01-07T16:37:08","guid":{"rendered":"https:\/\/agronoticias.es\/de\/?p=3571"},"modified":"2026-01-07T17:37:08","modified_gmt":"2026-01-07T16:37:08","slug":"ehi-mit-neuer-fuhrung-ulrich-spaan-ubernimmt-geschaftsfuhrung","status":"publish","type":"post","link":"https:\/\/agronoticias.es\/de\/ehi-mit-neuer-fuhrung-ulrich-spaan-ubernimmt-geschaftsfuhrung\/","title":{"rendered":"EHI mit neuer F\u00fchrung &#8211; Ulrich Spaan \u00fcbernimmt Gesch\u00e4ftsf\u00fchrung"},"content":{"rendered":"\n<p> <\/p>\n\n\n\n<p>Seit 1. Januar 2026 ist Ulrich Spaan neuer Gesch\u00e4ftsf\u00fchrer des EHI. Um einen reibungslosen \u00dcbergang zu gew\u00e4hrleisten, bleibt der langj\u00e4hrige Gesch\u00e4ftsf\u00fchrer Michael Gerling noch bis zum 31. M\u00e4rz 2026 in dieser Funktion.<\/p>\n\n\n\n<p>Michael Gerling hat das Forschungsinstitut \u00fcber 35 Jahre, davon 26 als Gesch\u00e4ftsf\u00fchrer erfolgreich gepr\u00e4gt. \u201eDas m\u00f6chte ich genauso erfolgreich weiterf\u00fchren\u201c, erkl\u00e4rt Ulrich Spaan: \u201eWir befinden uns aktuell in herausfordernden Zeiten, die Branche ver\u00e4ndert sich deutlich \u2013 und das in einem rasanten Tempo. Deshalb m\u00fcssen wir uns noch flexibler und agiler aufstellen. Wir m\u00fcssen unsere Arbeit, unsere strategische Ausrichtung noch \u00f6fter hinterfragen und diese schnell an neue Strukturen anpassen. Wir m\u00f6chten auch in Zukunft der wichtigste Ansprechpartner der Branche in Forschungsfragen bleiben.\u201c<\/p>\n\n\n\n<p>Neuer Gesch\u00e4ftsf\u00fchrer: Ulrich Spaan<\/p>\n\n\n\n<p>Ulrich Spaan, 54, hat nach seinem BWL-Studium in N\u00fcrnberg-Erlangen, Parma (Italien) und K\u00f6ln bereits seine erste Anstellung bei einem H\u00e4ndler, Aldi S\u00fcd, gew\u00e4hlt. 1999 kam er als Senior Consultant EuroShop &amp; Retail Technology (sp\u00e4ter EuroCIS) zum EHI. Ab 2002 hat er die Leitung des Forschungsbereichs IT sowie des Gesch\u00e4ftsbereichs Messen \u00fcbernommen und ist im Beirat der EuroShop und EuroCIS t\u00e4tig. Seit 2008 ist er Mitglied der Gesch\u00e4ftsleitung im EHI.<\/p>\n\n\n\n<p>Michael Gerling bleibt der Handelsbranche, speziell dem Lebensmittelhandel, als Gesch\u00e4ftsf\u00fchrer des MLF noch erhalten. \u00dcber die Nachfolgeregelung im EHI zeigt er sich erfreut: \u201eEs ist gut, dass mein Nachfolger aus den eigenen Reihen kommt. Ulrich Spaan hat das EHI bereits seit \u00fcber 25 Jahren mit vielen erfolgreichen Projekten begleitet und wird sicher auch in Zukunft die richtigen Impulse setzen.\u201c Quelle und Foto: EHI<\/p>\n","protected":false},"excerpt":{"rendered":"<p>Seit 1. Januar 2026 ist Ulrich Spaan neuer Gesch\u00e4ftsf\u00fchrer des EHI. Um einen reibungslosen \u00dcbergang zu gew\u00e4hrleisten, bleibt<\/p>\n","protected":false},"author":1,"featured_media":3572,"comment_status":"closed","ping_status":"closed","sticky":false,"template":"","format":"standard","meta":{"footnotes":""},"categories":[34],"tags":[],"class_list":["post-3571","post","type-post","status-publish","format-standard","has-post-thumbnail","hentry","category-allgemein"],"featured_image_urls":{"full":["https:\/\/agronoticias.es\/de\/wp-content\/uploads\/2026\/01\/Spaan_Ulrich-neuer-Geschaftsfuhrer-EHI.png",653,512,false],"thumbnail":["https:\/\/agronoticias.es\/de\/wp-content\/uploads\/2026\/01\/Spaan_Ulrich-neuer-Geschaftsfuhrer-EHI-150x150.png",150,150,true],"medium":["https:\/\/agronoticias.es\/de\/wp-content\/uploads\/2026\/01\/Spaan_Ulrich-neuer-Geschaftsfuhrer-EHI-300x235.png",300,235,true],"medium_large":["https:\/\/agronoticias.es\/de\/wp-content\/uploads\/2026\/01\/Spaan_Ulrich-neuer-Geschaftsfuhrer-EHI.png",640,502,false],"large":["https:\/\/agronoticias.es\/de\/wp-content\/uploads\/2026\/01\/Spaan_Ulrich-neuer-Geschaftsfuhrer-EHI.png",640,502,false],"1536x1536":["https:\/\/agronoticias.es\/de\/wp-content\/uploads\/2026\/01\/Spaan_Ulrich-neuer-Geschaftsfuhrer-EHI.png",653,512,false],"2048x2048":["https:\/\/agronoticias.es\/de\/wp-content\/uploads\/2026\/01\/Spaan_Ulrich-neuer-Geschaftsfuhrer-EHI.png",653,512,false],"morenews-large":["https:\/\/agronoticias.es\/de\/wp-content\/uploads\/2026\/01\/Spaan_Ulrich-neuer-Geschaftsfuhrer-EHI.png",653,512,false],"morenews-medium":["https:\/\/agronoticias.es\/de\/wp-content\/uploads\/2026\/01\/Spaan_Ulrich-neuer-Geschaftsfuhrer-EHI-590x410.png",590,410,true]},"author_info":{"display_name":"admin","author_link":"https:\/\/agronoticias.es\/de\/author\/admin\/"},"category_info":"<a href=\"https:\/\/agronoticias.es\/de\/category\/allgemein\/\" rel=\"category tag\">Allgemein<\/a>","tag_info":"Allgemein","comment_count":"0","_links":{"self":[{"href":"https:\/\/agronoticias.es\/de\/wp-json\/wp\/v2\/posts\/3571","targetHints":{"allow":["GET"]}}],"collection":[{"href":"https:\/\/agronoticias.es\/de\/wp-json\/wp\/v2\/posts"}],"about":[{"href":"https:\/\/agronoticias.es\/de\/wp-json\/wp\/v2\/types\/post"}],"author":[{"embeddable":true,"href":"https:\/\/agronoticias.es\/de\/wp-json\/wp\/v2\/users\/1"}],"replies":[{"embeddable":true,"href":"https:\/\/agronoticias.es\/de\/wp-json\/wp\/v2\/comments?post=3571"}],"version-history":[{"count":1,"href":"https:\/\/agronoticias.es\/de\/wp-json\/wp\/v2\/posts\/3571\/revisions"}],"predecessor-version":[{"id":3573,"href":"https:\/\/agronoticias.es\/de\/wp-json\/wp\/v2\/posts\/3571\/revisions\/3573"}],"wp:featuredmedia":[{"embeddable":true,"href":"https:\/\/agronoticias.es\/de\/wp-json\/wp\/v2\/media\/3572"}],"wp:attachment":[{"href":"https:\/\/agronoticias.es\/de\/wp-json\/wp\/v2\/media?parent=3571"}],"wp:term":[{"taxonomy":"category","embeddable":true,"href":"https:\/\/agronoticias.es\/de\/wp-json\/wp\/v2\/categories?post=3571"},{"taxonomy":"post_tag","embeddable":true,"href":"https:\/\/agronoticias.es\/de\/wp-json\/wp\/v2\/tags?post=3571"}],"curies":[{"name":"wp","href":"https:\/\/api.w.org\/{rel}","templated":true}]}}