{"id":3568,"date":"2026-01-07T17:29:51","date_gmt":"2026-01-07T16:29:51","guid":{"rendered":"https:\/\/agronoticias.es\/de\/?p=3568"},"modified":"2026-01-07T17:29:51","modified_gmt":"2026-01-07T16:29:51","slug":"einzelhandel-fordert-notwendige-reformen-in-2026","status":"publish","type":"post","link":"https:\/\/agronoticias.es\/de\/einzelhandel-fordert-notwendige-reformen-in-2026\/","title":{"rendered":"Einzelhandel fordert notwendige Reformen in 2026"},"content":{"rendered":"\n<p> <\/p>\n\n\n\n<p>Das neue Jahr 2026 startet f\u00fcr den Einzelhandel angespannt. Weiter steigende Kosten und eine zur\u00fcckhaltende Nachfrage bestimmen das Handelsbild. Der im vergangenen Jahr ausgebliebene wirtschaftliche Aufschwung und die noch immer verhaltene Verbraucherstimmung sorgen laut Handelsverband Deutschland (HDE) f\u00fcr Unsicherheit in der Branche. F\u00fcr das neue Jahr fordert der Handel von der Bundesregierung klare Weichenstellungen f\u00fcr eine sp\u00fcrbare wirtschaftspolitische Wende.<\/p>\n\n\n\n<p>\u201eDas Jahr 2026 muss ein Jahr der Reformen werden. Die Bundesregierung hat die richtigen Themen bereits auf der Agenda. Jetzt geht es um die mutige und entschlossene Umsetzung, damit die angek\u00fcndigten Entlastungen rasch in den Unternehmen und in den Haushalten ankommen\u201c, so HDE-Pr\u00e4sident Alexander von Preen. Im Einzelhandel \u00fcberwiege nach dem Jahreswechsel die Entt\u00e4uschung, sowohl mit Blick auf das zur\u00fcckliegende Weihnachtsgesch\u00e4ft als auch auf die ersten Monate der neuen Bundesregierung. \u201eDer Regierungswechsel hat leider nur kurz f\u00fcr eine Aufbruchsstimmung gesorgt. Heute ist davon nichts mehr zu sp\u00fcren. Es fehlen \u00fcberzeugende Antworten auf die gesamtwirtschaftlichen Herausforderungen\u201c, so von Preen.<\/p>\n\n\n\n<p>Der HDE warnt davor, Strukturreformen wie den B\u00fcrokratieabbau aus dem Blick zu verlieren. \u201eDer Handel setzt darauf, dass die Bundesregierung wie versprochen b\u00fcrokratische H\u00fcrden abbaut. Die H\u00e4ndlerinnen und H\u00e4ndler sollten sich wieder auf ihre eigentlichen Aufgaben konzentrieren k\u00f6nnen. Daf\u00fcr brauchen sie Entlastungen\u201c, betont von Preen. Ein Beitrag zum B\u00fcrokratieabbau und zur St\u00e4rkung der Tarifbindung w\u00e4re etwa, das Entgelttransparenzgesetz so umzusetzen, dass tarifgebundene und tarifanwendende Unternehmen von der Dokumentationspflicht befreit werden. \u201eDas w\u00e4re ein echter Schritt, die Sozialpartnerschaft zu st\u00e4rken\u201c, so von Preen.<\/p>\n\n\n\n<p>Auch unter den Verbrauchern m\u00fcsse die Bundesregierung f\u00fcr Zuversicht sorgen. \u201eSchaut man auf die Verbraucherstimmung in Deutschland, war 2025 ein verlorenes Jahr. Sie lag zuletzt auf dem unbefriedigenden Niveau, auf dem sie in das vergangene Jahr gestartet ist. Das ist besorgniserregend\u201c, warnt von Preen. Hier m\u00fcsse die Bundesregierung im Jahr 2026 ansetzen und Wirtschaft sowie Verbrauchern mit klaren Signalen zeigen, dass auf sie Verlass ist. Quelle und Foto: HDE<\/p>\n","protected":false},"excerpt":{"rendered":"<p>Das neue Jahr 2026 startet f\u00fcr den Einzelhandel angespannt. Weiter steigende Kosten und eine zur\u00fcckhaltende Nachfrage bestimmen das<\/p>\n","protected":false},"author":1,"featured_media":3569,"comment_status":"closed","ping_status":"closed","sticky":false,"template":"","format":"standard","meta":{"footnotes":""},"categories":[34],"tags":[],"class_list":["post-3568","post","type-post","status-publish","format-standard","has-post-thumbnail","hentry","category-allgemein"],"featured_image_urls":{"full":["https:\/\/agronoticias.es\/de\/wp-content\/uploads\/2026\/01\/HDE-Prasident-Alexander-von-Preen.jpg",800,561,false],"thumbnail":["https:\/\/agronoticias.es\/de\/wp-content\/uploads\/2026\/01\/HDE-Prasident-Alexander-von-Preen-150x150.jpg",150,150,true],"medium":["https:\/\/agronoticias.es\/de\/wp-content\/uploads\/2026\/01\/HDE-Prasident-Alexander-von-Preen-300x210.jpg",300,210,true],"medium_large":["https:\/\/agronoticias.es\/de\/wp-content\/uploads\/2026\/01\/HDE-Prasident-Alexander-von-Preen-768x539.jpg",640,449,true],"large":["https:\/\/agronoticias.es\/de\/wp-content\/uploads\/2026\/01\/HDE-Prasident-Alexander-von-Preen.jpg",640,449,false],"1536x1536":["https:\/\/agronoticias.es\/de\/wp-content\/uploads\/2026\/01\/HDE-Prasident-Alexander-von-Preen.jpg",800,561,false],"2048x2048":["https:\/\/agronoticias.es\/de\/wp-content\/uploads\/2026\/01\/HDE-Prasident-Alexander-von-Preen.jpg",800,561,false],"morenews-large":["https:\/\/agronoticias.es\/de\/wp-content\/uploads\/2026\/01\/HDE-Prasident-Alexander-von-Preen.jpg",800,561,false],"morenews-medium":["https:\/\/agronoticias.es\/de\/wp-content\/uploads\/2026\/01\/HDE-Prasident-Alexander-von-Preen-590x410.jpg",590,410,true]},"author_info":{"display_name":"admin","author_link":"https:\/\/agronoticias.es\/de\/author\/admin\/"},"category_info":"<a href=\"https:\/\/agronoticias.es\/de\/category\/allgemein\/\" rel=\"category tag\">Allgemein<\/a>","tag_info":"Allgemein","comment_count":"0","_links":{"self":[{"href":"https:\/\/agronoticias.es\/de\/wp-json\/wp\/v2\/posts\/3568","targetHints":{"allow":["GET"]}}],"collection":[{"href":"https:\/\/agronoticias.es\/de\/wp-json\/wp\/v2\/posts"}],"about":[{"href":"https:\/\/agronoticias.es\/de\/wp-json\/wp\/v2\/types\/post"}],"author":[{"embeddable":true,"href":"https:\/\/agronoticias.es\/de\/wp-json\/wp\/v2\/users\/1"}],"replies":[{"embeddable":true,"href":"https:\/\/agronoticias.es\/de\/wp-json\/wp\/v2\/comments?post=3568"}],"version-history":[{"count":1,"href":"https:\/\/agronoticias.es\/de\/wp-json\/wp\/v2\/posts\/3568\/revisions"}],"predecessor-version":[{"id":3570,"href":"https:\/\/agronoticias.es\/de\/wp-json\/wp\/v2\/posts\/3568\/revisions\/3570"}],"wp:featuredmedia":[{"embeddable":true,"href":"https:\/\/agronoticias.es\/de\/wp-json\/wp\/v2\/media\/3569"}],"wp:attachment":[{"href":"https:\/\/agronoticias.es\/de\/wp-json\/wp\/v2\/media?parent=3568"}],"wp:term":[{"taxonomy":"category","embeddable":true,"href":"https:\/\/agronoticias.es\/de\/wp-json\/wp\/v2\/categories?post=3568"},{"taxonomy":"post_tag","embeddable":true,"href":"https:\/\/agronoticias.es\/de\/wp-json\/wp\/v2\/tags?post=3568"}],"curies":[{"name":"wp","href":"https:\/\/api.w.org\/{rel}","templated":true}]}}