{"id":3562,"date":"2026-01-05T11:27:31","date_gmt":"2026-01-05T10:27:31","guid":{"rendered":"https:\/\/agronoticias.es\/de\/?p=3562"},"modified":"2026-01-13T16:54:05","modified_gmt":"2026-01-13T15:54:05","slug":"spanien-bio-produktion-2024-bricht-exportrekord","status":"publish","type":"post","link":"https:\/\/agronoticias.es\/de\/spanien-bio-produktion-2024-bricht-exportrekord\/","title":{"rendered":"Spanien: Bio-Produktion 2024 bricht Exportrekord"},"content":{"rendered":"\n<p><br><br>Die Exporte von \u00f6kologischen Produkten erreichten in 2024 nach einer vom spanischen Landwirtschaftsministerium ver\u00f6ffentlichten Analyse zur Charakterisierung und Prognose der Bio-Produktion einen Wert von 3,884 Mrd Euro, 27,5 % mehr als in 2023. Das positive Ergebnis wurde zus\u00e4tzlich dadurch beg\u00fcnstigt, dass sich die Importe um die H\u00e4lfte auf 782 Mio Euro verringerten, wodurch die \u00f6kologische Handelsbilanz auf 3,102 Mrd Euro stieg, den h\u00f6chsten Wert seit Beginn der Aufzeichnungen.<br>Die wichtigsten Abnehmerl\u00e4nder waren Deutschland, Frankreich und die Niederlande sowie au\u00dferhalb der Europ\u00e4ischen Union die Vereinigten Staaten, S\u00fcdkorea, Gro\u00dfbritannien, die Schweiz und Japan. Spanien ist weltweit das Land mit der dritth\u00f6chsten Anzahl von Bio-Exporteuren (7,4 % der Gesamtzahl) und mit der f\u00fcnftgr\u00f6\u00dften von Importeuren (5,7 %).<br><br>Dar\u00fcber hinaus ist Spanien mit 2,95 Mio ha, was 12,31 % der landwirtschaftlichen Nutzfl\u00e4che entspricht, weiterhin f\u00fchrend in Europa. Die Bio-Produktion erreichte 2024 ein Volumen von 3,75 Mio t, 24,06 % weniger als 2023 aufgrund konjunktureller Faktoren, w\u00e4hrend ihr gesch\u00e4tzter Wert im Ursprung bei 4,796 Mrd Euro lag, was einem kumulierten Anstieg von fast 350 % seit 2012 entspricht.<br><br><strong>Konsum der Haushalte<\/strong><br>Die Ausgaben der spanischen Verbraucher f\u00fcr \u00f6kologische Produkte beliefen sich im Jahr 2024 auf 2,89 Mrd Euro, was einem leichten R\u00fcckgang von 0,89 % gegen\u00fcber 2023 entspricht. Die Pro-Kopf-Ausgaben lagen bei 59,44 Euro, wobei 94,2 % des Verbrauchs auf die Haushalte entfielen. \u00d6kologische Produkte machten 3,2 % der Gesamtausgaben f\u00fcr Lebensmittel aus. Gemessen am Volumen lag der Konsum von frischem Bio-Obst mit einem Anteil von 24,1 % an der Gesamtmenge an der Spitze, gefolgt von frischem Bio-Gem\u00fcse (17,6 %) und frischem Bio-Brot mit einem Anteil von 11,7 %<\/p>\n\n\n\n<p>In Bezug auf den wirtschaftlichen Wert, verlagerte sich das Konsumverhalten hin zu Kategorien mit einem h\u00f6heren St\u00fcckpreis. Bio-Fleisch f\u00fchrte mit 29,4 % der Gesamtausgaben die Liste an, gefolgt von frischem Bio-Obst (13,1 %) und Bio-Fisch mit einem Anteil von 12,2 %.<\/p>\n\n\n\n<p><strong>Vertriebskan\u00e4le<\/strong><br>Traditionelle Gesch\u00e4fte machten 29,1 % des Konsums aus, gefolgt von Superm\u00e4rkten (28,6 %), Discountern (11 %), SB-Warenh\u00e4user (10,1 %) und E-Commerce (3,3 %), und andere Kan\u00e4le die restlichen 21,1 %. Der Marktanteil von Superm\u00e4rkten und Discountern stieg weiter an, w\u00e4hrend SB-Warenh\u00e4user leicht zur\u00fcckgingen und der E-Commerce sein Wachstum fortsetzte. mapa\/ds<\/p>\n","protected":false},"excerpt":{"rendered":"<p>Die Exporte von \u00f6kologischen Produkten erreichten in 2024 nach einer vom spanischen Landwirtschaftsministerium ver\u00f6ffentlichten Analyse zur Charakterisierung und<\/p>\n","protected":false},"author":1,"featured_media":3563,"comment_status":"closed","ping_status":"closed","sticky":false,"template":"","format":"standard","meta":{"footnotes":""},"categories":[34,26],"tags":[],"class_list":["post-3562","post","type-post","status-publish","format-standard","has-post-thumbnail","hentry","category-allgemein","category-bio"],"featured_image_urls":{"full":["https:\/\/agronoticias.es\/de\/wp-content\/uploads\/2026\/01\/brocoli-bio.jpg",800,452,false],"thumbnail":["https:\/\/agronoticias.es\/de\/wp-content\/uploads\/2026\/01\/brocoli-bio-150x150.jpg",150,150,true],"medium":["https:\/\/agronoticias.es\/de\/wp-content\/uploads\/2026\/01\/brocoli-bio-300x170.jpg",300,170,true],"medium_large":["https:\/\/agronoticias.es\/de\/wp-content\/uploads\/2026\/01\/brocoli-bio-768x434.jpg",640,362,true],"large":["https:\/\/agronoticias.es\/de\/wp-content\/uploads\/2026\/01\/brocoli-bio.jpg",640,362,false],"1536x1536":["https:\/\/agronoticias.es\/de\/wp-content\/uploads\/2026\/01\/brocoli-bio.jpg",800,452,false],"2048x2048":["https:\/\/agronoticias.es\/de\/wp-content\/uploads\/2026\/01\/brocoli-bio.jpg",800,452,false],"morenews-large":["https:\/\/agronoticias.es\/de\/wp-content\/uploads\/2026\/01\/brocoli-bio.jpg",800,452,false],"morenews-medium":["https:\/\/agronoticias.es\/de\/wp-content\/uploads\/2026\/01\/brocoli-bio-590x410.jpg",590,410,true]},"author_info":{"display_name":"admin","author_link":"https:\/\/agronoticias.es\/de\/author\/admin\/"},"category_info":"<a href=\"https:\/\/agronoticias.es\/de\/category\/allgemein\/\" rel=\"category tag\">Allgemein<\/a> <a href=\"https:\/\/agronoticias.es\/de\/category\/bio\/\" rel=\"category tag\">Bio<\/a>","tag_info":"Bio","comment_count":"0","_links":{"self":[{"href":"https:\/\/agronoticias.es\/de\/wp-json\/wp\/v2\/posts\/3562","targetHints":{"allow":["GET"]}}],"collection":[{"href":"https:\/\/agronoticias.es\/de\/wp-json\/wp\/v2\/posts"}],"about":[{"href":"https:\/\/agronoticias.es\/de\/wp-json\/wp\/v2\/types\/post"}],"author":[{"embeddable":true,"href":"https:\/\/agronoticias.es\/de\/wp-json\/wp\/v2\/users\/1"}],"replies":[{"embeddable":true,"href":"https:\/\/agronoticias.es\/de\/wp-json\/wp\/v2\/comments?post=3562"}],"version-history":[{"count":1,"href":"https:\/\/agronoticias.es\/de\/wp-json\/wp\/v2\/posts\/3562\/revisions"}],"predecessor-version":[{"id":3564,"href":"https:\/\/agronoticias.es\/de\/wp-json\/wp\/v2\/posts\/3562\/revisions\/3564"}],"wp:featuredmedia":[{"embeddable":true,"href":"https:\/\/agronoticias.es\/de\/wp-json\/wp\/v2\/media\/3563"}],"wp:attachment":[{"href":"https:\/\/agronoticias.es\/de\/wp-json\/wp\/v2\/media?parent=3562"}],"wp:term":[{"taxonomy":"category","embeddable":true,"href":"https:\/\/agronoticias.es\/de\/wp-json\/wp\/v2\/categories?post=3562"},{"taxonomy":"post_tag","embeddable":true,"href":"https:\/\/agronoticias.es\/de\/wp-json\/wp\/v2\/tags?post=3562"}],"curies":[{"name":"wp","href":"https:\/\/api.w.org\/{rel}","templated":true}]}}