{"id":3558,"date":"2025-12-22T11:08:48","date_gmt":"2025-12-22T10:08:48","guid":{"rendered":"https:\/\/agronoticias.es\/de\/?p=3558"},"modified":"2025-12-22T11:09:37","modified_gmt":"2025-12-22T10:09:37","slug":"rewe-und-bioland-starten-partnerschaft-fur-mehr-bio","status":"publish","type":"post","link":"https:\/\/agronoticias.es\/de\/rewe-und-bioland-starten-partnerschaft-fur-mehr-bio\/","title":{"rendered":"REWE und Bioland starten Partnerschaft f\u00fcr mehr Bio"},"content":{"rendered":"\n<p><br>REWE geht einen weiteren konsequenten Schritt in ihrer Nachhaltigkeitsstrategie: Das Unternehmen plant, sein verbandszertifiziertes Bio-Sortiment gemeinsam mit Bioland, dem gr\u00f6\u00dften \u00d6koanbau-Verband Deutschlands, weiter auszubauen. Ziel ist es, Kund:innen k\u00fcnftig noch mehr hochwertige Bio-Produkte aus deutscher, bestenfalls sogar regionaler Herkunft anzubieten \u2013 insbesondere frische Lebensmittel wie Obst, Gem\u00fcse sowie Milch- und Molkereiprodukte. Die Kooperation erg\u00e4nzt die langj\u00e4hrige Zusammenarbeit mit Naturland und die Mitgliedschaft bei Demeter und unterstreicht den Anspruch von REWE, \u00f6kologische Verantwortung im Handel konsequent voranzutreiben.<\/p>\n\n\n\n<p>Die neue Partnerschaft erweitert das Angebot an verbandszertifizierten Bio-Produkten und schafft kurze Wege vom Hof in die rund 3.800 M\u00e4rkte. \u201eMit Bioland als Partner k\u00f6nnen wir unseren Kund:innen in allen Regionen Deutschlands noch mehr hochwertige, heimische Bio-Produkte nach h\u00f6chsten Standards anbieten\u201c, betont Daniel Kniel, Gesch\u00e4ftsf\u00fchrer Ware Vollsortiment bei der REWE Group. \u201eDie Zusammenarbeit ist f\u00fcr uns ein wichtiger Meilenstein auf dem Weg zu noch mehr \u00f6kologischer Verantwortung, Regionalit\u00e4t und Tierwohl. Gemeinsam mit Bioland, unserem langj\u00e4hrigen Partner Naturland und seit 2020 auch Demeter wollen wir die Zukunft der Landwirtschaft aktiv gestalten und neue Ma\u00dfst\u00e4be f\u00fcr verantwortungsvolles Handeln im Lebensmitteleinzelhandel setzen.\u201c<\/p>\n\n\n\n<p>Eine Land- und Lebensmittelwirtschaft mit Weitblick liegt in stabilen, langfristigen Partnerschaften, die \u00f6kologische Landwirtschaft f\u00f6rdern, regionale Wertsch\u00f6pfung sichern und Verbraucherinnen hochwertige Bio-Lebensmittel aus ihrer Heimat bieten. Mit REWE haben wir einen Partner an unserer Seite, der diese Ziele teilt und aktiv mit uns voranbringen will. Unsere Zusammenarbeit ist daher ein starkes Signal. REWE ist bundesweit mit frischen und regionalen Sortimenten sehr erfahren und zeigt sich zugleich seiner Verantwortung f\u00fcr unsere Lebensgrundlagen bewusst. Das m\u00f6chten wir nun gemeinsam ausweiten. Bioland bringt dazu ein Netzwerk von rund 9.000 landwirtschaftlichen Betrieben mit, die nach den strengen Richtlinien des Verbands arbeiten. So schaffen wir stabile Perspektiven f\u00fcr den Ausbau der heimischen Bioproduktion in ganz Deutschland und bieten Verbraucherinnen kurze Wege zu den Produkten der Bio-H\u00f6fe ihrer Region, erkl\u00e4rt Jan Plagge, Pr\u00e4sident Bioland e.V.<\/p>\n\n\n\n<p>Bereits seit \u00fcber 30 Jahren sind Bio-Produkte eine tragende S\u00e4ule der REWE Group Nachhaltigkeits- und Sortimentsstrategie. \u202fDie Partnerschaft mit dem Verband, der bereits heute frische Bioland-Produkte in die REWE-M\u00e4rkte liefert, markiert einen weiteren logischen Schritt in der Entwicklung dieser Strategie und unterstreicht das Engagement der REWE Group f\u00fcr Energie, Klima, Umwelt und nachhaltige Produkte. Quelle &#8211; rewe<\/p>\n","protected":false},"excerpt":{"rendered":"<p>REWE geht einen weiteren konsequenten Schritt in ihrer Nachhaltigkeitsstrategie: Das Unternehmen plant, sein verbandszertifiziertes Bio-Sortiment gemeinsam mit Bioland,<\/p>\n","protected":false},"author":1,"featured_media":2966,"comment_status":"closed","ping_status":"closed","sticky":false,"template":"","format":"standard","meta":{"footnotes":""},"categories":[34],"tags":[],"class_list":["post-3558","post","type-post","status-publish","format-standard","has-post-thumbnail","hentry","category-allgemein"],"featured_image_urls":{"full":["https:\/\/agronoticias.es\/de\/wp-content\/uploads\/2025\/04\/REWE-Markt.webp",472,300,false],"thumbnail":["https:\/\/agronoticias.es\/de\/wp-content\/uploads\/2025\/04\/REWE-Markt-150x150.webp",150,150,true],"medium":["https:\/\/agronoticias.es\/de\/wp-content\/uploads\/2025\/04\/REWE-Markt-300x191.webp",300,191,true],"medium_large":["https:\/\/agronoticias.es\/de\/wp-content\/uploads\/2025\/04\/REWE-Markt.webp",472,300,false],"large":["https:\/\/agronoticias.es\/de\/wp-content\/uploads\/2025\/04\/REWE-Markt.webp",472,300,false],"1536x1536":["https:\/\/agronoticias.es\/de\/wp-content\/uploads\/2025\/04\/REWE-Markt.webp",472,300,false],"2048x2048":["https:\/\/agronoticias.es\/de\/wp-content\/uploads\/2025\/04\/REWE-Markt.webp",472,300,false],"morenews-large":["https:\/\/agronoticias.es\/de\/wp-content\/uploads\/2025\/04\/REWE-Markt.webp",472,300,false],"morenews-medium":["https:\/\/agronoticias.es\/de\/wp-content\/uploads\/2025\/04\/REWE-Markt.webp",472,300,false]},"author_info":{"display_name":"admin","author_link":"https:\/\/agronoticias.es\/de\/author\/admin\/"},"category_info":"<a href=\"https:\/\/agronoticias.es\/de\/category\/allgemein\/\" rel=\"category tag\">Allgemein<\/a>","tag_info":"Allgemein","comment_count":"0","_links":{"self":[{"href":"https:\/\/agronoticias.es\/de\/wp-json\/wp\/v2\/posts\/3558","targetHints":{"allow":["GET"]}}],"collection":[{"href":"https:\/\/agronoticias.es\/de\/wp-json\/wp\/v2\/posts"}],"about":[{"href":"https:\/\/agronoticias.es\/de\/wp-json\/wp\/v2\/types\/post"}],"author":[{"embeddable":true,"href":"https:\/\/agronoticias.es\/de\/wp-json\/wp\/v2\/users\/1"}],"replies":[{"embeddable":true,"href":"https:\/\/agronoticias.es\/de\/wp-json\/wp\/v2\/comments?post=3558"}],"version-history":[{"count":2,"href":"https:\/\/agronoticias.es\/de\/wp-json\/wp\/v2\/posts\/3558\/revisions"}],"predecessor-version":[{"id":3560,"href":"https:\/\/agronoticias.es\/de\/wp-json\/wp\/v2\/posts\/3558\/revisions\/3560"}],"wp:featuredmedia":[{"embeddable":true,"href":"https:\/\/agronoticias.es\/de\/wp-json\/wp\/v2\/media\/2966"}],"wp:attachment":[{"href":"https:\/\/agronoticias.es\/de\/wp-json\/wp\/v2\/media?parent=3558"}],"wp:term":[{"taxonomy":"category","embeddable":true,"href":"https:\/\/agronoticias.es\/de\/wp-json\/wp\/v2\/categories?post=3558"},{"taxonomy":"post_tag","embeddable":true,"href":"https:\/\/agronoticias.es\/de\/wp-json\/wp\/v2\/tags?post=3558"}],"curies":[{"name":"wp","href":"https:\/\/api.w.org\/{rel}","templated":true}]}}