{"id":3550,"date":"2025-12-19T10:50:08","date_gmt":"2025-12-19T09:50:08","guid":{"rendered":"https:\/\/agronoticias.es\/de\/?p=3550"},"modified":"2025-12-19T10:50:10","modified_gmt":"2025-12-19T09:50:10","slug":"konsumklima-enttauschender-ausblick-fur-das-jahr-2026","status":"publish","type":"post","link":"https:\/\/agronoticias.es\/de\/konsumklima-enttauschender-ausblick-fur-das-jahr-2026\/","title":{"rendered":"Konsumklima: Entt\u00e4uschender Ausblick f\u00fcr das Jahr 2026"},"content":{"rendered":"\n<p><\/p>\n\n\n\n<p>Am Jahresende zeigt sich die Verbraucherstimmung in Deutschland entt\u00e4uschend: W\u00e4hrend die Konjunkturerwartung stagniert, m\u00fcssen sowohl die Einkommenserwartung als auch die Anschaffungsneigung Verluste hinnehmen. Da zudem die Sparneigung sp\u00fcrbar zulegt, prognostiziert der Konsumklima-Indikator f\u00fcr den ersten Monat des kommenden Jahres im Vergleich zum Vormonat (revidiert -23,4 Punkte) einen deutlichen R\u00fcckgang von 3,5 Z\u00e4hlern auf -26,9 Punkte. Dies zeigen die aktuellen Ergebnisse des GfK Konsumklimas powered by NIM, das seit Oktober 2023 gemeinsam von NIQ\/GfK und dem N\u00fcrnberg Institut f\u00fcr Marktentscheidungen (NIM), Gr\u00fcnder der GfK, herausgegeben wird.<\/p>\n\n\n\n<p>Neben den starken Verlusten der Einkommenserwartung ist in diesem Monat vor allem auch der deutliche Anstieg der Sparneigung um f\u00fcnf Z\u00e4hler auf 18,7 Punkte f\u00fcr das Abrutschen des Konsumklimas verantwortlich. Ein niedrigerer Wert f\u00fcr das Konsumklima wurde zuletzt im April 2024 (-27,3 Punkte) gemessen.<\/p>\n\n\n\n<p>\u201eBemerkenswert in diesem Monat ist, dass die Sparneigung auf den h\u00f6chsten Stand seit der Finanz- und Wirtschaftskrise geklettert ist: Im Juni 2008 wurde zuletzt mit 21,4 Punkten ein h\u00f6herer Wert gemessen. Eine wieder st\u00e4rkere Verunsicherung durch steigende Inflations\u00e4ngste sowie die kontroversen Diskussionen um die Zukunft der Rentenversicherung haben sicherlich zu diesem 17-Jahres-Hoch des Sparindikators beigetragen\u201c, erkl\u00e4rt Rolf B\u00fcrkl, Head of Consumer Climate beim NIM. \u201eDies sind keine positiven Nachrichten f\u00fcr den Endspurt im diesj\u00e4hrigen Weihnachtsgesch\u00e4ft und ist zugleich auch als Fehlstart der Konsumstimmung in das Jahr 2026 zu sehen.\u201c<\/p>\n\n\n\n<p>Einkommensaussichten weiter r\u00fcckl\u00e4ufig<\/p>\n\n\n\n<p>Auch zum Jahresende 2025 setzen die Einkommenserwartungen f\u00fcr die kommenden 12 Monate ihren klaren Abw\u00e4rtstrend fort. Der Einkommensindikator sinkt zum dritten Mal in Folge. Nach einem deutlichen Minus von 6,8 Z\u00e4hlern rutscht er auf -6,9 Punkte. Ein schlechterer Wert wurde zuletzt vor knapp zwei Jahren, im Januar 2024, mit -20 Punkten registriert.<\/p>\n\n\n\n<p>Ein m\u00f6glicher Grund f\u00fcr den R\u00fcckgang sind die zuletzt wieder gestiegenen Inflations\u00e4ngste der Bundesb\u00fcrger. Analysen zeigen, dass Einkommensindikatoren st\u00e4rker mit realen, also inflationsbereinigten Einkommensgr\u00f6\u00dfen wie Nettol\u00f6hnen und -geh\u00e4ltern zusammenh\u00e4ngen als mit nominalen Einkommen. Entscheidend f\u00fcr das Konsumverhalten ist damit vor allem die von den Verbrauchern wahrgenommene Kaufkraft.<\/p>\n\n\n\n<p>Anschaffungsneigung mit leichten R\u00fcckg\u00e4ngen<\/p>\n\n\n\n<p>Im Sog sinkender Einkommensaussichten erleidet auch die Anschaffungsneigung in diesem Monat Einbu\u00dfen. Nach zuvor zwei Anstiegen in Folge verliert der Indikator 1,5 Z\u00e4hler und weist nun -7,5 Punkte auf. Auch die Jahresbilanz 2025 ist f\u00fcr die Anschaffungsbereitschaft entt\u00e4uschend: Im Vergleich zum entsprechenden Zeitraum des Vorjahres verzeichnet sie ebenfalls ein Minus von gut zwei Z\u00e4hlern.<\/p>\n\n\n\n<p>Die Konjunkturerwartungen etwas verbessert<\/p>\n\n\n\n<p>Dagegen zeigt sich die Konjunkturerwartung relativ robust und trotzt sowohl der fallenden Einkommenserwartung als auch der leicht r\u00fcckl\u00e4ufigen Anschaffungsneigung. Der Indikator legt um 2,3 Z\u00e4hler zu und steigt auf 1,2 Punkte. Damit setzt sich das Auf und Ab, das im Sp\u00e4tsommer dieses Jahres begann, auch zum Jahresende fort. <\/p>\n\n\n\n<p>Im Vergleich zum Vorjahr ist der Konjunkturindikator mit +0,9 Punkten leicht positiv, was darauf hindeutet, dass die Deutschen derzeit im kommenden Jahr allenfalls von einer moderaten Erholung der Konjunktur ausgehen. Auch die Wirtschaftsexperten erwarten f\u00fcr 2026 ein Wirtschaftswachstum von einem Prozent oder knapp darunter. Quelle und Foto: NIQ<\/p>\n\n\n\n<p><\/p>\n","protected":false},"excerpt":{"rendered":"<p>Am Jahresende zeigt sich die Verbraucherstimmung in Deutschland entt\u00e4uschend: W\u00e4hrend die Konjunkturerwartung stagniert, m\u00fcssen sowohl die Einkommenserwartung als<\/p>\n","protected":false},"author":1,"featured_media":3551,"comment_status":"closed","ping_status":"closed","sticky":false,"template":"","format":"standard","meta":{"footnotes":""},"categories":[34],"tags":[],"class_list":["post-3550","post","type-post","status-publish","format-standard","has-post-thumbnail","hentry","category-allgemein"],"featured_image_urls":{"full":["https:\/\/agronoticias.es\/de\/wp-content\/uploads\/2025\/12\/konsumklima-12.25.png",1000,667,false],"thumbnail":["https:\/\/agronoticias.es\/de\/wp-content\/uploads\/2025\/12\/konsumklima-12.25-150x150.png",150,150,true],"medium":["https:\/\/agronoticias.es\/de\/wp-content\/uploads\/2025\/12\/konsumklima-12.25-300x200.png",300,200,true],"medium_large":["https:\/\/agronoticias.es\/de\/wp-content\/uploads\/2025\/12\/konsumklima-12.25-768x512.png",640,427,true],"large":["https:\/\/agronoticias.es\/de\/wp-content\/uploads\/2025\/12\/konsumklima-12.25.png",640,427,false],"1536x1536":["https:\/\/agronoticias.es\/de\/wp-content\/uploads\/2025\/12\/konsumklima-12.25.png",1000,667,false],"2048x2048":["https:\/\/agronoticias.es\/de\/wp-content\/uploads\/2025\/12\/konsumklima-12.25.png",1000,667,false],"morenews-large":["https:\/\/agronoticias.es\/de\/wp-content\/uploads\/2025\/12\/konsumklima-12.25-825x575.png",825,575,true],"morenews-medium":["https:\/\/agronoticias.es\/de\/wp-content\/uploads\/2025\/12\/konsumklima-12.25-590x410.png",590,410,true]},"author_info":{"display_name":"admin","author_link":"https:\/\/agronoticias.es\/de\/author\/admin\/"},"category_info":"<a href=\"https:\/\/agronoticias.es\/de\/category\/allgemein\/\" rel=\"category tag\">Allgemein<\/a>","tag_info":"Allgemein","comment_count":"0","_links":{"self":[{"href":"https:\/\/agronoticias.es\/de\/wp-json\/wp\/v2\/posts\/3550","targetHints":{"allow":["GET"]}}],"collection":[{"href":"https:\/\/agronoticias.es\/de\/wp-json\/wp\/v2\/posts"}],"about":[{"href":"https:\/\/agronoticias.es\/de\/wp-json\/wp\/v2\/types\/post"}],"author":[{"embeddable":true,"href":"https:\/\/agronoticias.es\/de\/wp-json\/wp\/v2\/users\/1"}],"replies":[{"embeddable":true,"href":"https:\/\/agronoticias.es\/de\/wp-json\/wp\/v2\/comments?post=3550"}],"version-history":[{"count":1,"href":"https:\/\/agronoticias.es\/de\/wp-json\/wp\/v2\/posts\/3550\/revisions"}],"predecessor-version":[{"id":3552,"href":"https:\/\/agronoticias.es\/de\/wp-json\/wp\/v2\/posts\/3550\/revisions\/3552"}],"wp:featuredmedia":[{"embeddable":true,"href":"https:\/\/agronoticias.es\/de\/wp-json\/wp\/v2\/media\/3551"}],"wp:attachment":[{"href":"https:\/\/agronoticias.es\/de\/wp-json\/wp\/v2\/media?parent=3550"}],"wp:term":[{"taxonomy":"category","embeddable":true,"href":"https:\/\/agronoticias.es\/de\/wp-json\/wp\/v2\/categories?post=3550"},{"taxonomy":"post_tag","embeddable":true,"href":"https:\/\/agronoticias.es\/de\/wp-json\/wp\/v2\/tags?post=3550"}],"curies":[{"name":"wp","href":"https:\/\/api.w.org\/{rel}","templated":true}]}}