{"id":3543,"date":"2025-12-15T17:10:48","date_gmt":"2025-12-15T16:10:48","guid":{"rendered":"https:\/\/agronoticias.es\/de\/?p=3543"},"modified":"2025-12-15T17:10:48","modified_gmt":"2025-12-15T16:10:48","slug":"huelva-leicht-gestiegene-anbauflache-fur-beeren-in-der-saison-2026","status":"publish","type":"post","link":"https:\/\/agronoticias.es\/de\/huelva-leicht-gestiegene-anbauflache-fur-beeren-in-der-saison-2026\/","title":{"rendered":"Huelva: leicht gestiegene Anbaufl\u00e4che f\u00fcr Beeren in der Saison 2026"},"content":{"rendered":"\n<p><\/p>\n\n\n\n<p><br>Nach Information von Freshuelva, Verband der Erdbeerproduzenten und -exporteure von Huelva, wird die Anbaufl\u00e4che f\u00fcr Beerenfr\u00fcchte f\u00fcr die Saison 2026 sch\u00e4tzungsweise um 1 % gr\u00f6sser ausfallen als in 2025 und bei 12.388 ha liegen. Diese Daten best\u00e4tigen laut Freshuelva die allgemeine Stabilit\u00e4t des Sektors und die Konsolidierung der Beerenfr\u00fcchte als landwirtschaftlicher und wirtschaftlicher Motor von Huelva.<\/p>\n\n\n\n<p>Erdbeeren verzeichnen ein Wachstum von 0,9 % und erreichen eine Anbaufl\u00e4che von 6.490 ha, womit sie weiterhin das wichtigste Produkt sind. W\u00e4hrend der Pflanzperiode kam es zu Regen- und Windereignissen, die einen Teil der Kulturen beeintr\u00e4chtigten und die Erneuerung einiger Gew\u00e4chshausinfrastrukturen erforderlich machten. Aber die Verz\u00f6gerung des Vegetationszyklus war nur geringf\u00fcgig, und der Sektor erwartet, dass onubensische Erdbeeren auch in diesem Jahr wieder w\u00e4hrend der Weihnachtsfeiertage auf den nationalen und europ\u00e4ischen M\u00e4rkten angeboten werden.<\/p>\n\n\n\n<p>Die Anbaufl\u00e4che f\u00fcr Himbeeren bleibt mit 1.924 ha praktisch unver\u00e4ndert, was die Stabilit\u00e4t in der Anbauplanung widerspiegelt, dessen Sortenvielfalt sowohl im Herbst als auch im Fr\u00fchjahr eine Produktion erm\u00f6glicht. Derzeit befindet sich ein Teil dieser Anbaufl\u00e4che mitten in der Ernte, die f\u00fcr die wichtigsten europ\u00e4ischen M\u00e4rkte bestimmt ist.<\/p>\n\n\n\n<p>Brombeeren verzeichnen mit einer Fl\u00e4che von 172 ha ein Wachstum von 2,4 %. Dieser Anstieg ist auf die Einf\u00fchrung neuer Sorten zur\u00fcckzuf\u00fchren, die an unterschiedliche Produktionszyklen angepasst sind, sodass das ganze Jahr \u00fcber Fr\u00fcchte angeboten werden k\u00f6nnen und die Pr\u00e4senz auf den M\u00e4rkten weiter ausgebaut werden kann.<\/p>\n\n\n\n<p>Heidelbeeren festigen ihre Position als zweitwichtigste Beerenfrucht in Huelva mit einem Anstieg von 1,5 % und einer Gesamtfl\u00e4che von 3.802 ha. Die Sortenvielfalt erm\u00f6glicht eine fr\u00fche Ernte im Dezember, was die Wettbewerbsf\u00e4higkeit gegen\u00fcber den Erzeugnissen aus S\u00fcdamerika verbessert und auch der steigenden Nachfrage der spanischen Verbraucher gerecht wird. Der Sektor weist jedoch auf die zunehmende Konkurrenz aus Drittl\u00e4ndern wie Marokko und \u00c4gypten hin, sowie auf die deutlichen Erweiterung der Anbaufl\u00e4che in Portugal.<\/p>\n\n\n\n<p>Freshuelva betont, dass der leichte Anstieg der Gesamtfl\u00e4che die Widerstandsf\u00e4higkeit und Anpassungsf\u00e4higkeit des Sektors beweist, der weiterhin auf Sorteninnovation, Produktionseffizienz und Professionalisierung setzt, um seine F\u00fchrungsposition auf den internationalen M\u00e4rkten zu behaupten.<br><br>Der Verband bekr\u00e4ftigt sein Engagement, weiterhin mit seinen Mitgliedsunternehmen und den \u00f6ffentlichen Verwaltungen zusammenzuarbeiten, um die Nachhaltigkeit, Qualit\u00e4t und Exzellenz der Beerenfr\u00fcchte aus Huelva zu gew\u00e4hrleisten, einem strategischen Sektor f\u00fcr die Wirtschaft der Provinz und einer globalen Referenz in Produktion und Export.<\/p>\n","protected":false},"excerpt":{"rendered":"<p>Nach Information von Freshuelva, Verband der Erdbeerproduzenten und -exporteure von Huelva, wird die Anbaufl\u00e4che f\u00fcr Beerenfr\u00fcchte f\u00fcr die<\/p>\n","protected":false},"author":1,"featured_media":3544,"comment_status":"closed","ping_status":"closed","sticky":false,"template":"","format":"standard","meta":{"footnotes":""},"categories":[34],"tags":[],"class_list":["post-3543","post","type-post","status-publish","format-standard","has-post-thumbnail","hentry","category-allgemein"],"featured_image_urls":{"full":["https:\/\/agronoticias.es\/de\/wp-content\/uploads\/2025\/12\/freshuelva-frutos-rojos-768x480-1.jpg",768,480,false],"thumbnail":["https:\/\/agronoticias.es\/de\/wp-content\/uploads\/2025\/12\/freshuelva-frutos-rojos-768x480-1-150x150.jpg",150,150,true],"medium":["https:\/\/agronoticias.es\/de\/wp-content\/uploads\/2025\/12\/freshuelva-frutos-rojos-768x480-1-300x188.jpg",300,188,true],"medium_large":["https:\/\/agronoticias.es\/de\/wp-content\/uploads\/2025\/12\/freshuelva-frutos-rojos-768x480-1.jpg",640,400,false],"large":["https:\/\/agronoticias.es\/de\/wp-content\/uploads\/2025\/12\/freshuelva-frutos-rojos-768x480-1.jpg",640,400,false],"1536x1536":["https:\/\/agronoticias.es\/de\/wp-content\/uploads\/2025\/12\/freshuelva-frutos-rojos-768x480-1.jpg",768,480,false],"2048x2048":["https:\/\/agronoticias.es\/de\/wp-content\/uploads\/2025\/12\/freshuelva-frutos-rojos-768x480-1.jpg",768,480,false],"morenews-large":["https:\/\/agronoticias.es\/de\/wp-content\/uploads\/2025\/12\/freshuelva-frutos-rojos-768x480-1.jpg",768,480,false],"morenews-medium":["https:\/\/agronoticias.es\/de\/wp-content\/uploads\/2025\/12\/freshuelva-frutos-rojos-768x480-1-590x410.jpg",590,410,true]},"author_info":{"display_name":"admin","author_link":"https:\/\/agronoticias.es\/de\/author\/admin\/"},"category_info":"<a href=\"https:\/\/agronoticias.es\/de\/category\/allgemein\/\" rel=\"category tag\">Allgemein<\/a>","tag_info":"Allgemein","comment_count":"0","_links":{"self":[{"href":"https:\/\/agronoticias.es\/de\/wp-json\/wp\/v2\/posts\/3543","targetHints":{"allow":["GET"]}}],"collection":[{"href":"https:\/\/agronoticias.es\/de\/wp-json\/wp\/v2\/posts"}],"about":[{"href":"https:\/\/agronoticias.es\/de\/wp-json\/wp\/v2\/types\/post"}],"author":[{"embeddable":true,"href":"https:\/\/agronoticias.es\/de\/wp-json\/wp\/v2\/users\/1"}],"replies":[{"embeddable":true,"href":"https:\/\/agronoticias.es\/de\/wp-json\/wp\/v2\/comments?post=3543"}],"version-history":[{"count":1,"href":"https:\/\/agronoticias.es\/de\/wp-json\/wp\/v2\/posts\/3543\/revisions"}],"predecessor-version":[{"id":3545,"href":"https:\/\/agronoticias.es\/de\/wp-json\/wp\/v2\/posts\/3543\/revisions\/3545"}],"wp:featuredmedia":[{"embeddable":true,"href":"https:\/\/agronoticias.es\/de\/wp-json\/wp\/v2\/media\/3544"}],"wp:attachment":[{"href":"https:\/\/agronoticias.es\/de\/wp-json\/wp\/v2\/media?parent=3543"}],"wp:term":[{"taxonomy":"category","embeddable":true,"href":"https:\/\/agronoticias.es\/de\/wp-json\/wp\/v2\/categories?post=3543"},{"taxonomy":"post_tag","embeddable":true,"href":"https:\/\/agronoticias.es\/de\/wp-json\/wp\/v2\/tags?post=3543"}],"curies":[{"name":"wp","href":"https:\/\/api.w.org\/{rel}","templated":true}]}}