{"id":3539,"date":"2025-12-12T12:04:34","date_gmt":"2025-12-12T11:04:34","guid":{"rendered":"https:\/\/agronoticias.es\/de\/?p=3539"},"modified":"2025-12-12T12:04:34","modified_gmt":"2025-12-12T11:04:34","slug":"eurofruits-levante-s-l-tritt-anecoop-bei","status":"publish","type":"post","link":"https:\/\/agronoticias.es\/de\/eurofruits-levante-s-l-tritt-anecoop-bei\/","title":{"rendered":"Eurofruits Levante S.L. tritt Anecoop bei"},"content":{"rendered":"\n<p><br><br>Eurofruits Levante S.L. ist als neues Mitglied Anecoop, dem f\u00fchrenden Obst- und Gem\u00fcseunternehmen im Mittelmeerraum, eingetreten um seine Wettbewerbsf\u00e4higkeit in einem zunehmend herausfordernden Markt zu st\u00e4rken. Das in Rojales\/Alicante ans\u00e4ssige Unternehmen produziert Paprika, Brokkoli, Zucchini und Artischocken, ein lokales, frisches und hochwertiges Angebot, das zu der Genossenschaft zweiten Grades hinzukommt.<br><br><\/p>\n\n\n\n<p>Das neue Mitglied von Anecoop entstand 2020 aus dem Zusammenschluss von Landwirten und Exporteuren aus dem S\u00fcden Alicantes und dem Campo de Cartagena. Derzeit erstreckt sich seine Produktion \u00fcber drei Provinzen: Alicante, Murcia und Albacete. Der Firmensitz in Rojales verf\u00fcgt \u00fcber eine 9.000 m\u00b2 gro\u00dfe Betriebsanlage, die mit allem ausgestattet ist, was f\u00fcr das Management und die Lagerung der Produkte erforderlich ist. Dar\u00fcber hinaus ist das Unternehmen Bio-zertifiziert.<\/p>\n\n\n\n<p>Mit dieser Eingliederung verst\u00e4rkt Anecoop seine Struktur im S\u00fcdosten von Spanien und erweitert sein Angebot um 12.700 t Gem\u00fcse. Hauptprodukt von Eurofruits Levante ist Paprika mit einem Volumen von ca. 6.000 t, die in den eigenen 400.000 qm grossen Gew\u00e4chsh\u00e4usern. Es folgen Brokkoli mit 250 ha und 3.000 t, Zucchini mit 220.000 qm und 2.500 t sowohl im Gew\u00e4chshaus als auch mi Freiland. Erg\u00e4nzt wird das Angebot durch Artischocken, wobei die Sorten Blanca de Tudela und Green Queen mit 1,2 mio kg pro Saison, die auf 60 Hektar in der Vega Baja und Albacete angebaut werden, besonders hervorstechen.<br><br><\/p>\n\n\n\n<p>Das Unternehmen aus Alicante teilt mit Anecoop, seit Jahrzehnten Vorreiter in Nachhaltigkeit, das Engagement f\u00fcr eine nachhaltige und umweltfreundliche Landwirtschaft. Im Anbau verf\u00fcgt es \u00fcber die Zertifizierungen GLOBALG.A.P, GRASP und Spring und die Siegel der Asociaci\u00f3n Alcachofa Vega Baja (Artischockenverband Vega Baja) und f\u00fcr \u00f6kologischen Anbau. Im Produktionsbereich sind es die Zertifizierungen GLOBALG.A.P, IFS und BRC.<\/p>\n\n\n\n<p>Iv\u00e1n Arenas P\u00e9rez, Direktor von Eurofruits Levante, erkl\u00e4rte: \u201eDer Beitritt zu diesem gro\u00dfartigen Projekt namens Anecoop ist eine au\u00dfergew\u00f6hnliche Gelegenheit, unsere M\u00f6glichkeiten f\u00fcr den Zugang zu neuen M\u00e4rkten zu vervielfachen, dank der 50-j\u00e4hrigen Gesch\u00e4ftserfahrung und der fest etablierten internationalen Pr\u00e4senz mit Lieferungen in mehr als 70 L\u00e4nder. Ein agiler Service ist eines unserer Ziele, und in dieser Hinsicht bietet uns Anecoop volles Vertrauen.\u201c<\/p>\n\n\n\n<p>Anecoop, seit f\u00fcnf Jahrzehnten im Dienst der spanischen Landwirtschaft<br><br>Anl\u00e4sslich seines 50-j\u00e4hrigen Jubil\u00e4ums setzt Anecoop seinen Weg in Richtung Zukunft der spanischen Landwirtschaft fort. Der Pr\u00e4sident Alejandro Monz\u00f3n hiess Eurofruits Levante S.L. willkommen und betonte: \u201eDie Schaffung solcher Unternehmensallianzen ist entscheidend f\u00fcr die langfristige Rentabilit\u00e4t der Landwirtschaft, da sie das kollektive Potenzial gegen\u00fcber dem individuellen st\u00e4rkt und den Agrarbetrieben die F\u00e4higkeit verleiht, auf einen sich st\u00e4ndig wandelnden Markt zu reagieren und sich anzupassen.\u00bb Quelle und Foto: Anecoop<br><br><\/p>\n","protected":false},"excerpt":{"rendered":"<p>Eurofruits Levante S.L. ist als neues Mitglied Anecoop, dem f\u00fchrenden Obst- und Gem\u00fcseunternehmen im Mittelmeerraum, eingetreten um seine<\/p>\n","protected":false},"author":1,"featured_media":3540,"comment_status":"closed","ping_status":"closed","sticky":false,"template":"","format":"standard","meta":{"footnotes":""},"categories":[34],"tags":[],"class_list":["post-3539","post","type-post","status-publish","format-standard","has-post-thumbnail","hentry","category-allgemein"],"featured_image_urls":{"full":["https:\/\/agronoticias.es\/de\/wp-content\/uploads\/2025\/12\/Eurofruits-Levante.-Imagen-campo-calabacin-.jpg",800,1200,false],"thumbnail":["https:\/\/agronoticias.es\/de\/wp-content\/uploads\/2025\/12\/Eurofruits-Levante.-Imagen-campo-calabacin--150x150.jpg",150,150,true],"medium":["https:\/\/agronoticias.es\/de\/wp-content\/uploads\/2025\/12\/Eurofruits-Levante.-Imagen-campo-calabacin--200x300.jpg",200,300,true],"medium_large":["https:\/\/agronoticias.es\/de\/wp-content\/uploads\/2025\/12\/Eurofruits-Levante.-Imagen-campo-calabacin--768x1152.jpg",640,960,true],"large":["https:\/\/agronoticias.es\/de\/wp-content\/uploads\/2025\/12\/Eurofruits-Levante.-Imagen-campo-calabacin--683x1024.jpg",640,960,true],"1536x1536":["https:\/\/agronoticias.es\/de\/wp-content\/uploads\/2025\/12\/Eurofruits-Levante.-Imagen-campo-calabacin-.jpg",800,1200,false],"2048x2048":["https:\/\/agronoticias.es\/de\/wp-content\/uploads\/2025\/12\/Eurofruits-Levante.-Imagen-campo-calabacin-.jpg",800,1200,false],"morenews-large":["https:\/\/agronoticias.es\/de\/wp-content\/uploads\/2025\/12\/Eurofruits-Levante.-Imagen-campo-calabacin--800x575.jpg",800,575,true],"morenews-medium":["https:\/\/agronoticias.es\/de\/wp-content\/uploads\/2025\/12\/Eurofruits-Levante.-Imagen-campo-calabacin--590x410.jpg",590,410,true]},"author_info":{"display_name":"admin","author_link":"https:\/\/agronoticias.es\/de\/author\/admin\/"},"category_info":"<a href=\"https:\/\/agronoticias.es\/de\/category\/allgemein\/\" rel=\"category tag\">Allgemein<\/a>","tag_info":"Allgemein","comment_count":"0","_links":{"self":[{"href":"https:\/\/agronoticias.es\/de\/wp-json\/wp\/v2\/posts\/3539","targetHints":{"allow":["GET"]}}],"collection":[{"href":"https:\/\/agronoticias.es\/de\/wp-json\/wp\/v2\/posts"}],"about":[{"href":"https:\/\/agronoticias.es\/de\/wp-json\/wp\/v2\/types\/post"}],"author":[{"embeddable":true,"href":"https:\/\/agronoticias.es\/de\/wp-json\/wp\/v2\/users\/1"}],"replies":[{"embeddable":true,"href":"https:\/\/agronoticias.es\/de\/wp-json\/wp\/v2\/comments?post=3539"}],"version-history":[{"count":1,"href":"https:\/\/agronoticias.es\/de\/wp-json\/wp\/v2\/posts\/3539\/revisions"}],"predecessor-version":[{"id":3541,"href":"https:\/\/agronoticias.es\/de\/wp-json\/wp\/v2\/posts\/3539\/revisions\/3541"}],"wp:featuredmedia":[{"embeddable":true,"href":"https:\/\/agronoticias.es\/de\/wp-json\/wp\/v2\/media\/3540"}],"wp:attachment":[{"href":"https:\/\/agronoticias.es\/de\/wp-json\/wp\/v2\/media?parent=3539"}],"wp:term":[{"taxonomy":"category","embeddable":true,"href":"https:\/\/agronoticias.es\/de\/wp-json\/wp\/v2\/categories?post=3539"},{"taxonomy":"post_tag","embeddable":true,"href":"https:\/\/agronoticias.es\/de\/wp-json\/wp\/v2\/tags?post=3539"}],"curies":[{"name":"wp","href":"https:\/\/api.w.org\/{rel}","templated":true}]}}