{"id":3536,"date":"2025-12-12T11:26:39","date_gmt":"2025-12-12T10:26:39","guid":{"rendered":"https:\/\/agronoticias.es\/de\/?p=3536"},"modified":"2025-12-12T11:26:39","modified_gmt":"2025-12-12T10:26:39","slug":"bmleh-fordert-kommunale-bio-wertschopfung-mit-einer-halben-million-euro","status":"publish","type":"post","link":"https:\/\/agronoticias.es\/de\/bmleh-fordert-kommunale-bio-wertschopfung-mit-einer-halben-million-euro\/","title":{"rendered":"BMLEH f\u00f6rdert kommunale Bio-Wertsch\u00f6pfung mit einer halben Million Euro"},"content":{"rendered":"\n<p><\/p>\n\n\n\n<p>Im Rahmen der F\u00f6rderma\u00dfnahme \u201eBio Komm\u2018 mit\u201c unterst\u00fctzt das Bundesministerium f\u00fcr Landwirtschaft, Ern\u00e4hrung und Heimat (BMLEH) Kommunen \u2013 egal, ob st\u00e4dtisch oder im l\u00e4ndlichen Raum \u2013 bei der St\u00e4rkung der \u00f6kologischen Land- und Lebensmittelwirtschaft. Daf\u00fcr stellt das BMLEH aus seinem Bundesprogramm \u00d6kologischer Landbau (B\u00d6L) rund 500.000 Euro \u00fcber einen Zeitraum von drei Jahren zur Verf\u00fcgung.<\/p>\n\n\n\n<p>Dazu sagt der Bundesminister f\u00fcr Landwirtschaft, Ern\u00e4hrung und Heimat, Alois Rainer: \u00abWir unterst\u00fctzen Kommunen dabei, regionale Wertsch\u00f6pfungsketten aufzubauen, die heimische Bio-Produkte in den Mittelpunkt r\u00fccken: Vom B\u00e4cker bis hin zum mittelst\u00e4ndischen, \u00f6kologisch wirtschaftenden Gem\u00fcse-Verarbeitungsbetrieb machen wir sichtbar, was unsere Betriebe f\u00fcr Versorgung, Arbeitspl\u00e4tze und regionale Wirtschaftskraft leisten und helfen ihnen dabei, sich noch besser zu vernetzen. Das st\u00e4rkt die Wirtschaft vor Ort und f\u00f6rdert eine nachhaltige Lebensmittelproduktion in Deutschland.\u00bb<\/p>\n\n\n\n<p>Im Rahmen der F\u00f6rderma\u00dfnahme erhalten ausgew\u00e4hlte Kommunen gezielte Beratung, wie sie die Themen der \u00f6kologischen Land- und Lebensmittelwirtschaft st\u00e4rker in ihre Verwaltung integrieren k\u00f6nnen. Mit \u201eBio Komm\u2018 mit\u201c gibt das BMLEH den Akteuren vor Ort das daf\u00fcr n\u00f6tige Wissen an die Hand, unterst\u00fctzt praxisnah und zeigt Best-Practice-Beispiele aus Kommunen, die bereits aktiv mit dem Thema Bio arbeiten. Die Umsetzung der F\u00f6rderma\u00dfnahme \u00fcbernimmt der \u201eVerein zur F\u00f6rderung der Bio-St\u00e4dte e.V.\u201c. Mit seinen 30 Mitgliedsst\u00e4dten ist der Verein auf kommunaler Ebene breit etabliert und fungiert als zentraler Ansprechpartner f\u00fcr Kommunen, die Bio auf der Ebene der kommunalen Selbstverwaltung voranbringen wollen. Weitere Informationen finden Sie auf der Website zum F\u00f6rderprojekt. Quelle und Foto: BMLEH<\/p>\n","protected":false},"excerpt":{"rendered":"<p>Im Rahmen der F\u00f6rderma\u00dfnahme \u201eBio Komm\u2018 mit\u201c unterst\u00fctzt das Bundesministerium f\u00fcr Landwirtschaft, Ern\u00e4hrung und Heimat (BMLEH) Kommunen \u2013<\/p>\n","protected":false},"author":1,"featured_media":3537,"comment_status":"closed","ping_status":"closed","sticky":false,"template":"","format":"standard","meta":{"footnotes":""},"categories":[34],"tags":[],"class_list":["post-3536","post","type-post","status-publish","format-standard","has-post-thumbnail","hentry","category-allgemein"],"featured_image_urls":{"full":["https:\/\/agronoticias.es\/de\/wp-content\/uploads\/2025\/12\/BundesprogrammOekoLandbau.png",560,315,false],"thumbnail":["https:\/\/agronoticias.es\/de\/wp-content\/uploads\/2025\/12\/BundesprogrammOekoLandbau-150x150.png",150,150,true],"medium":["https:\/\/agronoticias.es\/de\/wp-content\/uploads\/2025\/12\/BundesprogrammOekoLandbau-300x169.png",300,169,true],"medium_large":["https:\/\/agronoticias.es\/de\/wp-content\/uploads\/2025\/12\/BundesprogrammOekoLandbau.png",560,315,false],"large":["https:\/\/agronoticias.es\/de\/wp-content\/uploads\/2025\/12\/BundesprogrammOekoLandbau.png",560,315,false],"1536x1536":["https:\/\/agronoticias.es\/de\/wp-content\/uploads\/2025\/12\/BundesprogrammOekoLandbau.png",560,315,false],"2048x2048":["https:\/\/agronoticias.es\/de\/wp-content\/uploads\/2025\/12\/BundesprogrammOekoLandbau.png",560,315,false],"morenews-large":["https:\/\/agronoticias.es\/de\/wp-content\/uploads\/2025\/12\/BundesprogrammOekoLandbau.png",560,315,false],"morenews-medium":["https:\/\/agronoticias.es\/de\/wp-content\/uploads\/2025\/12\/BundesprogrammOekoLandbau.png",560,315,false]},"author_info":{"display_name":"admin","author_link":"https:\/\/agronoticias.es\/de\/author\/admin\/"},"category_info":"<a href=\"https:\/\/agronoticias.es\/de\/category\/allgemein\/\" rel=\"category tag\">Allgemein<\/a>","tag_info":"Allgemein","comment_count":"0","_links":{"self":[{"href":"https:\/\/agronoticias.es\/de\/wp-json\/wp\/v2\/posts\/3536","targetHints":{"allow":["GET"]}}],"collection":[{"href":"https:\/\/agronoticias.es\/de\/wp-json\/wp\/v2\/posts"}],"about":[{"href":"https:\/\/agronoticias.es\/de\/wp-json\/wp\/v2\/types\/post"}],"author":[{"embeddable":true,"href":"https:\/\/agronoticias.es\/de\/wp-json\/wp\/v2\/users\/1"}],"replies":[{"embeddable":true,"href":"https:\/\/agronoticias.es\/de\/wp-json\/wp\/v2\/comments?post=3536"}],"version-history":[{"count":1,"href":"https:\/\/agronoticias.es\/de\/wp-json\/wp\/v2\/posts\/3536\/revisions"}],"predecessor-version":[{"id":3538,"href":"https:\/\/agronoticias.es\/de\/wp-json\/wp\/v2\/posts\/3536\/revisions\/3538"}],"wp:featuredmedia":[{"embeddable":true,"href":"https:\/\/agronoticias.es\/de\/wp-json\/wp\/v2\/media\/3537"}],"wp:attachment":[{"href":"https:\/\/agronoticias.es\/de\/wp-json\/wp\/v2\/media?parent=3536"}],"wp:term":[{"taxonomy":"category","embeddable":true,"href":"https:\/\/agronoticias.es\/de\/wp-json\/wp\/v2\/categories?post=3536"},{"taxonomy":"post_tag","embeddable":true,"href":"https:\/\/agronoticias.es\/de\/wp-json\/wp\/v2\/tags?post=3536"}],"curies":[{"name":"wp","href":"https:\/\/api.w.org\/{rel}","templated":true}]}}