{"id":3527,"date":"2025-12-05T10:30:38","date_gmt":"2025-12-05T09:30:38","guid":{"rendered":"https:\/\/agronoticias.es\/de\/?p=3527"},"modified":"2025-12-05T10:30:38","modified_gmt":"2025-12-05T09:30:38","slug":"wur-verlangert-die-professur-von-gerben-messelink-im-bereich-biologische-schadlingsbekampfung-in-partnerschaft-mit-biobest-und-interpolis","status":"publish","type":"post","link":"https:\/\/agronoticias.es\/de\/wur-verlangert-die-professur-von-gerben-messelink-im-bereich-biologische-schadlingsbekampfung-in-partnerschaft-mit-biobest-und-interpolis\/","title":{"rendered":"WUR verl\u00e4ngert die Professur von Gerben Messelink im Bereich biologische Sch\u00e4dlingsbek\u00e4mpfung in Partnerschaft mit Biobest und Interpolis"},"content":{"rendered":"\n<p><\/p>\n\n\n\n<p>Im Laufe dieses Jahres wurde Prof. Dr. Ir. Gerben Messelink erneut zum au\u00dferordentlichen Professor f\u00fcr Resiliente Anbausysteme mit biologischer Sch\u00e4dlingsbek\u00e4mpfung im Gew\u00e4chshausgartenbau an der Wageningen University &amp; Research (WUR) berufen. Die f\u00fcnfj\u00e4hrige Verl\u00e4ngerung seiner Professur wird gemeinsam von Biobest \u2013 einem f\u00fchrenden Unternehmen im Bereich Biokontrolle und Teil der BioFirst Group \u2013 sowie von Interpolis \u00fcber den Innovatiefonds Hagelunie unterst\u00fctzt, einem Versicherungs- und Innovationsfonds f\u00fcr pflanzliche Kulturen.<\/p>\n\n\n\n<p>\u201eWir halten es f\u00fcr entscheidend, den biologischen Pflanzenschutz sowohl wissenschaftlich als auch bildungspolitisch durch eine renommierte Institution wie die WUR zu f\u00f6rdern\u201c, sagt Felix W\u00e4ckers, Global R&amp;D Director bei Biobest. \u201eUnsere Zusammenarbeit wird neue Erkenntnisse liefern und mehr pestizidfreie L\u00f6sungen f\u00f6rdern, die sowohl den Erzeugern als auch der Umwelt zugutekommen.\u201c<\/p>\n\n\n\n<p>\u201eDer Gew\u00e4chshausgartenbau bewegt sich auf eine emissionsfreie Zukunft auf Basis biologischer \u00d6kosysteme zu\u201c, sagt Jaap Breugem, Manager bei Interpolis und director of the Innovatiefonds Hagelunie. \u201eDurch den Ersatz von Chemikalien durch N\u00fctzlinge f\u00f6rdern wir nachhaltige und innovative Produktionsweisen. Die Investition in Wissen n\u00fctzt sowohl den Erzeugern als auch der Umwelt \u2013 eine Transformation, die wir gerne unterst\u00fctzen.\u201c<\/p>\n\n\n\n<p>Resiliente Anbausysteme<\/p>\n\n\n\n<p>Gerben Messelink gilt als wissenschaftliche Autorit\u00e4t im Bereich biologischer Bek\u00e4mpfungsorganismen. Dank seiner Arbeit wurden mehrere neue N\u00fctzlinge auf den Markt gebracht. Seine Forschung zur pr\u00e4ventiven Nutzung und langfristigen Etablierung nat\u00fcrlicher Feinde war ma\u00dfgeblich f\u00fcr die Entwicklung resilienter Anbausysteme.<\/p>\n\n\n\n<p>Internationale Zusammenarbeit und Wirkung<\/p>\n\n\n\n<p>Messelink ist auch international in der biologischen Sch\u00e4dlingsbek\u00e4mpfung aktiv, unter anderem in europ\u00e4ischen Forschungsprojekten sowie beim Aufbau von Programmen in Asien und Afrika. Zudem ist er Leiter der Greenhouse Working Group der International Organisation for Biological and Integrated Control (IOBC).<\/p>\n\n\n\n<p>F\u00f6rderung pr\u00e4ventiver Biokontrolle durch funktionelle Vielfalt und langfristige Instrumente<\/p>\n\n\n\n<p>An der WUR wird Prof. Messelink seine Forschung auf die Entwicklung pr\u00e4ventiver Biokontrollstrategien (sogenannter \u201eStanding Army\u201c-Ansatz) konzentrieren, um widerstandsf\u00e4hige Gew\u00e4chshausanbausysteme weiter auszubauen. Dazu geh\u00f6ren Studien zur Komplexit\u00e4t der Bek\u00e4mpfung mehrerer, zunehmend invasiver Sch\u00e4dlinge, zur funktionellen Vielfalt von N\u00fctzlingen (\u201eTeam Building\u201c) sowie zur Entwicklung von Instrumenten zur langfristigen Etablierung nat\u00fcrlicher Feinde durch Nahrungsquellen, Servicepflanzen, Unterschlupf und vielf\u00e4ltige Lebensr\u00e4ume. Ziel seiner Professur ist es, die Verbindung zwischen \u00f6kologischer Grundlagenforschung und angewandter Forschung im Bereich der biologischen Kontrolle zu st\u00e4rken.<\/p>\n\n\n\n<p>\u201eAngesichts zunehmender Sch\u00e4dlingsresistenzen und invasiver Arten ist unsere Arbeit noch lange nicht abgeschlossen\u201c, sagt Professor Messelink. \u201eIch bin der WUR, Biobest und dem Innovatiefonds Hagelunie\/Interpolis dankbar, dass sie die Verl\u00e4ngerung meiner Professur erm\u00f6glicht haben, und freue mich darauf, Studierende, Wissenschaft und Industrie zusammenzubringen, um das Beste aus augmentativer und konservatorischer Biokontrolle zu vereinen.\u201c<\/p>\n","protected":false},"excerpt":{"rendered":"<p>Im Laufe dieses Jahres wurde Prof. Dr. Ir. Gerben Messelink erneut zum au\u00dferordentlichen Professor f\u00fcr Resiliente Anbausysteme mit<\/p>\n","protected":false},"author":1,"featured_media":3528,"comment_status":"closed","ping_status":"closed","sticky":false,"template":"","format":"standard","meta":{"footnotes":""},"categories":[34],"tags":[],"class_list":["post-3527","post","type-post","status-publish","format-standard","has-post-thumbnail","hentry","category-allgemein"],"featured_image_urls":{"full":["https:\/\/agronoticias.es\/de\/wp-content\/uploads\/2025\/12\/Gerben-Messelink-greenhouse-digital.jpg",980,613,false],"thumbnail":["https:\/\/agronoticias.es\/de\/wp-content\/uploads\/2025\/12\/Gerben-Messelink-greenhouse-digital-150x150.jpg",150,150,true],"medium":["https:\/\/agronoticias.es\/de\/wp-content\/uploads\/2025\/12\/Gerben-Messelink-greenhouse-digital-300x188.jpg",300,188,true],"medium_large":["https:\/\/agronoticias.es\/de\/wp-content\/uploads\/2025\/12\/Gerben-Messelink-greenhouse-digital-768x480.jpg",640,400,true],"large":["https:\/\/agronoticias.es\/de\/wp-content\/uploads\/2025\/12\/Gerben-Messelink-greenhouse-digital.jpg",640,400,false],"1536x1536":["https:\/\/agronoticias.es\/de\/wp-content\/uploads\/2025\/12\/Gerben-Messelink-greenhouse-digital.jpg",980,613,false],"2048x2048":["https:\/\/agronoticias.es\/de\/wp-content\/uploads\/2025\/12\/Gerben-Messelink-greenhouse-digital.jpg",980,613,false],"morenews-large":["https:\/\/agronoticias.es\/de\/wp-content\/uploads\/2025\/12\/Gerben-Messelink-greenhouse-digital-825x575.jpg",825,575,true],"morenews-medium":["https:\/\/agronoticias.es\/de\/wp-content\/uploads\/2025\/12\/Gerben-Messelink-greenhouse-digital-590x410.jpg",590,410,true]},"author_info":{"display_name":"admin","author_link":"https:\/\/agronoticias.es\/de\/author\/admin\/"},"category_info":"<a href=\"https:\/\/agronoticias.es\/de\/category\/allgemein\/\" rel=\"category tag\">Allgemein<\/a>","tag_info":"Allgemein","comment_count":"0","_links":{"self":[{"href":"https:\/\/agronoticias.es\/de\/wp-json\/wp\/v2\/posts\/3527","targetHints":{"allow":["GET"]}}],"collection":[{"href":"https:\/\/agronoticias.es\/de\/wp-json\/wp\/v2\/posts"}],"about":[{"href":"https:\/\/agronoticias.es\/de\/wp-json\/wp\/v2\/types\/post"}],"author":[{"embeddable":true,"href":"https:\/\/agronoticias.es\/de\/wp-json\/wp\/v2\/users\/1"}],"replies":[{"embeddable":true,"href":"https:\/\/agronoticias.es\/de\/wp-json\/wp\/v2\/comments?post=3527"}],"version-history":[{"count":1,"href":"https:\/\/agronoticias.es\/de\/wp-json\/wp\/v2\/posts\/3527\/revisions"}],"predecessor-version":[{"id":3529,"href":"https:\/\/agronoticias.es\/de\/wp-json\/wp\/v2\/posts\/3527\/revisions\/3529"}],"wp:featuredmedia":[{"embeddable":true,"href":"https:\/\/agronoticias.es\/de\/wp-json\/wp\/v2\/media\/3528"}],"wp:attachment":[{"href":"https:\/\/agronoticias.es\/de\/wp-json\/wp\/v2\/media?parent=3527"}],"wp:term":[{"taxonomy":"category","embeddable":true,"href":"https:\/\/agronoticias.es\/de\/wp-json\/wp\/v2\/categories?post=3527"},{"taxonomy":"post_tag","embeddable":true,"href":"https:\/\/agronoticias.es\/de\/wp-json\/wp\/v2\/tags?post=3527"}],"curies":[{"name":"wp","href":"https:\/\/api.w.org\/{rel}","templated":true}]}}