{"id":3518,"date":"2025-12-01T16:05:46","date_gmt":"2025-12-01T15:05:46","guid":{"rendered":"https:\/\/agronoticias.es\/de\/?p=3518"},"modified":"2025-12-01T16:06:54","modified_gmt":"2025-12-01T15:06:54","slug":"hde-konsumbarometer-im-dezember-verbraucherstimmung-weiter-im-abwartstrend-niedrigster-wert-seit-jahresbeginn","status":"publish","type":"post","link":"https:\/\/agronoticias.es\/de\/hde-konsumbarometer-im-dezember-verbraucherstimmung-weiter-im-abwartstrend-niedrigster-wert-seit-jahresbeginn\/","title":{"rendered":"HDE-Konsumbarometer im Dezember: Verbraucherstimmung weiter im Abw\u00e4rtstrend &#8211; niedrigster Wert seit Jahresbeginn"},"content":{"rendered":"\n<p>Die Konsumstimmung in Deutschland geht im Dezember weiter zur\u00fcck, wie das aktuelle Konsumbarometer des Handelsverbandes Deutschland (HDE) zeigt. Demnach sinkt der Index auf das niedrigste Niveau seit Jahresbeginn. Die Vorweihnachtszeit hat somit keinen positiven Effekt auf die Konsumlaune. Vielmehr ist das Jahr 2025 mit Blick auf die Verbraucherstimmung ein verlorenes Jahr, das keine Hoffnung auf eine baldige wirtschaftliche Erholung macht.<\/p>\n\n\n\n<p>&nbsp;Die Kaufzur\u00fcckhaltung unter den Verbraucherinnen und Verbrauchern nimmt im Dezember etwas zu. Zu beobachten ist eine Verschiebung vom Konsum hin zum Sparen. W\u00e4hrend die Anschaffungsneigung der Verbraucher im Vergleich zum Vormonat zur\u00fcckgeht und ein m\u00e4\u00dfiges Weihnachtsgesch\u00e4ft in Aussicht stellt, sind in der Planung f\u00fcr die n\u00e4chsten Wochen h\u00f6here Sparbetr\u00e4ge vorgesehen.<\/p>\n\n\n\n<p>Dass Vorsicht und Zur\u00fcckhaltung weiterhin \u00fcberwiegen, verdeutlicht die anhaltende Unsicherheit der Verbraucher. Ihr Blick auf die Entwicklung der Gesamtwirtschaft f\u00e4llt pessimistisch aus, ihre Konjunkturerwartungen lassen im Vergleich zum Vormonat nach und fallen auf das niedrigste Niveau seit Anfang 2024. Die Verbraucherinnen und Verbraucher scheinen nicht damit zu rechnen, dass der bevorstehende Jahreswechsel mit einem signifikanten gesamtwirtschaftlichen Wachstum verbunden sein wird.<\/p>\n\n\n\n<p>Optimistisch zeigen sich die Verbraucherinnen und Verbraucher hingegen, wenn es um ihre pers\u00f6nliche Einkommenssituation geht. Im Vergleich zum Vormonat erh\u00f6hen sich ihre Einkommenserwartungen. Diese Entwicklung ist m\u00f6glicherweise auf erste von der Bundesregierung beschlossene Entlastungen f\u00fcr die B\u00fcrgerinnen und B\u00fcrger zur\u00fcckzuf\u00fchren.<\/p>\n\n\n\n<p>Das Jahr 2025 endet f\u00fcr die Verbraucherstimmung somit nahezu auf dem unbefriedigendem Niveau, auf dem sie in das Jahr gestartet ist. Nicht nur f\u00fcr die Gesamtwirtschaft, sondern auch f\u00fcr die Konsumlaune war 2025 somit ein verlorenes Jahr, das nicht die erhoffte Erholung gebracht hat. Weiterhin sind die Verbraucherinnen und Verbraucher zur\u00fcckhaltend, was auf ein verhaltenes Weihnachtsgesch\u00e4ft ohne neue Verkaufsrekorde hindeutet. Angesichts des schw\u00e4chelnden Konsums ist ein nachhaltiges Wirtschaftswachstum nicht in Sicht.<\/p>\n\n\n\n<p>Das jeweils am ersten Montag eines Monats erscheinende HDE-Konsumbarometer basiert auf einer monatlichen Umfrage unter 1.600 Personen zur Anschaffungsneigung, Sparneigung, finanziellen Situation und zu anderen konsumrelevanten Faktoren. Das Konsumbarometer, das vom Handelsblatt Research Institute (HRI) im Auftrag des HDE erstellt wird, hat eine Indikatorfunktion f\u00fcr den privaten Konsum. Es bildet nicht das aktuelle Verbraucherverhalten ab, sondern die erwartete Stimmung in den kommenden drei Monaten. Quelle und Foto: HDE<\/p>\n\n\n\n<p><\/p>\n","protected":false},"excerpt":{"rendered":"<p>Die Konsumstimmung in Deutschland geht im Dezember weiter zur\u00fcck, wie das aktuelle Konsumbarometer des Handelsverbandes Deutschland (HDE) zeigt.<\/p>\n","protected":false},"author":1,"featured_media":3298,"comment_status":"closed","ping_status":"closed","sticky":false,"template":"","format":"standard","meta":{"footnotes":""},"categories":[34],"tags":[],"class_list":["post-3518","post","type-post","status-publish","format-standard","has-post-thumbnail","hentry","category-allgemein"],"featured_image_urls":{"full":["https:\/\/agronoticias.es\/de\/wp-content\/uploads\/2025\/09\/HDE-Konsumbarometer.jpg",400,270,false],"thumbnail":["https:\/\/agronoticias.es\/de\/wp-content\/uploads\/2025\/09\/HDE-Konsumbarometer-150x150.jpg",150,150,true],"medium":["https:\/\/agronoticias.es\/de\/wp-content\/uploads\/2025\/09\/HDE-Konsumbarometer-300x203.jpg",300,203,true],"medium_large":["https:\/\/agronoticias.es\/de\/wp-content\/uploads\/2025\/09\/HDE-Konsumbarometer.jpg",400,270,false],"large":["https:\/\/agronoticias.es\/de\/wp-content\/uploads\/2025\/09\/HDE-Konsumbarometer.jpg",400,270,false],"1536x1536":["https:\/\/agronoticias.es\/de\/wp-content\/uploads\/2025\/09\/HDE-Konsumbarometer.jpg",400,270,false],"2048x2048":["https:\/\/agronoticias.es\/de\/wp-content\/uploads\/2025\/09\/HDE-Konsumbarometer.jpg",400,270,false],"morenews-large":["https:\/\/agronoticias.es\/de\/wp-content\/uploads\/2025\/09\/HDE-Konsumbarometer.jpg",400,270,false],"morenews-medium":["https:\/\/agronoticias.es\/de\/wp-content\/uploads\/2025\/09\/HDE-Konsumbarometer.jpg",400,270,false]},"author_info":{"display_name":"admin","author_link":"https:\/\/agronoticias.es\/de\/author\/admin\/"},"category_info":"<a href=\"https:\/\/agronoticias.es\/de\/category\/allgemein\/\" rel=\"category tag\">Allgemein<\/a>","tag_info":"Allgemein","comment_count":"0","_links":{"self":[{"href":"https:\/\/agronoticias.es\/de\/wp-json\/wp\/v2\/posts\/3518","targetHints":{"allow":["GET"]}}],"collection":[{"href":"https:\/\/agronoticias.es\/de\/wp-json\/wp\/v2\/posts"}],"about":[{"href":"https:\/\/agronoticias.es\/de\/wp-json\/wp\/v2\/types\/post"}],"author":[{"embeddable":true,"href":"https:\/\/agronoticias.es\/de\/wp-json\/wp\/v2\/users\/1"}],"replies":[{"embeddable":true,"href":"https:\/\/agronoticias.es\/de\/wp-json\/wp\/v2\/comments?post=3518"}],"version-history":[{"count":2,"href":"https:\/\/agronoticias.es\/de\/wp-json\/wp\/v2\/posts\/3518\/revisions"}],"predecessor-version":[{"id":3520,"href":"https:\/\/agronoticias.es\/de\/wp-json\/wp\/v2\/posts\/3518\/revisions\/3520"}],"wp:featuredmedia":[{"embeddable":true,"href":"https:\/\/agronoticias.es\/de\/wp-json\/wp\/v2\/media\/3298"}],"wp:attachment":[{"href":"https:\/\/agronoticias.es\/de\/wp-json\/wp\/v2\/media?parent=3518"}],"wp:term":[{"taxonomy":"category","embeddable":true,"href":"https:\/\/agronoticias.es\/de\/wp-json\/wp\/v2\/categories?post=3518"},{"taxonomy":"post_tag","embeddable":true,"href":"https:\/\/agronoticias.es\/de\/wp-json\/wp\/v2\/tags?post=3518"}],"curies":[{"name":"wp","href":"https:\/\/api.w.org\/{rel}","templated":true}]}}