{"id":3505,"date":"2025-11-25T16:22:01","date_gmt":"2025-11-25T15:22:01","guid":{"rendered":"https:\/\/agronoticias.es\/de\/?p=3505"},"modified":"2025-11-25T16:22:01","modified_gmt":"2025-11-25T15:22:01","slug":"citrusproduktion-der-nordlichen-hemisphare-saison-25-26-wird-um-15-kleiner-ausfallen","status":"publish","type":"post","link":"https:\/\/agronoticias.es\/de\/citrusproduktion-der-nordlichen-hemisphare-saison-25-26-wird-um-15-kleiner-ausfallen\/","title":{"rendered":"Citrusproduktion der n\u00f6rdlichen Hemisph\u00e4re Saison 25\/26 wird um 1,5 % kleiner ausfallen."},"content":{"rendered":"\n<p><\/p>\n\n\n\n<p>Die Untergruppe Zitrusfr\u00fcchte der Expertengruppe der Beobachtungsstelle f\u00fcr den Obst- und Gem\u00fcsemarkt der Europ\u00e4ischen Kommission an der Vertreter des Sektors und Experten aus verschiedenen Mitgliedstaaten, darunter FEPEX, beteiligt sind, traf sich Anfang KW 48\/25 und analysierte die Aussichten f\u00fcr diese Saison in der n\u00f6rdlichen Hemisph\u00e4re, die auf einen Produktionsr\u00fcckgang von 1,5 % gegen\u00fcber 2024 auf 27,4 Mio t hindeuten, wobei der R\u00fcckgang bei Orangen um 2 % besonders hervorsticht.<\/p>\n\n\n\n<p>Bei dem Treffen, das in hybrider Form stattfand, wurde gesch\u00e4tzt, dass die Citruskampagne in der n\u00f6rdlichen Hemisph\u00e4re um 1,5 % kleiner ausfallen wird als 2024 und sich auf 27,4 Mio t belaufen wird, was ebenfalls einem R\u00fcckgang von 5 % gegen\u00fcber den vergangenen vier Jahren entspricht. Bei Citrus wird die Orangenproduktion, die rund 50 % der Gesamtmenge ausmacht, gegen\u00fcber 2024 um 2 % auf insgesamt 13,8 Mio t zur\u00fcckgehen, was einem R\u00fcckgang von 8,5 % gegen\u00fcber den vergangenen vier Jahren entspricht.<\/p>\n\n\n\n<p>In der aktuellen Kampagne wird die Produktion von kleinen Citrusfr\u00fcchten (Mandarinen, Clementinen&#8230;) in der n\u00f6rdlichen Hemisph\u00e4re sch\u00e4tzungsweise 8,5 Mio t erreichen, was einem Anteil von 31 % an der gesamten Citrusernte entspricht, w\u00e4hrend Zitronen bei 4,2 Mio t und Grapefruits bei 800.000 t liegen werden.<\/p>\n\n\n\n<p>Die wichtigsten Produzentenl\u00e4nder in der n\u00f6rdlichen Hemisph\u00e4re sind Spanien, \u00c4gypten, die USA und die T\u00fcrkei, gefolgt von Italien (3 Mio t), Marokko (2 Mio t), Griechenland (1,2 Mio t) und Israel mit 0,5 Mio t.<\/p>\n\n\n\n<p>Spanien, bisher f\u00fchrender Orangenproduzent, dessen Produktion im Vergleich zu 2024 um 11,5 % auf 2,72 Mio t zur\u00fcckgegangen ist, wird von \u00c4gypten mit 3,15 Mio t \u00fcberholt.<\/p>\n\n\n\n<p>Bei kleinen Citrusfr\u00fcchten ist die T\u00fcrkei mit 1,77 Mio t (+7,1%) f\u00fchrend. Spanien folgt mit 1,73 Mio t (-8,16 %).<\/p>\n\n\n\n<p>Bei Zitronen liegt die T\u00fcrkei mit 1,12 Mio t (-28,28 %) auf dem ersten Platz, gefolgt von Spanien mit 1,03 Mio t (-7,6 %).<\/p>\n\n\n\n<p>Die Citrusgruppe ist eine der Untergruppen, die innerhalb der Expertengruppe der Beobachtungsstelle f\u00fcr den Obst- und Gem\u00fcsemarkt der Europ\u00e4ischen Kommission eingerichtet wurden, an der FEPEX als Mitglied von EUCOFEL zum ersten Mal teilgenommen hat. Als Experte wurde der technische Direktor des Verbandes, Luis Mart\u00edn, benannt.\u00a0 Die Expertengruppe der Beobachtungsstelle f\u00fcr den Obst- und Gem\u00fcsemarkt der Europ\u00e4ischen Kommission\u00a0hat die Aufgabe, dem Obst- und Gem\u00fcsesektor der EU durch die zeitnahe Verbreitung von Marktdaten und kurzfristigen Analysen mehr Transparenz zu verschaffen. Nach Sch\u00e4tzungen des spanischen Landwirtschaftsministeriums aus dem September bel\u00e4uft sich die spanische Citrusproduktion in der Saison 2025\/26 auf 5,44 Mio t. Die Prognosen, die auf den Daten der produzierenden Autonomien basieren, wird die erwartete Produktion um 655.000 Tonnen unter der des letzten Wirtschaftsjahres (-10,7 %) und um 14,2 % unter dem Durchschnitt der letzten f\u00fcnf Wirtschaftsjahre liegen. Damit wird es die niedrigste Ernte seit 16 Jahren geben. Quelle: Fepex<\/p>\n\n\n\n<p><\/p>\n","protected":false},"excerpt":{"rendered":"<p>Die Untergruppe Zitrusfr\u00fcchte der Expertengruppe der Beobachtungsstelle f\u00fcr den Obst- und Gem\u00fcsemarkt der Europ\u00e4ischen Kommission an der Vertreter<\/p>\n","protected":false},"author":1,"featured_media":3506,"comment_status":"closed","ping_status":"closed","sticky":false,"template":"","format":"standard","meta":{"footnotes":""},"categories":[34],"tags":[],"class_list":["post-3505","post","type-post","status-publish","format-standard","has-post-thumbnail","hentry","category-allgemein"],"featured_image_urls":{"full":["https:\/\/agronoticias.es\/de\/wp-content\/uploads\/2025\/11\/campocitricoscastellon.jpg",300,168,false],"thumbnail":["https:\/\/agronoticias.es\/de\/wp-content\/uploads\/2025\/11\/campocitricoscastellon-150x150.jpg",150,150,true],"medium":["https:\/\/agronoticias.es\/de\/wp-content\/uploads\/2025\/11\/campocitricoscastellon.jpg",300,168,false],"medium_large":["https:\/\/agronoticias.es\/de\/wp-content\/uploads\/2025\/11\/campocitricoscastellon.jpg",300,168,false],"large":["https:\/\/agronoticias.es\/de\/wp-content\/uploads\/2025\/11\/campocitricoscastellon.jpg",300,168,false],"1536x1536":["https:\/\/agronoticias.es\/de\/wp-content\/uploads\/2025\/11\/campocitricoscastellon.jpg",300,168,false],"2048x2048":["https:\/\/agronoticias.es\/de\/wp-content\/uploads\/2025\/11\/campocitricoscastellon.jpg",300,168,false],"morenews-large":["https:\/\/agronoticias.es\/de\/wp-content\/uploads\/2025\/11\/campocitricoscastellon.jpg",300,168,false],"morenews-medium":["https:\/\/agronoticias.es\/de\/wp-content\/uploads\/2025\/11\/campocitricoscastellon.jpg",300,168,false]},"author_info":{"display_name":"admin","author_link":"https:\/\/agronoticias.es\/de\/author\/admin\/"},"category_info":"<a href=\"https:\/\/agronoticias.es\/de\/category\/allgemein\/\" rel=\"category tag\">Allgemein<\/a>","tag_info":"Allgemein","comment_count":"0","_links":{"self":[{"href":"https:\/\/agronoticias.es\/de\/wp-json\/wp\/v2\/posts\/3505","targetHints":{"allow":["GET"]}}],"collection":[{"href":"https:\/\/agronoticias.es\/de\/wp-json\/wp\/v2\/posts"}],"about":[{"href":"https:\/\/agronoticias.es\/de\/wp-json\/wp\/v2\/types\/post"}],"author":[{"embeddable":true,"href":"https:\/\/agronoticias.es\/de\/wp-json\/wp\/v2\/users\/1"}],"replies":[{"embeddable":true,"href":"https:\/\/agronoticias.es\/de\/wp-json\/wp\/v2\/comments?post=3505"}],"version-history":[{"count":1,"href":"https:\/\/agronoticias.es\/de\/wp-json\/wp\/v2\/posts\/3505\/revisions"}],"predecessor-version":[{"id":3507,"href":"https:\/\/agronoticias.es\/de\/wp-json\/wp\/v2\/posts\/3505\/revisions\/3507"}],"wp:featuredmedia":[{"embeddable":true,"href":"https:\/\/agronoticias.es\/de\/wp-json\/wp\/v2\/media\/3506"}],"wp:attachment":[{"href":"https:\/\/agronoticias.es\/de\/wp-json\/wp\/v2\/media?parent=3505"}],"wp:term":[{"taxonomy":"category","embeddable":true,"href":"https:\/\/agronoticias.es\/de\/wp-json\/wp\/v2\/categories?post=3505"},{"taxonomy":"post_tag","embeddable":true,"href":"https:\/\/agronoticias.es\/de\/wp-json\/wp\/v2\/tags?post=3505"}],"curies":[{"name":"wp","href":"https:\/\/api.w.org\/{rel}","templated":true}]}}