{"id":3491,"date":"2025-11-13T12:44:01","date_gmt":"2025-11-13T11:44:01","guid":{"rendered":"https:\/\/agronoticias.es\/de\/?p=3491"},"modified":"2025-11-13T12:44:02","modified_gmt":"2025-11-13T11:44:02","slug":"neue-gesichter-an-der-spitze-von-fruits-de-ponent","status":"publish","type":"post","link":"https:\/\/agronoticias.es\/de\/neue-gesichter-an-der-spitze-von-fruits-de-ponent\/","title":{"rendered":"Neue Gesichter an der Spitze von Fruits de Ponent"},"content":{"rendered":"\n<p>Ende Oktober gab die Genossenschaft Fruits de Ponent (Alcarr\u00e1s\/Lleida) die Ernennung von Mar\u00eda Jes\u00fas Sis\u00f3 Fargues zur neuen Generaldirektorin des Unternehmens bekannt. Sie tritt die Nachfolge von Josep Presseguer Gen\u00e9 an, der nach 12 Jahren in dieser Position eine neue berufliche Herausforderung annimmt. Andererseits ernannte der Verwaltungsrat von Fruits de Ponent in KW 45\/2025 Miquel Serra G\u00f2dia zum neuen Pr\u00e4sidenten der Genossenschaft, eine Position, die zuvor Benjam\u00ed Ibars innehatte.<\/p>\n\n\n\n<p>Maria Jes\u00fas Sis\u00f3, 51 Jahre alt und geb\u00fcrtig aus Alcarr\u00e0s, war bisher als Vorstandssekret\u00e4rin von Fruits de Ponent t\u00e4tig. In ihrer 33-j\u00e4hrigen Karriere in dieser Genossenschaft \u00fcbte Sis\u00f3 verschiedene F\u00fchrungspositionen innerhalb der Organisation aus, darunter neben ihrer derzeitigen Position u.a. die der Direktorin des Sozialbereichs und Mitglied des Compliance-Komitees.<\/p>\n\n\n\n<p><img fetchpriority=\"high\" decoding=\"async\" width=\"800\" height=\"451\" class=\"wp-image-3493\" style=\"width: 800px;\" src=\"https:\/\/agronoticias.es\/de\/wp-content\/uploads\/2025\/11\/Miquel-Serra-Godia-Presidente-Fruits-ponent.jpg\" alt=\"\" srcset=\"https:\/\/agronoticias.es\/de\/wp-content\/uploads\/2025\/11\/Miquel-Serra-Godia-Presidente-Fruits-ponent.jpg 1500w, https:\/\/agronoticias.es\/de\/wp-content\/uploads\/2025\/11\/Miquel-Serra-Godia-Presidente-Fruits-ponent-300x169.jpg 300w, https:\/\/agronoticias.es\/de\/wp-content\/uploads\/2025\/11\/Miquel-Serra-Godia-Presidente-Fruits-ponent-1024x577.jpg 1024w, https:\/\/agronoticias.es\/de\/wp-content\/uploads\/2025\/11\/Miquel-Serra-Godia-Presidente-Fruits-ponent-768x433.jpg 768w\" sizes=\"(max-width: 800px) 100vw, 800px\" \/><\/p>\n\n\n\n<p>Miquel Serra G\u00f2dia (58), Produktionsmitglied von Fruits de Ponent, \u00fcbernimmt die Leitung dieser f\u00fchrenden Genossenschaft im Agrarlebensmittel-Sektor im Gebiet von Lleida, die aus etwa 180 produzierenden Familienbetrieben und rund 150 Mitarbeitern besteht.<\/p>\n\n\n\n<p>Fruits de Ponent verf\u00fcgt \u00fcber ein Produktionspotenzial von mehr als 40 Mio kg Obst sowie \u00fcber verschiedene erg\u00e4nzende Gesch\u00e4ftsbereiche wie natives Oliven\u00f6l extra, Trockenfr\u00fcchte, landwirtschaftliche Zulieferungen und eine Kreditabteilung, die ihre Mitglieder finanziell unterst\u00fctzt.<\/p>\n\n\n\n<p>Mit diesen Ernennungen beginnt Fruits de Ponent eine neue Etappe mit dem Ziel, sein Genossenschaftsprojekt zu st\u00e4rken, die Interessen seiner Mitglieder zu wahren und sein Engagement f\u00fcr Nachhaltigkeit und Umwelt zu festigen. Quelle und Fotos: Fruits de Ponent<\/p>\n","protected":false},"excerpt":{"rendered":"<p>Ende Oktober gab die Genossenschaft Fruits de Ponent (Alcarr\u00e1s\/Lleida) die Ernennung von Mar\u00eda Jes\u00fas Sis\u00f3 Fargues zur neuen<\/p>\n","protected":false},"author":1,"featured_media":3492,"comment_status":"closed","ping_status":"closed","sticky":false,"template":"","format":"standard","meta":{"footnotes":""},"categories":[34],"tags":[],"class_list":["post-3491","post","type-post","status-publish","format-standard","has-post-thumbnail","hentry","category-allgemein"],"featured_image_urls":{"full":["https:\/\/agronoticias.es\/de\/wp-content\/uploads\/2025\/11\/Maria-Jesus-Siso-Directora-General-FdP.jpg",1016,762,false],"thumbnail":["https:\/\/agronoticias.es\/de\/wp-content\/uploads\/2025\/11\/Maria-Jesus-Siso-Directora-General-FdP-150x150.jpg",150,150,true],"medium":["https:\/\/agronoticias.es\/de\/wp-content\/uploads\/2025\/11\/Maria-Jesus-Siso-Directora-General-FdP-300x225.jpg",300,225,true],"medium_large":["https:\/\/agronoticias.es\/de\/wp-content\/uploads\/2025\/11\/Maria-Jesus-Siso-Directora-General-FdP-768x576.jpg",640,480,true],"large":["https:\/\/agronoticias.es\/de\/wp-content\/uploads\/2025\/11\/Maria-Jesus-Siso-Directora-General-FdP.jpg",640,480,false],"1536x1536":["https:\/\/agronoticias.es\/de\/wp-content\/uploads\/2025\/11\/Maria-Jesus-Siso-Directora-General-FdP.jpg",1016,762,false],"2048x2048":["https:\/\/agronoticias.es\/de\/wp-content\/uploads\/2025\/11\/Maria-Jesus-Siso-Directora-General-FdP.jpg",1016,762,false],"morenews-large":["https:\/\/agronoticias.es\/de\/wp-content\/uploads\/2025\/11\/Maria-Jesus-Siso-Directora-General-FdP-825x575.jpg",825,575,true],"morenews-medium":["https:\/\/agronoticias.es\/de\/wp-content\/uploads\/2025\/11\/Maria-Jesus-Siso-Directora-General-FdP-590x410.jpg",590,410,true]},"author_info":{"display_name":"admin","author_link":"https:\/\/agronoticias.es\/de\/author\/admin\/"},"category_info":"<a href=\"https:\/\/agronoticias.es\/de\/category\/allgemein\/\" rel=\"category tag\">Allgemein<\/a>","tag_info":"Allgemein","comment_count":"0","_links":{"self":[{"href":"https:\/\/agronoticias.es\/de\/wp-json\/wp\/v2\/posts\/3491","targetHints":{"allow":["GET"]}}],"collection":[{"href":"https:\/\/agronoticias.es\/de\/wp-json\/wp\/v2\/posts"}],"about":[{"href":"https:\/\/agronoticias.es\/de\/wp-json\/wp\/v2\/types\/post"}],"author":[{"embeddable":true,"href":"https:\/\/agronoticias.es\/de\/wp-json\/wp\/v2\/users\/1"}],"replies":[{"embeddable":true,"href":"https:\/\/agronoticias.es\/de\/wp-json\/wp\/v2\/comments?post=3491"}],"version-history":[{"count":1,"href":"https:\/\/agronoticias.es\/de\/wp-json\/wp\/v2\/posts\/3491\/revisions"}],"predecessor-version":[{"id":3494,"href":"https:\/\/agronoticias.es\/de\/wp-json\/wp\/v2\/posts\/3491\/revisions\/3494"}],"wp:featuredmedia":[{"embeddable":true,"href":"https:\/\/agronoticias.es\/de\/wp-json\/wp\/v2\/media\/3492"}],"wp:attachment":[{"href":"https:\/\/agronoticias.es\/de\/wp-json\/wp\/v2\/media?parent=3491"}],"wp:term":[{"taxonomy":"category","embeddable":true,"href":"https:\/\/agronoticias.es\/de\/wp-json\/wp\/v2\/categories?post=3491"},{"taxonomy":"post_tag","embeddable":true,"href":"https:\/\/agronoticias.es\/de\/wp-json\/wp\/v2\/tags?post=3491"}],"curies":[{"name":"wp","href":"https:\/\/api.w.org\/{rel}","templated":true}]}}