{"id":3487,"date":"2025-11-12T10:48:10","date_gmt":"2025-11-12T09:48:10","guid":{"rendered":"https:\/\/agronoticias.es\/de\/?p=3487"},"modified":"2025-11-12T10:48:10","modified_gmt":"2025-11-12T09:48:10","slug":"valencia-offizieller-start-der-kampagne-igp-citricos-valencianos","status":"publish","type":"post","link":"https:\/\/agronoticias.es\/de\/valencia-offizieller-start-der-kampagne-igp-citricos-valencianos\/","title":{"rendered":"Valencia: Offizieller Start der Kampagne IGP C\u00edtricos Valencianos"},"content":{"rendered":"\n<p>Mit dem traditionellen \u201ePrimer Corte\u201c (erster Schnitt) hat Anfang KW 46\/25 offiziell die Vermarktungssaison der IGP C\u00edtricos Valencianos (g.g.A) begonnen. Dieser symbolische Akt markiert den Saisonbeginn 2025-26, in der diese Qualit\u00e4tsprodukte wieder auf den M\u00e4rkten, in den L\u00e4den und Regalen im Land Valencia und vielen anderen spanischen Gebieten pr\u00e4sent sein werden.<\/p>\n\n\n\n<p>Pepe Barres, Pr\u00e4sident der IGP C\u00edtricos Valencianos, erkl\u00e4rte zu diesem Anlass: \u201eMit dieser f\u00fcnften Ausgabe des Primer Corte konsolidieren wir einen wichtigen Termin f\u00fcr den valencianischen Citrussektor. Eine Veranstaltung, die unser Engagement f\u00fcr Qualit\u00e4t, R\u00fcckverfolgbarkeit und Herkunft unserer Mandarinen, Zitronen und Orangen unterstreicht, aber auch eine Form, das Know-how, die Tradition und das Engagement des Sektors anzuerkennen und gleichzeitig unser Engagement f\u00fcr den Verbraucher zu bekr\u00e4ftigen.\u201c<\/p>\n\n\n\n<p>Veranstaltungsort war die Finca Agrosol in Tavernes de la Valldigna\/Valencia. Unter dem Vorsitz des regionalen Landwirtschaftsministers Miguel Barrachina und in Anwesenheit der Generaldirektorin f\u00fcr Landwirtschaft und Viehzucht, M\u00aa \u00c1ngels Ram\u00f3n-Llin, nahmen Vertreter des gesamten Citrussektors, Agrarorganisationen, Genossenschaften, Industrie, Handel, Lieferanten sowie Verbraucher daran teil. Im Mittelpunkt der Veranstaltung stand die Sorte Navelina.<\/p>\n\n\n\n<p>Im Rahmen dieser Initiative wollen alle am Sektor beteiligten, ihre Kr\u00e4fte b\u00fcndeln, um eine koh\u00e4rente Organisation zu f\u00f6rdern, die dem gemeinsamen Nutzen der gesamten Branche dient und es erm\u00f6glicht, den Verbrauchern die Bedeutung der valencianischen Citrusfr\u00fcchte in wirtschaftlicher, gesundheitlicher und \u00f6kologischer Hinsicht gegen\u00fcber denen aus anderen L\u00e4ndern zu vermitteln.<\/p>\n\n\n\n<p>Spanischer LEH setzt auf G\u00fctesiegel<\/p>\n\n\n\n<p>Auch die anwesenden Vertreter des spanischen LEH zeigten ihr Interesse an den valencianischen Citrusfr\u00fcchten, die unter dem G\u00fctesiegel IGP C\u00edtricos Valencianos und der Marke Naranja Valenciana vermarktet werden. Ketten wie Consum, Masymas, Carrefour, El Corte Ingl\u00e9s, DIA, Alcampo und Spar bieten sie bereits in ihren Filialen an. Andere Supermarktketten wie Eroski, Plusfresc, Condis, BM, Lupa und Alimerka nehmen sie ebenfalls ihr Sortiment auf.<\/p>\n\n\n\n<p>F\u00fcr Jos\u00e9 Enrique Sanz, Gesch\u00e4ftsf\u00fchrer IGP C\u00edtricos Valencianos, \u201ehaben sich das G\u00fctesiegel IGP C\u00edtricos Valencianos und die Marke Naranja Valenciana zweifellos als sichere Wahl f\u00fcr die gro\u00dfe Mehrheit der Vertriebsketten etabliert. Sie ist sowohl wegen des unbestreitbaren Wertes einer Herkunftszertifizierung \u2013 die die Herkunft aus dem Land Valencia garantiert \u2013 als auch wegen des materiellen Werts durch Qualit\u00e4t und Geschmack der Produkte attraktiv. Eine Kombination, die den steigenden Anforderungen der Verbraucher entspricht: Nachhaltigkeit, Vertrauen, Authentizit\u00e4t und Exzellenz.\u201c<\/p>\n\n\n\n<p>Die Saison 25-26 bringt einige Neuerungen mit sich, da vier neue Clementinensorten (Clemensoon, Orogros, Sando und Neufina) und sechs neue Mandarinensorten (Murina, Mandanova, Nadorcott, Leanri, Valley-Gold und Orri) hinzukommen. Damit kann der gesamte Vermarktungskalender von September bis Mai abgedeckt werden, was dem LEH eine gr\u00f6\u00dfere, stabilere und kontinuierlichere Planung erm\u00f6glicht. Zitronen mit dem IGP-Siegel sind bereits seit Ende September in den Regalen. Clementinen sind seit Oktober erh\u00e4ltlich, Orangen kommen ab sofort auf den Markt. Quelle und Foto: IGP C\u00edtricos Valencianos<\/p>\n","protected":false},"excerpt":{"rendered":"<p>Mit dem traditionellen \u201ePrimer Corte\u201c (erster Schnitt) hat Anfang KW 46\/25 offiziell die Vermarktungssaison der IGP C\u00edtricos Valencianos<\/p>\n","protected":false},"author":1,"featured_media":3488,"comment_status":"closed","ping_status":"closed","sticky":false,"template":"","format":"standard","meta":{"footnotes":""},"categories":[34],"tags":[],"class_list":["post-3487","post","type-post","status-publish","format-standard","has-post-thumbnail","hentry","category-allgemein"],"featured_image_urls":{"full":["https:\/\/agronoticias.es\/de\/wp-content\/uploads\/2025\/11\/Captura-de-pantalla-2025-11-10-a-las-12.23.36.png",1660,930,false],"thumbnail":["https:\/\/agronoticias.es\/de\/wp-content\/uploads\/2025\/11\/Captura-de-pantalla-2025-11-10-a-las-12.23.36-150x150.png",150,150,true],"medium":["https:\/\/agronoticias.es\/de\/wp-content\/uploads\/2025\/11\/Captura-de-pantalla-2025-11-10-a-las-12.23.36-300x168.png",300,168,true],"medium_large":["https:\/\/agronoticias.es\/de\/wp-content\/uploads\/2025\/11\/Captura-de-pantalla-2025-11-10-a-las-12.23.36-768x430.png",640,358,true],"large":["https:\/\/agronoticias.es\/de\/wp-content\/uploads\/2025\/11\/Captura-de-pantalla-2025-11-10-a-las-12.23.36-1024x574.png",640,359,true],"1536x1536":["https:\/\/agronoticias.es\/de\/wp-content\/uploads\/2025\/11\/Captura-de-pantalla-2025-11-10-a-las-12.23.36-1536x861.png",1536,861,true],"2048x2048":["https:\/\/agronoticias.es\/de\/wp-content\/uploads\/2025\/11\/Captura-de-pantalla-2025-11-10-a-las-12.23.36.png",1660,930,false],"morenews-large":["https:\/\/agronoticias.es\/de\/wp-content\/uploads\/2025\/11\/Captura-de-pantalla-2025-11-10-a-las-12.23.36-825x575.png",825,575,true],"morenews-medium":["https:\/\/agronoticias.es\/de\/wp-content\/uploads\/2025\/11\/Captura-de-pantalla-2025-11-10-a-las-12.23.36-590x410.png",590,410,true]},"author_info":{"display_name":"admin","author_link":"https:\/\/agronoticias.es\/de\/author\/admin\/"},"category_info":"<a href=\"https:\/\/agronoticias.es\/de\/category\/allgemein\/\" rel=\"category tag\">Allgemein<\/a>","tag_info":"Allgemein","comment_count":"0","_links":{"self":[{"href":"https:\/\/agronoticias.es\/de\/wp-json\/wp\/v2\/posts\/3487","targetHints":{"allow":["GET"]}}],"collection":[{"href":"https:\/\/agronoticias.es\/de\/wp-json\/wp\/v2\/posts"}],"about":[{"href":"https:\/\/agronoticias.es\/de\/wp-json\/wp\/v2\/types\/post"}],"author":[{"embeddable":true,"href":"https:\/\/agronoticias.es\/de\/wp-json\/wp\/v2\/users\/1"}],"replies":[{"embeddable":true,"href":"https:\/\/agronoticias.es\/de\/wp-json\/wp\/v2\/comments?post=3487"}],"version-history":[{"count":1,"href":"https:\/\/agronoticias.es\/de\/wp-json\/wp\/v2\/posts\/3487\/revisions"}],"predecessor-version":[{"id":3489,"href":"https:\/\/agronoticias.es\/de\/wp-json\/wp\/v2\/posts\/3487\/revisions\/3489"}],"wp:featuredmedia":[{"embeddable":true,"href":"https:\/\/agronoticias.es\/de\/wp-json\/wp\/v2\/media\/3488"}],"wp:attachment":[{"href":"https:\/\/agronoticias.es\/de\/wp-json\/wp\/v2\/media?parent=3487"}],"wp:term":[{"taxonomy":"category","embeddable":true,"href":"https:\/\/agronoticias.es\/de\/wp-json\/wp\/v2\/categories?post=3487"},{"taxonomy":"post_tag","embeddable":true,"href":"https:\/\/agronoticias.es\/de\/wp-json\/wp\/v2\/tags?post=3487"}],"curies":[{"name":"wp","href":"https:\/\/api.w.org\/{rel}","templated":true}]}}