{"id":3478,"date":"2025-11-07T09:47:40","date_gmt":"2025-11-07T08:47:40","guid":{"rendered":"https:\/\/agronoticias.es\/de\/?p=3478"},"modified":"2025-11-07T09:48:31","modified_gmt":"2025-11-07T08:48:31","slug":"tribelliseedless-erfindet-paprika-kategorie-neu","status":"publish","type":"post","link":"https:\/\/agronoticias.es\/de\/tribelliseedless-erfindet-paprika-kategorie-neu\/","title":{"rendered":"Tribelli\u00aeSeedless erfindet Paprika-Kategorie neu"},"content":{"rendered":"\n<p>Der intensiv s\u00fc\u00dfe, farbige und knackige konische Minipaprika Tribelli\u00ae pr\u00e4sentiert eine herausragende Verbesserung: er ist zu 100 % kernlos. Der von Enza Zaden auf der Fruit Attraction vorgestellte Minipaprika Tribelli\u00aeSeedless er\u00f6ffnet ein neues Segment innerhalb dieser Kategorie, so das Saatgutunternehmen. \u201eAls wir 2012 Tribelli\u00ae-Paprika auf den Markt brachten, wurden er schnell zum Ma\u00dfstab f\u00fcr Snackpaprika. Den Verbrauchern hat er geschmeckt, aber wir stellten fest, dass wir das Produkt noch verbessern konnten und wollten innovativ sein. Es war klar, dass die Entfernung der Kerne f\u00fcr uns der n\u00e4chste logische Schritt war\u201c, erkl\u00e4rte Carmen Ampt, sales representative von Enza Zaden.<\/p>\n\n\n\n<p>Aufgrund aktueller Studien, die Convenience und gesunde Snacks als wichtige Treiber f\u00fcr diese Kategorie einstufen, ist Enza Zaden von der vielversprechenden Zukunft dieser Markteinf\u00fchrung \u00fcberzeugt. \u201eDie Marktdaten best\u00e4tigen, dass wir mit den Trends im Einklang stehen. Was uns jedoch wirklich wichtig ist, ist die Meinung derjenigen, die das Produkt probieren. Deshalb haben wir in mehreren L\u00e4ndern Gruppendynamiken durchgef\u00fchrt, und die Ergebnisse waren sehr ermutigend: sie best\u00e4tigten uns voll und ganz, dass wir auf dem richtigen Weg sind\u201c, sagte Jessica Zomerdijk, Marketing-Direktorin f\u00fcr Europa. Nach einer quantitativen Studie mit Blindverkostungen bevorzugte die Mehrheit der Verbraucher Tribelli\u00ae Seedless gegen\u00fcber anderem Paprika, was das Vertrauen von Enza Zaden in das Potenzial des Produkts st\u00e4rkt.<\/p>\n\n\n\n<p>Tribelli\u00aeSeedless geht nicht nur direkt auf die Bed\u00fcrfnisse der Verbraucher ein, sondern will auch einen Mehrwert f\u00fcr alle Partner der Lieferkette schaffen, vom Saatgut bis zum Verkaufsregal. \u201eW\u00e4hrend die Verbraucher den Geschmack und die Bequemlichkeit sch\u00e4tzen, heben Fachleute die M\u00f6glichkeit hervor, den Umsatz in den Gesch\u00e4ften zu steigern. Mit diesem innovativen Konzept k\u00f6nnen wir neue Zielgruppen erreichen, die Kaufh\u00e4ufigkeit steigern und den Wert dieser Innovation kapitalisieren\u201c, f\u00fcgt Ampt hinzu.<\/p>\n\n\n\n<p>Tribelli\u00aeSeedless ist das ganze Jahr \u00fcber erh\u00e4ltlich und bietet zu jeder Jahreszeit Qualit\u00e4t und Konsistenz. Dank der strengen Qualit\u00e4tsstandards, die von den Partnerproduzenten umgesetzt werden, beh\u00e4lt jede Paprika die f\u00fcr die Marke charakteristische S\u00fc\u00dfe und Knackigkeit. Tribelli\u00ae Seedless ist bereits bei den f\u00fchrenden Einzelh\u00e4ndlern in ganz Europa erh\u00e4ltlich. Quelle und Foto: Enza Zaden<\/p>\n\n\n\n<p><\/p>\n","protected":false},"excerpt":{"rendered":"<p>Der intensiv s\u00fc\u00dfe, farbige und knackige konische Minipaprika Tribelli\u00ae pr\u00e4sentiert eine herausragende Verbesserung: er ist zu 100 %<\/p>\n","protected":false},"author":1,"featured_media":3479,"comment_status":"closed","ping_status":"closed","sticky":false,"template":"","format":"standard","meta":{"footnotes":""},"categories":[34],"tags":[],"class_list":["post-3478","post","type-post","status-publish","format-standard","has-post-thumbnail","hentry","category-allgemein"],"featured_image_urls":{"full":["https:\/\/agronoticias.es\/de\/wp-content\/uploads\/2025\/11\/tribelli-copia.jpg",1000,666,false],"thumbnail":["https:\/\/agronoticias.es\/de\/wp-content\/uploads\/2025\/11\/tribelli-copia-150x150.jpg",150,150,true],"medium":["https:\/\/agronoticias.es\/de\/wp-content\/uploads\/2025\/11\/tribelli-copia-300x200.jpg",300,200,true],"medium_large":["https:\/\/agronoticias.es\/de\/wp-content\/uploads\/2025\/11\/tribelli-copia-768x511.jpg",640,426,true],"large":["https:\/\/agronoticias.es\/de\/wp-content\/uploads\/2025\/11\/tribelli-copia.jpg",640,426,false],"1536x1536":["https:\/\/agronoticias.es\/de\/wp-content\/uploads\/2025\/11\/tribelli-copia.jpg",1000,666,false],"2048x2048":["https:\/\/agronoticias.es\/de\/wp-content\/uploads\/2025\/11\/tribelli-copia.jpg",1000,666,false],"morenews-large":["https:\/\/agronoticias.es\/de\/wp-content\/uploads\/2025\/11\/tribelli-copia-825x575.jpg",825,575,true],"morenews-medium":["https:\/\/agronoticias.es\/de\/wp-content\/uploads\/2025\/11\/tribelli-copia-590x410.jpg",590,410,true]},"author_info":{"display_name":"admin","author_link":"https:\/\/agronoticias.es\/de\/author\/admin\/"},"category_info":"<a href=\"https:\/\/agronoticias.es\/de\/category\/allgemein\/\" rel=\"category tag\">Allgemein<\/a>","tag_info":"Allgemein","comment_count":"0","_links":{"self":[{"href":"https:\/\/agronoticias.es\/de\/wp-json\/wp\/v2\/posts\/3478","targetHints":{"allow":["GET"]}}],"collection":[{"href":"https:\/\/agronoticias.es\/de\/wp-json\/wp\/v2\/posts"}],"about":[{"href":"https:\/\/agronoticias.es\/de\/wp-json\/wp\/v2\/types\/post"}],"author":[{"embeddable":true,"href":"https:\/\/agronoticias.es\/de\/wp-json\/wp\/v2\/users\/1"}],"replies":[{"embeddable":true,"href":"https:\/\/agronoticias.es\/de\/wp-json\/wp\/v2\/comments?post=3478"}],"version-history":[{"count":2,"href":"https:\/\/agronoticias.es\/de\/wp-json\/wp\/v2\/posts\/3478\/revisions"}],"predecessor-version":[{"id":3481,"href":"https:\/\/agronoticias.es\/de\/wp-json\/wp\/v2\/posts\/3478\/revisions\/3481"}],"wp:featuredmedia":[{"embeddable":true,"href":"https:\/\/agronoticias.es\/de\/wp-json\/wp\/v2\/media\/3479"}],"wp:attachment":[{"href":"https:\/\/agronoticias.es\/de\/wp-json\/wp\/v2\/media?parent=3478"}],"wp:term":[{"taxonomy":"category","embeddable":true,"href":"https:\/\/agronoticias.es\/de\/wp-json\/wp\/v2\/categories?post=3478"},{"taxonomy":"post_tag","embeddable":true,"href":"https:\/\/agronoticias.es\/de\/wp-json\/wp\/v2\/tags?post=3478"}],"curies":[{"name":"wp","href":"https:\/\/api.w.org\/{rel}","templated":true}]}}