{"id":3475,"date":"2025-11-04T09:52:12","date_gmt":"2025-11-04T08:52:12","guid":{"rendered":"https:\/\/agronoticias.es\/de\/?p=3475"},"modified":"2025-11-04T09:52:12","modified_gmt":"2025-11-04T08:52:12","slug":"spanien-exporte-von-frischem-obst-und-gemuse-bis-august-um-2-gesunken","status":"publish","type":"post","link":"https:\/\/agronoticias.es\/de\/spanien-exporte-von-frischem-obst-und-gemuse-bis-august-um-2-gesunken\/","title":{"rendered":"Spanien &#8211; Exporte von frischem Obst und Gem\u00fcse bis August um 2 % gesunken"},"content":{"rendered":"\n<p>\u00a0Die spanischen O+G-Exporte beliefen sich von Januar bis August 2025 auf 8,2 Mio t. Das ist im Vorjahresvergleich ein R\u00fcckgang von 2 %, was auf den R\u00fcckgang bei Gem\u00fcse und insbesondere bei Tomaten mit einem um 16 % geringeren Exportvolumen zur\u00fcckzuf\u00fchren ist, w\u00e4hrend der Wert der gesamten Exporte um 7,5 % gestiegen ist und \u00a013,074 Mrd Euro erreichten.<\/p>\n\n\n\n<p>Die in diesem Zeitraum exportierten Gem\u00fcsemengen gingen mit 3,6 Mio t um 5 % zur\u00fcck. was zum gro\u00dfen Teil auf den R\u00fcckgang der Tomatenverk\u00e4ufe zur\u00fcckzuf\u00fchren ist, die von 484.849 in 2024 auf 408.989 t (-16 %) in 2025 gesunken sind, wobei auch der Wert&nbsp; mit 730 Mio Euro um 3 % geringer ausgefallen ist. Insgesamt ist allerdings der Umsatz von frischem Gem\u00fcse von Januar bis August 25 mit 5,513 Mrd Euro um 5 % gestiegen.<\/p>\n\n\n\n<p>Die spanischen Obstausfuhren in diesem Zeitraum stabilisierten sich mit 4,6 Mio t, w\u00e4hrend der Umsatz um 11 % zunahm und 7,561 Mrd Euro erreichte. Hervorzuheben die guten Ergebnisse bei Orangen und Wassermelonen, von denen die meisten Mengen exportiert wurden. An Orangen wurden 944.431 t (+11 %) im Wert von 904 Mio Euro (+12 %) ausgef\u00fchrt, und an Wassermelonen 757.419 t (+4 %) und 572 Mio Euro (+13 %).<\/p>\n\n\n\n<p>Einen gestiegenen Export verzeichneten auch Erdbeeren mit 59.966 t (+3 %) und 845 Mio Euro (+9 %), w\u00e4hrend Steinobst mengenm\u00e4ssig zur\u00fcckging sich aber umsatzm\u00e4ssig verbesserte. Nektarinen bspw. erzielten 258.614 t (-4 %), steigen aber wertm\u00e4ssig mit 478 Mio Euro um 19 %. (Daten: spanische Zoll- und Steuerbeh\u00f6rde).<\/p>\n\n\n\n<p>F\u00fcr FEPEX verdeckt die positive Entwicklung des gesamten O+G-Exportwertes den R\u00fcckgang bei f\u00fcr den Sektor wichtigen Erzeugnissen wie Tomaten, deren Exporte sowohl mengen- als auch wertm\u00e4\u00dfig kontinuierlich zur\u00fcckgeht. Dies ist vor allem auf die zunehmende Konkurrenz durch Drittl\u00e4nder zur\u00fcckzuf\u00fchren, insbesondere Marokko, deren Erntezeiten vollst\u00e4ndig mit denen Spaniens \u00fcbereinstimmen und die zudem von weniger strengen Produktionsbedingungen profitieren als die Erzeuger in der EU. Quelle: Fepex<\/p>\n","protected":false},"excerpt":{"rendered":"<p>\u00a0Die spanischen O+G-Exporte beliefen sich von Januar bis August 2025 auf 8,2 Mio t. Das ist im Vorjahresvergleich<\/p>\n","protected":false},"author":1,"featured_media":3476,"comment_status":"closed","ping_status":"closed","sticky":false,"template":"","format":"standard","meta":{"footnotes":""},"categories":[34],"tags":[],"class_list":["post-3475","post","type-post","status-publish","format-standard","has-post-thumbnail","hentry","category-allgemein"],"featured_image_urls":{"full":["https:\/\/agronoticias.es\/de\/wp-content\/uploads\/2025\/11\/tomatoes-Asaja-Almeria.jpg",1280,848,false],"thumbnail":["https:\/\/agronoticias.es\/de\/wp-content\/uploads\/2025\/11\/tomatoes-Asaja-Almeria-150x150.jpg",150,150,true],"medium":["https:\/\/agronoticias.es\/de\/wp-content\/uploads\/2025\/11\/tomatoes-Asaja-Almeria-300x199.jpg",300,199,true],"medium_large":["https:\/\/agronoticias.es\/de\/wp-content\/uploads\/2025\/11\/tomatoes-Asaja-Almeria-768x509.jpg",640,424,true],"large":["https:\/\/agronoticias.es\/de\/wp-content\/uploads\/2025\/11\/tomatoes-Asaja-Almeria-1024x678.jpg",640,424,true],"1536x1536":["https:\/\/agronoticias.es\/de\/wp-content\/uploads\/2025\/11\/tomatoes-Asaja-Almeria.jpg",1280,848,false],"2048x2048":["https:\/\/agronoticias.es\/de\/wp-content\/uploads\/2025\/11\/tomatoes-Asaja-Almeria.jpg",1280,848,false],"morenews-large":["https:\/\/agronoticias.es\/de\/wp-content\/uploads\/2025\/11\/tomatoes-Asaja-Almeria-825x575.jpg",825,575,true],"morenews-medium":["https:\/\/agronoticias.es\/de\/wp-content\/uploads\/2025\/11\/tomatoes-Asaja-Almeria-590x410.jpg",590,410,true]},"author_info":{"display_name":"admin","author_link":"https:\/\/agronoticias.es\/de\/author\/admin\/"},"category_info":"<a href=\"https:\/\/agronoticias.es\/de\/category\/allgemein\/\" rel=\"category tag\">Allgemein<\/a>","tag_info":"Allgemein","comment_count":"0","_links":{"self":[{"href":"https:\/\/agronoticias.es\/de\/wp-json\/wp\/v2\/posts\/3475","targetHints":{"allow":["GET"]}}],"collection":[{"href":"https:\/\/agronoticias.es\/de\/wp-json\/wp\/v2\/posts"}],"about":[{"href":"https:\/\/agronoticias.es\/de\/wp-json\/wp\/v2\/types\/post"}],"author":[{"embeddable":true,"href":"https:\/\/agronoticias.es\/de\/wp-json\/wp\/v2\/users\/1"}],"replies":[{"embeddable":true,"href":"https:\/\/agronoticias.es\/de\/wp-json\/wp\/v2\/comments?post=3475"}],"version-history":[{"count":1,"href":"https:\/\/agronoticias.es\/de\/wp-json\/wp\/v2\/posts\/3475\/revisions"}],"predecessor-version":[{"id":3477,"href":"https:\/\/agronoticias.es\/de\/wp-json\/wp\/v2\/posts\/3475\/revisions\/3477"}],"wp:featuredmedia":[{"embeddable":true,"href":"https:\/\/agronoticias.es\/de\/wp-json\/wp\/v2\/media\/3476"}],"wp:attachment":[{"href":"https:\/\/agronoticias.es\/de\/wp-json\/wp\/v2\/media?parent=3475"}],"wp:term":[{"taxonomy":"category","embeddable":true,"href":"https:\/\/agronoticias.es\/de\/wp-json\/wp\/v2\/categories?post=3475"},{"taxonomy":"post_tag","embeddable":true,"href":"https:\/\/agronoticias.es\/de\/wp-json\/wp\/v2\/tags?post=3475"}],"curies":[{"name":"wp","href":"https:\/\/api.w.org\/{rel}","templated":true}]}}