{"id":3469,"date":"2025-11-03T11:46:06","date_gmt":"2025-11-03T10:46:06","guid":{"rendered":"https:\/\/agronoticias.es\/de\/?p=3469"},"modified":"2025-11-03T11:46:36","modified_gmt":"2025-11-03T10:46:36","slug":"hde-konsumbarometer-im-november-verbraucherstimmung-verschlechtert-sich-negativer-trend-seit-dem-sommer","status":"publish","type":"post","link":"https:\/\/agronoticias.es\/de\/hde-konsumbarometer-im-november-verbraucherstimmung-verschlechtert-sich-negativer-trend-seit-dem-sommer\/","title":{"rendered":"HDE-Konsumbarometer im November: Verbraucherstimmung verschlechtert sich &#8211; negativer Trend seit dem Sommer"},"content":{"rendered":"\n<p><\/p>\n\n\n\n<p>Die Verbesserung der Konsumstimmung im Oktober bleibt eine Ausnahme. Das HDE-Konsumbarometer geht im November wieder nach unten, der Wert f\u00e4llt sogar schw\u00e4cher aus als im September. Nach wie vor fehlen die Impulse f\u00fcr eine nachhaltige Verbesserung der Verbraucherstimmung. Insgesamt deutet das auf ein m\u00f6glicherweise kompliziertes Weihnachtsgesch\u00e4ft hin.<\/p>\n\n\n\n<p>Die Verbraucherstimmung verschlechtert sich im November, insgesamt zeigt sich damit ein negativer Trend seit dem Sommer. Die positive Entwicklung aus dem Oktober war damit nur eine kurze Momentaufnahme, aktuell liegt das Barometer sogar wieder unterhalb des Wertes aus dem September.<\/p>\n\n\n\n<p>Im November gibt es bei Anschaffungs- und Sparneigung nur minimale Ver\u00e4nderungen. Beide Teilindikatoren sinken leicht. Verglichen mit dem Vorjahresmonat ist die Konsumneigung in diesem November etwas geringer. Ein Grund f\u00fcr die sinkende Anschaffungs- und Sparneigung d\u00fcrften die abnehmenden Einkommenserwartungen sein. Die Verbraucher planen insofern mit einem potenziell geringeren verf\u00fcgbaren Einkommen und nehmen Anpassungen bei Konsum sowie beim Sparen vor. Die Lage am Arbeitsmarkt ist weiterhin angespannt und gr\u00f6\u00dfere finanzielle Entlastungen f\u00fcr die B\u00fcrger seitens des Staates sind von der Bundesregierung aktuell nicht geplant. Insofern wird der \u00fcberraschende Optimismus aus dem Vormonat wieder korrigiert.<\/p>\n\n\n\n<p>Erwartungen, dass nach einem konjunkturell verhalten verlaufenden ersten Halbjahr in der zweiten Jahresh\u00e4lfte eine Erholung einsetzt, haben sich somit nicht erf\u00fcllt. Nach wie vor sind die Verbraucher mit Blick auf die weitere gesamtwirtschaftliche Entwicklung Deutschlands verunsichert.<\/p>\n\n\n\n<p>Diese Negativeinsch\u00e4tzungen kommen zu Beginn des Weihnachtsgesch\u00e4fts f\u00fcr den Einzelhandel zur Unzeit. Die letzten beide Monate sind traditionell die umsatzst\u00e4rksten Monate in der Branche. Unter Umst\u00e4nden kehrt der Optimismus bei den Verbrauchern im kommenden Jahr zur\u00fcck, wenn durch finanzpolitische Ma\u00dfnahmen das gesamtwirtschaftliche Wachstum angeregt wird. Dann erholt sich m\u00f6glicherweise auch der private Konsum st\u00e4rker und st\u00fctzt einen konjunkturellen Aufschwung.<\/p>\n\n\n\n<p>Das jeweils am ersten Montag eines Monats erscheinende HDE-Konsumbarometer basiert auf einer monatlichen Umfrage unter 1.600 Personen zur Anschaffungsneigung, Sparneigung, finanziellen Situation und zu anderen konsumrelevanten Faktoren. Das Konsumbarometer, das vom Handelsblatt Research Institute (HRI) im Auftrag des HDE erstellt wird, hat eine Indikatorfunktion f\u00fcr den privaten Konsum. Es bildet nicht das aktuelle Verbraucherverhalten ab, sondern die erwartete Stimmung in den kommenden drei Monaten. Quelle und Foto: HDE<\/p>\n","protected":false},"excerpt":{"rendered":"<p>Die Verbesserung der Konsumstimmung im Oktober bleibt eine Ausnahme. Das HDE-Konsumbarometer geht im November wieder nach unten, der<\/p>\n","protected":false},"author":1,"featured_media":3470,"comment_status":"closed","ping_status":"closed","sticky":false,"template":"","format":"standard","meta":{"footnotes":""},"categories":[34],"tags":[],"class_list":["post-3469","post","type-post","status-publish","format-standard","has-post-thumbnail","hentry","category-allgemein"],"featured_image_urls":{"full":["https:\/\/agronoticias.es\/de\/wp-content\/uploads\/2025\/11\/HDE-Konsumbarometer-november-25.png",800,358,false],"thumbnail":["https:\/\/agronoticias.es\/de\/wp-content\/uploads\/2025\/11\/HDE-Konsumbarometer-november-25-150x150.png",150,150,true],"medium":["https:\/\/agronoticias.es\/de\/wp-content\/uploads\/2025\/11\/HDE-Konsumbarometer-november-25-300x134.png",300,134,true],"medium_large":["https:\/\/agronoticias.es\/de\/wp-content\/uploads\/2025\/11\/HDE-Konsumbarometer-november-25-768x344.png",640,287,true],"large":["https:\/\/agronoticias.es\/de\/wp-content\/uploads\/2025\/11\/HDE-Konsumbarometer-november-25.png",640,286,false],"1536x1536":["https:\/\/agronoticias.es\/de\/wp-content\/uploads\/2025\/11\/HDE-Konsumbarometer-november-25.png",800,358,false],"2048x2048":["https:\/\/agronoticias.es\/de\/wp-content\/uploads\/2025\/11\/HDE-Konsumbarometer-november-25.png",800,358,false],"morenews-large":["https:\/\/agronoticias.es\/de\/wp-content\/uploads\/2025\/11\/HDE-Konsumbarometer-november-25.png",800,358,false],"morenews-medium":["https:\/\/agronoticias.es\/de\/wp-content\/uploads\/2025\/11\/HDE-Konsumbarometer-november-25-590x358.png",590,358,true]},"author_info":{"display_name":"admin","author_link":"https:\/\/agronoticias.es\/de\/author\/admin\/"},"category_info":"<a href=\"https:\/\/agronoticias.es\/de\/category\/allgemein\/\" rel=\"category tag\">Allgemein<\/a>","tag_info":"Allgemein","comment_count":"0","_links":{"self":[{"href":"https:\/\/agronoticias.es\/de\/wp-json\/wp\/v2\/posts\/3469","targetHints":{"allow":["GET"]}}],"collection":[{"href":"https:\/\/agronoticias.es\/de\/wp-json\/wp\/v2\/posts"}],"about":[{"href":"https:\/\/agronoticias.es\/de\/wp-json\/wp\/v2\/types\/post"}],"author":[{"embeddable":true,"href":"https:\/\/agronoticias.es\/de\/wp-json\/wp\/v2\/users\/1"}],"replies":[{"embeddable":true,"href":"https:\/\/agronoticias.es\/de\/wp-json\/wp\/v2\/comments?post=3469"}],"version-history":[{"count":2,"href":"https:\/\/agronoticias.es\/de\/wp-json\/wp\/v2\/posts\/3469\/revisions"}],"predecessor-version":[{"id":3472,"href":"https:\/\/agronoticias.es\/de\/wp-json\/wp\/v2\/posts\/3469\/revisions\/3472"}],"wp:featuredmedia":[{"embeddable":true,"href":"https:\/\/agronoticias.es\/de\/wp-json\/wp\/v2\/media\/3470"}],"wp:attachment":[{"href":"https:\/\/agronoticias.es\/de\/wp-json\/wp\/v2\/media?parent=3469"}],"wp:term":[{"taxonomy":"category","embeddable":true,"href":"https:\/\/agronoticias.es\/de\/wp-json\/wp\/v2\/categories?post=3469"},{"taxonomy":"post_tag","embeddable":true,"href":"https:\/\/agronoticias.es\/de\/wp-json\/wp\/v2\/tags?post=3469"}],"curies":[{"name":"wp","href":"https:\/\/api.w.org\/{rel}","templated":true}]}}