{"id":3456,"date":"2025-10-28T11:31:53","date_gmt":"2025-10-28T10:31:53","guid":{"rendered":"https:\/\/agronoticias.es\/de\/?p=3456"},"modified":"2025-10-28T11:31:54","modified_gmt":"2025-10-28T10:31:54","slug":"benihort-mit-qualitat-kontinuitat-und-neuen-anbauflachen-in-die-citrussaison-2025-26","status":"publish","type":"post","link":"https:\/\/agronoticias.es\/de\/benihort-mit-qualitat-kontinuitat-und-neuen-anbauflachen-in-die-citrussaison-2025-26\/","title":{"rendered":"Benihort &#8211; Mit Qualit\u00e4t, Kontinuit\u00e4t und neuen Anbaufl\u00e4chen in die Citrussaison 2025-26"},"content":{"rendered":"\n<p>Die Genossenschaft Benihort (Benicarlo\/Castell\u00f3n) hat Ende KW 43\/25 die neue Citruskampagne 2025-26 begonnen, die im Vergleich zur vergangenen Saison von einem Produktionsr\u00fcckgang von fast 15 % gekennzeichnet ist. Aber die Prognosen sind durch die erwarteten Qualit\u00e4tsfr\u00fcchte, die gesicherte ganzj\u00e4hrige Belieferung ihrer Kunden und den strategischen Impuls eines neuen Anbaugebietes, um zuk\u00fcnftige Stabilit\u00e4t zu gewinnen, gut.<\/p>\n\n\n\n<p>Laut Llu\u00eds Monta\u00f1\u00e9s, O+G-Handelsdirektor von Benihort, waren die Wetterbedingungen g\u00fcnstig. \u201eDas Wetter hat uns nicht geschadet, und die Regenf\u00e4lle haben zu gr\u00f6\u00dferen Kalibern gef\u00fchrt\u201c, erkl\u00e4rte er. In der ersten Saisonh\u00e4lfte dominieren in den Monaten November und Dezember innerhalb der Mandarinen-Gruppe die Clemenules, w\u00e4hrend bei Orangen ein deutlicher R\u00fcckgang der Navelinas zu verzeichnen ist. Ab Januar, der zweiten H\u00e4lfte der Kampagne, werden stabile Ertr\u00e4ge erwartet, \u00e4hnlich wie im letzten Jahr, mit einer steigenden Vermarktungszunahme bei Club-Mandarinen wie Nadorcott und Tango sowie der neuen Orangenfincas.<\/p>\n\n\n\n<p>Daneben f\u00fchrt Benihort ein Projekt zur Sortenerneuerung durch, das zur Verst\u00e4rkung der zweiten Saisonh\u00e4lfte von entscheidender Bedeutung ist. Um die Mengen aufrechtzuerhalten und die Kontinuit\u00e4t ihres Gesch\u00e4ftsprojekts zu gew\u00e4hrleisten, hat die Genossenschaft aus Benicarl\u00f3 neben den Zuk\u00e4ufen bei Dritten in dieser Saison einen neuen Anbau- und Technologiebereich in Betrieb genommen. \u201eEs gibt einen gef\u00e4hrlichen Trend zur Aufgabe von Familienbetrieben aufgrund fehlender Nachwuchskr\u00e4fte. Dies f\u00fchrt dazu, dass sowohl Genossenschaften als auch der Privatsektor zunehmend auf Eigenproduktion setzen, um eine regelm\u00e4\u00dfige, qualitativ hochwertige und nachhaltige Versorgung sicherzustellen. Es war der Moment, auf direktes Management dieser Fincas zu setzen\u201c, erkl\u00e4rte Monta\u00f1\u00e9s.<\/p>\n\n\n\n<p>Die technologische Modernisierung des Packhauses bleibt ein weiterer strategischer Schwerpunkt. \u201eDie Einf\u00fchrung k\u00fcnstlicher Intelligenz in die Sortierung war in der vergangenen Saison ein voller Erfolg, da wir dadurch Standards vereinheitlichen und eine gleichbleibende Qualit\u00e4t bieten konnten, was unser etablierter Kundenstamm verlangt\u201c, betonte Monta\u00f1\u00e9s. Im Rahmen ihrer Planung verfolgt die Genossenschaft auch einen Vierjahresplan zur Erneuerung der Maschinen und zur Optimierung der Produktionsprozesse.<\/p>\n\n\n\n<p><a><\/a> In voller Citruskampagne schafft Benihort \u00fcber 550 Arbeitspl\u00e4tze, was die wirtschaftliche und soziale Bedeutung der Genossenschaft in diesem Gebiet unterstreicht.<\/p>\n","protected":false},"excerpt":{"rendered":"<p>Die Genossenschaft Benihort (Benicarlo\/Castell\u00f3n) hat Ende KW 43\/25 die neue Citruskampagne 2025-26 begonnen, die im Vergleich zur vergangenen<\/p>\n","protected":false},"author":1,"featured_media":3457,"comment_status":"closed","ping_status":"closed","sticky":false,"template":"","format":"standard","meta":{"footnotes":""},"categories":[34],"tags":[],"class_list":["post-3456","post","type-post","status-publish","format-standard","has-post-thumbnail","hentry","category-allgemein"],"featured_image_urls":{"full":["https:\/\/agronoticias.es\/de\/wp-content\/uploads\/2025\/10\/benihort-almacen-citricos-1.jpeg",1200,675,false],"thumbnail":["https:\/\/agronoticias.es\/de\/wp-content\/uploads\/2025\/10\/benihort-almacen-citricos-1-150x150.jpeg",150,150,true],"medium":["https:\/\/agronoticias.es\/de\/wp-content\/uploads\/2025\/10\/benihort-almacen-citricos-1-300x169.jpeg",300,169,true],"medium_large":["https:\/\/agronoticias.es\/de\/wp-content\/uploads\/2025\/10\/benihort-almacen-citricos-1-768x432.jpeg",640,360,true],"large":["https:\/\/agronoticias.es\/de\/wp-content\/uploads\/2025\/10\/benihort-almacen-citricos-1-1024x576.jpeg",640,360,true],"1536x1536":["https:\/\/agronoticias.es\/de\/wp-content\/uploads\/2025\/10\/benihort-almacen-citricos-1.jpeg",1200,675,false],"2048x2048":["https:\/\/agronoticias.es\/de\/wp-content\/uploads\/2025\/10\/benihort-almacen-citricos-1.jpeg",1200,675,false],"morenews-large":["https:\/\/agronoticias.es\/de\/wp-content\/uploads\/2025\/10\/benihort-almacen-citricos-1-825x575.jpeg",825,575,true],"morenews-medium":["https:\/\/agronoticias.es\/de\/wp-content\/uploads\/2025\/10\/benihort-almacen-citricos-1-590x410.jpeg",590,410,true]},"author_info":{"display_name":"admin","author_link":"https:\/\/agronoticias.es\/de\/author\/admin\/"},"category_info":"<a href=\"https:\/\/agronoticias.es\/de\/category\/allgemein\/\" rel=\"category tag\">Allgemein<\/a>","tag_info":"Allgemein","comment_count":"0","_links":{"self":[{"href":"https:\/\/agronoticias.es\/de\/wp-json\/wp\/v2\/posts\/3456","targetHints":{"allow":["GET"]}}],"collection":[{"href":"https:\/\/agronoticias.es\/de\/wp-json\/wp\/v2\/posts"}],"about":[{"href":"https:\/\/agronoticias.es\/de\/wp-json\/wp\/v2\/types\/post"}],"author":[{"embeddable":true,"href":"https:\/\/agronoticias.es\/de\/wp-json\/wp\/v2\/users\/1"}],"replies":[{"embeddable":true,"href":"https:\/\/agronoticias.es\/de\/wp-json\/wp\/v2\/comments?post=3456"}],"version-history":[{"count":1,"href":"https:\/\/agronoticias.es\/de\/wp-json\/wp\/v2\/posts\/3456\/revisions"}],"predecessor-version":[{"id":3458,"href":"https:\/\/agronoticias.es\/de\/wp-json\/wp\/v2\/posts\/3456\/revisions\/3458"}],"wp:featuredmedia":[{"embeddable":true,"href":"https:\/\/agronoticias.es\/de\/wp-json\/wp\/v2\/media\/3457"}],"wp:attachment":[{"href":"https:\/\/agronoticias.es\/de\/wp-json\/wp\/v2\/media?parent=3456"}],"wp:term":[{"taxonomy":"category","embeddable":true,"href":"https:\/\/agronoticias.es\/de\/wp-json\/wp\/v2\/categories?post=3456"},{"taxonomy":"post_tag","embeddable":true,"href":"https:\/\/agronoticias.es\/de\/wp-json\/wp\/v2\/tags?post=3456"}],"curies":[{"name":"wp","href":"https:\/\/api.w.org\/{rel}","templated":true}]}}