{"id":3453,"date":"2025-10-28T11:14:59","date_gmt":"2025-10-28T10:14:59","guid":{"rendered":"https:\/\/agronoticias.es\/de\/?p=3453"},"modified":"2025-10-28T11:14:59","modified_gmt":"2025-10-28T10:14:59","slug":"konsumklima-sinkende-einkommensaussichten-sorgen-fur-erneute-abkuhlung","status":"publish","type":"post","link":"https:\/\/agronoticias.es\/de\/konsumklima-sinkende-einkommensaussichten-sorgen-fur-erneute-abkuhlung\/","title":{"rendered":"Konsumklima: Sinkende Einkommensaussichten\u00a0 \u00a0sorgen f\u00fcr erneute Abk\u00fchlung\u200b\u00a0"},"content":{"rendered":"\n<p> <\/p>\n\n\n\n<p>Das Konsumklima setzt seinen Abw\u00e4rtstrend fort. Hierf\u00fcr sind die im Oktober deutlich getr\u00fcbten Einkommenserwartungen der deutschen Verbraucher verantwortlich. Im Gegensatz dazu zeigen sowohl die Konjunkturerwartungen als auch die Anschaffungsneigung leichte Zuw\u00e4chse. Und die Sparneigung bleibt \u2013 wie bereits im Vormonat \u2013\u202f nahezu unver\u00e4ndert. Folglich prognostiziert der Konsumklima-Indikator f\u00fcr November 2025 im Vergleich zum Vormonat (revidiert -22,5 Z\u00e4hler) einen R\u00fcckgang um 1,6 Z\u00e4hler auf -24,1 Punkte. Dies zeigen die aktuellen Ergebnisse des GfK Konsumklimas powered by NIM, das seit Oktober 2023 gemeinsam von NIQ\/GfK und dem N\u00fcrnberg Institut f\u00fcr Marktentscheidungen (NIM), Gr\u00fcnder der GfK, herausgegeben wird.\u202f<\/p>\n\n\n\n<p>Der Einbruch der Einkommenserwartung ist f\u00fcr den erneuten R\u00fcckgang des Konsumklima-Indikators verantwortlich. Die leicht steigende Anschaffungsneigung und die kaum ver\u00e4nderte Sparneigung k\u00f6nnen den R\u00fcckgang dagegen nur minimal abfedern.\u202f<\/p>\n\n\n\n<p>\u201eIm Oktober verliert die Einkommenserwartung knapp 13 Z\u00e4hler und f\u00e4llt auf 2,3 Punkte. Dies ist der niedrigste Wert seit M\u00e4rz dieses Jahres, als -3,1 Punkte gemessen wurden. Damit hat der Einkommensindikator seine deutlichen Zugewinne aus dem Vormonat von 11 Punkten mehr als eingeb\u00fc\u00dft,\u201c erkl\u00e4rt Rolf B\u00fcrkl, Head of Consumer Climate beim NIM. \u201eDie anhaltend angespannte geopolitische Lage, wieder zunehmende Inflations\u00e4ngste und wachsende \u00c4ngste um den Arbeitsplatz lassen die Hoffnung auf eine kurzfristige Erholung des Konsumklimas schwinden.\u201c\u202f<\/p>\n\n\n\n<p>Anschaffungsneigung bleibt trotz Zugewinnen im Keller<\/p>\n\n\n\n<p>Die Anschaffungsneigung kann den deutlichen R\u00fcckgang des Konsumklimas in diesem Monat nur leicht abmildern: Der Indikator gewinnt 2,3 Z\u00e4hler hinzu und weist nun -9,3 Punkte auf. Im Vergleich zum entsprechenden Zeitraum des Vorjahres ist ein Minus von 4,6 Z\u00e4hlern zu verzeichnen.&nbsp;<\/p>\n\n\n\n<p>Trotz des leichten Anstiegs verharrt die Anschaffungsneigung jedoch weiter im Keller. Anhaltend hohe Preise f\u00fcr Lebensmittel und Energie d\u00fcrften ma\u00dfgeblich zur Kaufzur\u00fcckhaltung beitragen.e press release and who to contact<\/p>\n\n\n\n<p>Die Konjunkturerwartungen stoppen ihren Abw\u00e4rtstrend<\/p>\n\n\n\n<p>Der Abw\u00e4rtstrend der Konjunkturerwartungen der Verbraucher aus dem Vormonat setzt sich im Oktober nicht fort. Nach drei R\u00fcckg\u00e4ngen in Folge gewinnt der Konjunkturindikator 2,2 Z\u00e4hler hinzu und steigt auf 0,8 Punkte. Damit befindet sich die Konjunkturstimmung aktuell fast auf Vorjahresniveau.&nbsp;<\/p>\n\n\n\n<p>Das derzeitige Niveau des Indikators signalisiert, dass in den kommenden Monaten keine durchgreifende Erholung der Konjunktur in Deutschland zu erwarten ist. Die Mehrheit der Wirtschaftsexperten rechnet damit, dass das Wachstum der deutschen Wirtschaft 2026 bei etwa einem Prozent liegen wird, nachdem f\u00fcr dieses Jahr eine Stagnation erwartet wird. Quelle und Foto: NIQ\/GfK<\/p>\n","protected":false},"excerpt":{"rendered":"<p>Das Konsumklima setzt seinen Abw\u00e4rtstrend fort. Hierf\u00fcr sind die im Oktober deutlich getr\u00fcbten Einkommenserwartungen der deutschen Verbraucher verantwortlich.<\/p>\n","protected":false},"author":1,"featured_media":3454,"comment_status":"closed","ping_status":"closed","sticky":false,"template":"","format":"standard","meta":{"footnotes":""},"categories":[34],"tags":[],"class_list":["post-3453","post","type-post","status-publish","format-standard","has-post-thumbnail","hentry","category-allgemein"],"featured_image_urls":{"full":["https:\/\/agronoticias.es\/de\/wp-content\/uploads\/2025\/10\/Konsumklima.webp",1149,646,false],"thumbnail":["https:\/\/agronoticias.es\/de\/wp-content\/uploads\/2025\/10\/Konsumklima-150x150.webp",150,150,true],"medium":["https:\/\/agronoticias.es\/de\/wp-content\/uploads\/2025\/10\/Konsumklima-300x169.webp",300,169,true],"medium_large":["https:\/\/agronoticias.es\/de\/wp-content\/uploads\/2025\/10\/Konsumklima-768x432.webp",640,360,true],"large":["https:\/\/agronoticias.es\/de\/wp-content\/uploads\/2025\/10\/Konsumklima-1024x576.webp",640,360,true],"1536x1536":["https:\/\/agronoticias.es\/de\/wp-content\/uploads\/2025\/10\/Konsumklima.webp",1149,646,false],"2048x2048":["https:\/\/agronoticias.es\/de\/wp-content\/uploads\/2025\/10\/Konsumklima.webp",1149,646,false],"morenews-large":["https:\/\/agronoticias.es\/de\/wp-content\/uploads\/2025\/10\/Konsumklima-825x575.webp",825,575,true],"morenews-medium":["https:\/\/agronoticias.es\/de\/wp-content\/uploads\/2025\/10\/Konsumklima-590x410.webp",590,410,true]},"author_info":{"display_name":"admin","author_link":"https:\/\/agronoticias.es\/de\/author\/admin\/"},"category_info":"<a href=\"https:\/\/agronoticias.es\/de\/category\/allgemein\/\" rel=\"category tag\">Allgemein<\/a>","tag_info":"Allgemein","comment_count":"0","_links":{"self":[{"href":"https:\/\/agronoticias.es\/de\/wp-json\/wp\/v2\/posts\/3453","targetHints":{"allow":["GET"]}}],"collection":[{"href":"https:\/\/agronoticias.es\/de\/wp-json\/wp\/v2\/posts"}],"about":[{"href":"https:\/\/agronoticias.es\/de\/wp-json\/wp\/v2\/types\/post"}],"author":[{"embeddable":true,"href":"https:\/\/agronoticias.es\/de\/wp-json\/wp\/v2\/users\/1"}],"replies":[{"embeddable":true,"href":"https:\/\/agronoticias.es\/de\/wp-json\/wp\/v2\/comments?post=3453"}],"version-history":[{"count":1,"href":"https:\/\/agronoticias.es\/de\/wp-json\/wp\/v2\/posts\/3453\/revisions"}],"predecessor-version":[{"id":3455,"href":"https:\/\/agronoticias.es\/de\/wp-json\/wp\/v2\/posts\/3453\/revisions\/3455"}],"wp:featuredmedia":[{"embeddable":true,"href":"https:\/\/agronoticias.es\/de\/wp-json\/wp\/v2\/media\/3454"}],"wp:attachment":[{"href":"https:\/\/agronoticias.es\/de\/wp-json\/wp\/v2\/media?parent=3453"}],"wp:term":[{"taxonomy":"category","embeddable":true,"href":"https:\/\/agronoticias.es\/de\/wp-json\/wp\/v2\/categories?post=3453"},{"taxonomy":"post_tag","embeddable":true,"href":"https:\/\/agronoticias.es\/de\/wp-json\/wp\/v2\/tags?post=3453"}],"curies":[{"name":"wp","href":"https:\/\/api.w.org\/{rel}","templated":true}]}}