{"id":3443,"date":"2025-10-21T12:16:20","date_gmt":"2025-10-21T10:16:20","guid":{"rendered":"https:\/\/agronoticias.es\/de\/?p=3443"},"modified":"2025-10-21T12:16:51","modified_gmt":"2025-10-21T10:16:51","slug":"pflanzenschutzmittelzulassung-muss-kritisch-uberpruft-werden","status":"publish","type":"post","link":"https:\/\/agronoticias.es\/de\/pflanzenschutzmittelzulassung-muss-kritisch-uberpruft-werden\/","title":{"rendered":"Pflanzenschutzmittelzulassung muss kritisch \u00fcberpr\u00fcft werden"},"content":{"rendered":"\n<p><\/p>\n\n\n\n<p>Der Kartoffelanbau steht buchst\u00e4blich mit dem R\u00fccken an der Wand, betont UNIKA-Gesch\u00e4ftsf\u00fchrer Dr. Sebastean Schwarz. Die zur Verf\u00fcgung stehenden Pflanzenschutzmittel werden immer weniger, so dass ein Resistenzmanagement in zentralen Bereichen wie der Pflanzkartoffelproduktion trotz Sonderregelungen bereits jetzt kaum mehr realisierbar ist. Hinzu kommt, dass wir es zunehmend mit neuen Sch\u00e4dlingen zu tun haben. Nehmen wir das Auftreten der Schilf-Glasfl\u00fcgelzikade, sie bedroht ganz aktuell den Anbaustandort Deutschland. Hier besteht akuter Handlungsbedarf.<\/p>\n\n\n\n<p>Die UNIKA begr\u00fc\u00dft daher die Ank\u00fcndigung des Bundesministeriums f\u00fcr Landwirtschaft, Ern\u00e4hrung und Heimat (BMLEH) ausdr\u00fccklich, die aktuelle Situation kritisch zu \u00fcberpr\u00fcfen und sowohl auf nationaler wie auf europ\u00e4ischer Ebene neu auszurichten. Wir nehmen das Ministerium beim Wort und unterst\u00fctzen die Ausf\u00fchrungen, dass wir modernen Pflanzenschutz brauchen, unabh\u00e4ngig von der Ausrichtung der Produktion, ob \u00f6kologisch oder konventionell, so Schwarz.<\/p>\n\n\n\n<p>Die Darstellung der aktuellen Situation im Kartoffelanbau und die entsprechenden politischen Forderungen hat die UNIKA an das BMLEH gerichtet und signalisiert, dass wir konstruktiv, kritisch und aktiv den Prozess begleiten werden. Quelle: Unika<\/p>\n\n\n\n<p><\/p>\n","protected":false},"excerpt":{"rendered":"<p>Der Kartoffelanbau steht buchst\u00e4blich mit dem R\u00fccken an der Wand, betont UNIKA-Gesch\u00e4ftsf\u00fchrer Dr. Sebastean Schwarz. Die zur Verf\u00fcgung<\/p>\n","protected":false},"author":1,"featured_media":3384,"comment_status":"closed","ping_status":"closed","sticky":false,"template":"","format":"standard","meta":{"footnotes":""},"categories":[34],"tags":[],"class_list":["post-3443","post","type-post","status-publish","format-standard","has-post-thumbnail","hentry","category-allgemein"],"featured_image_urls":{"full":["https:\/\/agronoticias.es\/de\/wp-content\/uploads\/2025\/09\/Kartoffelernte-25-BLMEH.jpg",560,315,false],"thumbnail":["https:\/\/agronoticias.es\/de\/wp-content\/uploads\/2025\/09\/Kartoffelernte-25-BLMEH-150x150.jpg",150,150,true],"medium":["https:\/\/agronoticias.es\/de\/wp-content\/uploads\/2025\/09\/Kartoffelernte-25-BLMEH-300x169.jpg",300,169,true],"medium_large":["https:\/\/agronoticias.es\/de\/wp-content\/uploads\/2025\/09\/Kartoffelernte-25-BLMEH.jpg",560,315,false],"large":["https:\/\/agronoticias.es\/de\/wp-content\/uploads\/2025\/09\/Kartoffelernte-25-BLMEH.jpg",560,315,false],"1536x1536":["https:\/\/agronoticias.es\/de\/wp-content\/uploads\/2025\/09\/Kartoffelernte-25-BLMEH.jpg",560,315,false],"2048x2048":["https:\/\/agronoticias.es\/de\/wp-content\/uploads\/2025\/09\/Kartoffelernte-25-BLMEH.jpg",560,315,false],"morenews-large":["https:\/\/agronoticias.es\/de\/wp-content\/uploads\/2025\/09\/Kartoffelernte-25-BLMEH.jpg",560,315,false],"morenews-medium":["https:\/\/agronoticias.es\/de\/wp-content\/uploads\/2025\/09\/Kartoffelernte-25-BLMEH.jpg",560,315,false]},"author_info":{"display_name":"admin","author_link":"https:\/\/agronoticias.es\/de\/author\/admin\/"},"category_info":"<a href=\"https:\/\/agronoticias.es\/de\/category\/allgemein\/\" rel=\"category tag\">Allgemein<\/a>","tag_info":"Allgemein","comment_count":"0","_links":{"self":[{"href":"https:\/\/agronoticias.es\/de\/wp-json\/wp\/v2\/posts\/3443","targetHints":{"allow":["GET"]}}],"collection":[{"href":"https:\/\/agronoticias.es\/de\/wp-json\/wp\/v2\/posts"}],"about":[{"href":"https:\/\/agronoticias.es\/de\/wp-json\/wp\/v2\/types\/post"}],"author":[{"embeddable":true,"href":"https:\/\/agronoticias.es\/de\/wp-json\/wp\/v2\/users\/1"}],"replies":[{"embeddable":true,"href":"https:\/\/agronoticias.es\/de\/wp-json\/wp\/v2\/comments?post=3443"}],"version-history":[{"count":2,"href":"https:\/\/agronoticias.es\/de\/wp-json\/wp\/v2\/posts\/3443\/revisions"}],"predecessor-version":[{"id":3445,"href":"https:\/\/agronoticias.es\/de\/wp-json\/wp\/v2\/posts\/3443\/revisions\/3445"}],"wp:featuredmedia":[{"embeddable":true,"href":"https:\/\/agronoticias.es\/de\/wp-json\/wp\/v2\/media\/3384"}],"wp:attachment":[{"href":"https:\/\/agronoticias.es\/de\/wp-json\/wp\/v2\/media?parent=3443"}],"wp:term":[{"taxonomy":"category","embeddable":true,"href":"https:\/\/agronoticias.es\/de\/wp-json\/wp\/v2\/categories?post=3443"},{"taxonomy":"post_tag","embeddable":true,"href":"https:\/\/agronoticias.es\/de\/wp-json\/wp\/v2\/tags?post=3443"}],"curies":[{"name":"wp","href":"https:\/\/api.w.org\/{rel}","templated":true}]}}