{"id":3433,"date":"2025-10-14T12:03:31","date_gmt":"2025-10-14T10:03:31","guid":{"rendered":"https:\/\/agronoticias.es\/de\/?p=3433"},"modified":"2025-10-14T12:03:32","modified_gmt":"2025-10-14T10:03:32","slug":"verbraucher-sehen-in-starker-landwirtschaft-garant-fur-ernahungssicherung","status":"publish","type":"post","link":"https:\/\/agronoticias.es\/de\/verbraucher-sehen-in-starker-landwirtschaft-garant-fur-ernahungssicherung\/","title":{"rendered":"Verbraucher sehen in starker Landwirtschaft Garant f\u00fcr Ern\u00e4hungssicherung"},"content":{"rendered":"\n<p><\/p>\n\n\n\n<p>Fast 40 Prozent der Verbraucher \u2013 unter den 18- bis 29-J\u00e4hrigen sogar jeder zweite \u2013 machen sich Sorgen um die Lebensmittelversorgung in Deutschland. In einer aktuellen repr\u00e4sentativen Civey-Umfrage, die der Industrieverband Agrar e. V. (IVA) in Auftrag gegeben hatte, gaben 38,7 Prozent der Befragten an, dass sie es f\u00fcr eher oder sogar sehr unsicher halten, dass sich Deutschland in Zukunft aus heimischem Anbau und Produktion sowie durch Importe ausreichend mit Lebensmitteln versorgen kann.<\/p>\n\n\n\n<p>Nur 57,5 Prozent halten die k\u00fcnftige Lebensmittelversorgung f\u00fcr sicher. Dabei zeigen sich deutliche Unterschiede zwischen den Altersgruppen. W\u00e4hrend in der Rentner-Generation (65 Jahre und \u00e4lter) zwei Drittel (65,6 Prozent) die Lebensmittelversorgung auch in Zukunft als gesichert ansehen, ist es in der Gruppe der 18- bis 29-J\u00e4hrigen nur knapp die H\u00e4lfte (49,8 Prozent).<\/p>\n\n\n\n<p>Zur Frage nach den entscheidenden Faktoren f\u00fcr eine sichere Versorgung mit Lebensmitteln nannten zwei Drittel der Befragten die Leistungsf\u00e4higkeit der Landwirtschaft, gefolgt von freiem Handel und der Begrenzung des Klimawandels. Auch bei den Faktoren zeigen sich Unterschiede in den Altersgruppen. W\u00e4hrend die \u00e4lteste Gruppe mit 75 Prozent die Landwirtschaft als wichtigsten Probleml\u00f6ser nennt, nennen die 18- bis 29-J\u00e4hrigen auch zu 16,9 Prozent Gentechnik in der Landwirtschaft und mit 13,1 Prozent Pflanzenschutzmittel \u2013 in beiden F\u00e4llen weit mehr als in jeder anderen Altersgruppe.<\/p>\n\n\n\n<p>Beim Lebensmitteleinkauf steht die regionale Herkunft f\u00fcr die meisten Befragten klar an erster Stelle. Geschmack und Preis folgen. Zwei Drittel der Befragten sind bereit, f\u00fcr regionale Produkte mehr auszugeben. Denn die Verbraucher verbinden mit einer st\u00e4rkeren Importabh\u00e4ngigkeit deutliche Risiken: Unsichere Versorgung in Krisenzeiten, den R\u00fcckgang der heimischen Landwirtschaft, weniger Kontrolle \u00fcber Standards und steigende Preise. Diese Sorgen sind bei jungen Menschen besonders stark ausgepr\u00e4gt, w\u00e4hrend \u00e4ltere Gruppen die Risiken etwas gelassener sehen.<\/p>\n\n\n\n<p>\u201eDie Bundesregierung hatte im Koalitionsvertrag die Steigerung des Selbstversorgungsgrads als Ziel formuliert und die zentrale Rolle der Landwirtschaft f\u00fcr die Versorgungssicherheit betont. Um dieses Ziel zu erreichen, m\u00fcssen moderne Pflanzenschutzmittel schneller und effizienter verf\u00fcgbar gemacht werden \u2013 auch durch eine konsequente Entb\u00fcrokratisierung des Zulassungssystems\u201c, betonte IVA-Hauptgesch\u00e4ftsf\u00fchrer Frank Gemmer.<\/p>\n\n\n\n<p>Civey hatte f\u00fcr den IVA vom 26. bis 27. August 2025 online 5000 Bundesb\u00fcrger ab 18 Jahren befragt. Die Ergebnisse sind aufgrund von Quotierungen und Gewichtungen repr\u00e4sentativ unter Ber\u00fccksichtigung des statistischen Fehlers von 2,5 bis 2,6 Prozentpunkten beim jeweiligen Gesamtergebnis. Quelle und Foto: IVA<\/p>\n","protected":false},"excerpt":{"rendered":"<p>Fast 40 Prozent der Verbraucher \u2013 unter den 18- bis 29-J\u00e4hrigen sogar jeder zweite \u2013 machen sich Sorgen<\/p>\n","protected":false},"author":1,"featured_media":3434,"comment_status":"closed","ping_status":"closed","sticky":false,"template":"","format":"standard","meta":{"footnotes":""},"categories":[34],"tags":[],"class_list":["post-3433","post","type-post","status-publish","format-standard","has-post-thumbnail","hentry","category-allgemein"],"featured_image_urls":{"full":["https:\/\/agronoticias.es\/de\/wp-content\/uploads\/2025\/10\/Im-Supermarkt_624717412L_istock.jpg",1000,302,false],"thumbnail":["https:\/\/agronoticias.es\/de\/wp-content\/uploads\/2025\/10\/Im-Supermarkt_624717412L_istock-150x150.jpg",150,150,true],"medium":["https:\/\/agronoticias.es\/de\/wp-content\/uploads\/2025\/10\/Im-Supermarkt_624717412L_istock-300x91.jpg",300,91,true],"medium_large":["https:\/\/agronoticias.es\/de\/wp-content\/uploads\/2025\/10\/Im-Supermarkt_624717412L_istock-768x232.jpg",640,193,true],"large":["https:\/\/agronoticias.es\/de\/wp-content\/uploads\/2025\/10\/Im-Supermarkt_624717412L_istock.jpg",640,193,false],"1536x1536":["https:\/\/agronoticias.es\/de\/wp-content\/uploads\/2025\/10\/Im-Supermarkt_624717412L_istock.jpg",1000,302,false],"2048x2048":["https:\/\/agronoticias.es\/de\/wp-content\/uploads\/2025\/10\/Im-Supermarkt_624717412L_istock.jpg",1000,302,false],"morenews-large":["https:\/\/agronoticias.es\/de\/wp-content\/uploads\/2025\/10\/Im-Supermarkt_624717412L_istock-825x302.jpg",825,302,true],"morenews-medium":["https:\/\/agronoticias.es\/de\/wp-content\/uploads\/2025\/10\/Im-Supermarkt_624717412L_istock-590x302.jpg",590,302,true]},"author_info":{"display_name":"admin","author_link":"https:\/\/agronoticias.es\/de\/author\/admin\/"},"category_info":"<a href=\"https:\/\/agronoticias.es\/de\/category\/allgemein\/\" rel=\"category tag\">Allgemein<\/a>","tag_info":"Allgemein","comment_count":"0","_links":{"self":[{"href":"https:\/\/agronoticias.es\/de\/wp-json\/wp\/v2\/posts\/3433","targetHints":{"allow":["GET"]}}],"collection":[{"href":"https:\/\/agronoticias.es\/de\/wp-json\/wp\/v2\/posts"}],"about":[{"href":"https:\/\/agronoticias.es\/de\/wp-json\/wp\/v2\/types\/post"}],"author":[{"embeddable":true,"href":"https:\/\/agronoticias.es\/de\/wp-json\/wp\/v2\/users\/1"}],"replies":[{"embeddable":true,"href":"https:\/\/agronoticias.es\/de\/wp-json\/wp\/v2\/comments?post=3433"}],"version-history":[{"count":1,"href":"https:\/\/agronoticias.es\/de\/wp-json\/wp\/v2\/posts\/3433\/revisions"}],"predecessor-version":[{"id":3435,"href":"https:\/\/agronoticias.es\/de\/wp-json\/wp\/v2\/posts\/3433\/revisions\/3435"}],"wp:featuredmedia":[{"embeddable":true,"href":"https:\/\/agronoticias.es\/de\/wp-json\/wp\/v2\/media\/3434"}],"wp:attachment":[{"href":"https:\/\/agronoticias.es\/de\/wp-json\/wp\/v2\/media?parent=3433"}],"wp:term":[{"taxonomy":"category","embeddable":true,"href":"https:\/\/agronoticias.es\/de\/wp-json\/wp\/v2\/categories?post=3433"},{"taxonomy":"post_tag","embeddable":true,"href":"https:\/\/agronoticias.es\/de\/wp-json\/wp\/v2\/tags?post=3433"}],"curies":[{"name":"wp","href":"https:\/\/api.w.org\/{rel}","templated":true}]}}