{"id":3395,"date":"2025-09-26T16:52:38","date_gmt":"2025-09-26T14:52:38","guid":{"rendered":"https:\/\/agronoticias.es\/de\/?p=3395"},"modified":"2025-09-26T16:52:40","modified_gmt":"2025-09-26T14:52:40","slug":"deutschland-prasentiert-auf-der-fruit-attraction-2025-seine-starke-im-obst-und-gemusesektor","status":"publish","type":"post","link":"https:\/\/agronoticias.es\/de\/deutschland-prasentiert-auf-der-fruit-attraction-2025-seine-starke-im-obst-und-gemusesektor\/","title":{"rendered":"Deutschland pr\u00e4sentiert auf der Fruit Attraction 2025 seine St\u00e4rke im Obst- und Gem\u00fcsesektor"},"content":{"rendered":"\n<p>Deutschland wird vom 30. September bis 2. Oktober auf der Fruit Attraction 2025 vertreten sein, einer Messe, die von IFEMA MADRID und FEPEX organisiert wird. Mit 48 ausstellenden und mitausstellenden Unternehmen geh\u00f6rt Deutschland zu den am st\u00e4rksten vertretenen europ\u00e4ischen L\u00e4nder auf der Veranstaltung. Die deutsche Delegation wird auf einer Ausstellungsfl\u00e4che von 1.518 m2die Qualit\u00e4t, Vielfalt und Spezialisierung ihrer Obst- und Gem\u00fcseproduktion pr\u00e4sentieren.<\/p>\n\n\n\n<p>Die dreit\u00e4gige Fruit Attraction konsolidiert sich bei ihrer 17. Ausgabe als weltweiter Ma\u00dfstab f\u00fcr den Obst- und Gem\u00fcsehandel. Mit 2.460 ausstellenden Unternehmen aus 64 L\u00e4ndern, was einem Zuwachs von 8,4 % im Vergleich zu 2024 entspricht, mehr als 78.000 Quadratmetern Ausstellungsfl\u00e4che (+10 % gegen\u00fcber der letzten Ausgabe) und einer erwarteten Besucherzahl von \u00fcber 120.000 Fachleuten aus 150 L\u00e4ndern best\u00e4tigt sich die Messe als strategischer Motor f\u00fcr Wirtschaft, Innovation und internationale Projektion. Die Fruit Attraction 2025 w\u00e4chst stark und wird 10 Hallen der IFEMA MADRID (3, 4, 5, 6, 7, 8, 9, 10, 12 und 14) einnehmen, die nach Regionen und Sektoren geordnet sind, um das Erlebnis f\u00fcr Aussteller und Besucher zu optimieren.<\/p>\n\n\n\n<p>Der Bereich Fresh Produce wird erneut fast 70 % der Messe ausmachen und damit sein strategisches Gewicht innerhalb des Gesamtangebots unterstreichen. Daneben werden die Bereiche Zulieferindustrie und Fresh Food Logistics, der sich der K\u00fchlkette und L\u00f6sungen f\u00fcr die Logistik von Frischprodukten widmet, eine herausragende Pr\u00e4senz haben. Innova&amp;Tech, einschlie\u00dflich Biotech Attraction und Smart Agro, hat mit einem Anstieg um 31 % gegen\u00fcber 2024 ein deutliches Wachstum verzeichnet.<\/p>\n\n\n\n<p>Von den insgesamt 2.460 Ausstellern sind in diesem Jahr 317 neue Unternehmen dabei, was die Dynamik und Attraktivit\u00e4t der Messe best\u00e4tigt. Die nationale Beteiligung macht 52 % der Messe aus. Die gro\u00dfe Bedeutung Spaniens als Weltmarktf\u00fchrer im Obst- und Gem\u00fcsesektor wird durch die Pr\u00e4senz aller autonomen Regionen des Landes, die Obst und Gem\u00fcse erzeugen, deutlich. Das internationale Segment verzeichnet ebenfalls ein deutliches Wachstum. Mit 1.418 Unternehmen macht es dieses Mal mehr als 47 % der Gesamtbelegung der Messe aus. Hinzu kommen 14 neue L\u00e4nder: Algerien, El Salvador, \u00c4thiopien, Georgien, Ungarn, Malta, Jordanien, Mauritius, Senegal, Serbien, Uganda, Usbekistan, Vietnam und Simbabwe.<\/p>\n\n\n\n<p>IFEMA MADRID aktiviert in Zusammenarbeit mit dem Ministerium f\u00fcr Landwirtschaft, Fischerei und Ern\u00e4hrung, dem ICEX und FEPEX erneut das Programm f\u00fcr internationale Eink\u00e4ufer und l\u00e4dt rund 700 Eink\u00e4ufer aus 67 L\u00e4ndern ein. Unter ihnen befinden sich Einkaufsleiter aus dem Einzelhandel sowie Importeure und Gro\u00dfh\u00e4ndler, die dem Gesch\u00e4ft der Messe eine besondere Dynamik verleihen werden. Zus\u00e4tzlich werden die \u201eGast-Importl\u00e4nder\u201d vertreten sein, wobei Malaysia und Mexiko in dieser Ausgabe eine besondere Rolle spielen werden.<\/p>\n\n\n\n<p>Dar\u00fcber hinaus steht die Tomate als Starprodukt im Mittelpunkt eines Veranstaltungsprogramms, das sich mit ihrem N\u00e4hrwert, ihren wirtschaftlichen Auswirkungen und der Geopolitik des internationalen Handels befasst. Daneben wird es Diskussionsrunden, Verkostungen, Anbaudemonstrationen und Marktanalysen geben, darunter auch zum Abkommen zwischen der EU und Marokko und dessen Auswirkungen auf die EU-Produktion.<\/p>\n\n\n\n<p>Die Fruit Attraction 2025 bietet ein umfassendes Veranstaltungsprogramm. So richtet das Fruit Forum by Timac Agro dieses Jahr Kongresse wie Grape Attraction und Biotech Attraction aus. Hinzu kommen der Biofruit Congress, Fresh Food Logistics, The Summit und weitere interessante Pr\u00e4sentationen der Aussteller auf den verschiedenen Fruit-Next-Foren. Wie immer wird die Factor\u00eda Chef unter der Schirmherrschaft von #alimentosdespa\u00f1a die gastronomische Vielseitigkeit von Obst und Gem\u00fcse mit attraktiven Showcookings unter Beweis stellen.<\/p>\n\n\n\n<p>The Innovation Hub wird anhand von 50 Produkten die Innovationen und neuen Gesch\u00e4ftsentwicklungen in diesem Sektor zeigen. In diesem Bereich wird die Messe auch dieses Mal wieder die Innovation Hub Awards in den \u00fcblichen Kategorien Fresh Produce, F&amp;V-Industry sowie Nachhaltigkeit und Engagement vergeben.<\/p>\n\n\n\n<p>Au\u00dferdem vergibt die Fruit Attraction die von WAH gesponserten Preise f\u00fcr den Besten Stand f\u00fcr den besten Stan. Mit dieser Auszeichnung werden Ausstellungsfl\u00e4chen nach vier Kriterien gew\u00fcrdigt: Originellster Stand, bestes Design, nachhaltigster Stand und der Publikumsliebling.<\/p>\n\n\n\n<p>Hauptsponsor der Fruit Attraction 2025 ist Andalusien mit Unterst\u00fctzung der Region Murcia, Veganic Nature, Agrobank, Timac Agro, \u00danikas und MSC.<\/p>\n","protected":false},"excerpt":{"rendered":"<p>Deutschland wird vom 30. September bis 2. Oktober auf der Fruit Attraction 2025 vertreten sein, einer Messe, die<\/p>\n","protected":false},"author":1,"featured_media":3140,"comment_status":"closed","ping_status":"closed","sticky":false,"template":"","format":"standard","meta":{"footnotes":""},"categories":[34],"tags":[],"class_list":["post-3395","post","type-post","status-publish","format-standard","has-post-thumbnail","hentry","category-allgemein"],"featured_image_urls":{"full":["https:\/\/agronoticias.es\/de\/wp-content\/uploads\/2025\/07\/FA24-Feria-054.jpg",1200,800,false],"thumbnail":["https:\/\/agronoticias.es\/de\/wp-content\/uploads\/2025\/07\/FA24-Feria-054-150x150.jpg",150,150,true],"medium":["https:\/\/agronoticias.es\/de\/wp-content\/uploads\/2025\/07\/FA24-Feria-054-300x200.jpg",300,200,true],"medium_large":["https:\/\/agronoticias.es\/de\/wp-content\/uploads\/2025\/07\/FA24-Feria-054-768x512.jpg",640,427,true],"large":["https:\/\/agronoticias.es\/de\/wp-content\/uploads\/2025\/07\/FA24-Feria-054-1024x683.jpg",640,427,true],"1536x1536":["https:\/\/agronoticias.es\/de\/wp-content\/uploads\/2025\/07\/FA24-Feria-054.jpg",1200,800,false],"2048x2048":["https:\/\/agronoticias.es\/de\/wp-content\/uploads\/2025\/07\/FA24-Feria-054.jpg",1200,800,false],"morenews-large":["https:\/\/agronoticias.es\/de\/wp-content\/uploads\/2025\/07\/FA24-Feria-054-825x575.jpg",825,575,true],"morenews-medium":["https:\/\/agronoticias.es\/de\/wp-content\/uploads\/2025\/07\/FA24-Feria-054-590x410.jpg",590,410,true]},"author_info":{"display_name":"admin","author_link":"https:\/\/agronoticias.es\/de\/author\/admin\/"},"category_info":"<a href=\"https:\/\/agronoticias.es\/de\/category\/allgemein\/\" rel=\"category tag\">Allgemein<\/a>","tag_info":"Allgemein","comment_count":"0","_links":{"self":[{"href":"https:\/\/agronoticias.es\/de\/wp-json\/wp\/v2\/posts\/3395","targetHints":{"allow":["GET"]}}],"collection":[{"href":"https:\/\/agronoticias.es\/de\/wp-json\/wp\/v2\/posts"}],"about":[{"href":"https:\/\/agronoticias.es\/de\/wp-json\/wp\/v2\/types\/post"}],"author":[{"embeddable":true,"href":"https:\/\/agronoticias.es\/de\/wp-json\/wp\/v2\/users\/1"}],"replies":[{"embeddable":true,"href":"https:\/\/agronoticias.es\/de\/wp-json\/wp\/v2\/comments?post=3395"}],"version-history":[{"count":1,"href":"https:\/\/agronoticias.es\/de\/wp-json\/wp\/v2\/posts\/3395\/revisions"}],"predecessor-version":[{"id":3396,"href":"https:\/\/agronoticias.es\/de\/wp-json\/wp\/v2\/posts\/3395\/revisions\/3396"}],"wp:featuredmedia":[{"embeddable":true,"href":"https:\/\/agronoticias.es\/de\/wp-json\/wp\/v2\/media\/3140"}],"wp:attachment":[{"href":"https:\/\/agronoticias.es\/de\/wp-json\/wp\/v2\/media?parent=3395"}],"wp:term":[{"taxonomy":"category","embeddable":true,"href":"https:\/\/agronoticias.es\/de\/wp-json\/wp\/v2\/categories?post=3395"},{"taxonomy":"post_tag","embeddable":true,"href":"https:\/\/agronoticias.es\/de\/wp-json\/wp\/v2\/tags?post=3395"}],"curies":[{"name":"wp","href":"https:\/\/api.w.org\/{rel}","templated":true}]}}