{"id":3392,"date":"2025-09-25T11:09:35","date_gmt":"2025-09-25T09:09:35","guid":{"rendered":"https:\/\/agronoticias.es\/de\/?p=3392"},"modified":"2025-09-25T11:09:35","modified_gmt":"2025-09-25T09:09:35","slug":"frische-und-qualitat-uberzeugen-globus-klarer-sieger-beim-fruchthandel-retail-award","status":"publish","type":"post","link":"https:\/\/agronoticias.es\/de\/frische-und-qualitat-uberzeugen-globus-klarer-sieger-beim-fruchthandel-retail-award\/","title":{"rendered":"Frische und Qualit\u00e4t \u00fcberzeugen &#8211; GLOBUS klarer Sieger beim Fruchthandel Retail Award"},"content":{"rendered":"\n<p> <\/p>\n\n\n\n<p>Zum 13. Mal in Folge: Die GLOBUS Markthallen setzen ihre Erfolgsserie beim Fruchthandel Magazin Retail Award fort. In der Kategorie SB-Warenh\u00e4user erreicht das Unternehmen in s\u00e4mtlichen Unterkategorien den ersten Platz. Dazu geh\u00f6ren: Auswahl, Beratung, fairer Preis, regionale Produkte, Bio-Produkte, Qualit\u00e4t sowie Nachhaltigkeit. Damit best\u00e4tigt GLOBUS eindrucksvoll seine Position als f\u00fchrender Anbieter im Handel mit Obst und Gem\u00fcse.<\/p>\n\n\n\n<p>\u201eDie erneute Auszeichnung best\u00e4tigt, wof\u00fcr unsere Obst- und Gem\u00fcseabteilungen stehen: Frische, h\u00f6chste Qualit\u00e4t und eine Auswahl von regionalen und saisonalen Produkten bis hin zu exotischen Spezialit\u00e4ten \u2013 zu fairen Preisen\u201c, sagt Matthias Immesberger, Sortimentsmanager Obst, Gem\u00fcse, Blumen und Pflanzen der GLOBUS Markthallen. \u201eDas wahre Herzst\u00fcck sind dabei unsere Kolleginnen und Kollegen in den M\u00e4rkten: Mit ihrer Kompetenz und Leidenschaft machen sie das Einkaufserlebnis f\u00fcr unsere Kundinnen und Kunden einzigartig. Die Auszeichnung ist f\u00fcr uns zugleich Ansporn, unsere Frischeabteilungen stetig weiterzuentwickeln.\u201c<\/p>\n\n\n\n<p>Mehr als 6.000 Haushalte w\u00e4hlten in der repr\u00e4sentativen Umfrage die Obst- und Gem\u00fcseabteilung von GLOBUS zur besten in Deutschland und best\u00e4tigten damit die Ergebnisse der vergangenen Jahre. Mit dieser erneuten Spitzenplatzierung in allen Unterkategorien der Kategorie SB-Warenh\u00e4user zeigt GLOBUS, dass sein Konzept von Verbraucherinnen und Verbrauchern wertgesch\u00e4tzt wird. Von der Auswahl \u00fcber die Qualit\u00e4t bis hin zur Pr\u00e4sentation und Beratung \u00fcberzeugt GLOBUS auf ganzer Linie und zeigt, dass Frische und Qualit\u00e4t ihr zu Hause in den GLOBUS Markthallen finden.<\/p>\n\n\n\n<p>\u00dcber den Fruchthandel Magazin Retail Award<\/p>\n\n\n\n<p>Das f\u00fchrende deutsche Marktforschungsinstitut YouGov Deutschland GmbH befragt in jedem Fr\u00fchsommer im Auftrag des Fruchthandel Magazins in einer repr\u00e4sentativen und unabh\u00e4ngigen Erhebung die im Panel gef\u00fchrten Haushalte, welche Handelsgruppe ihrer Ansicht nach die attraktivsten Abteilungen f\u00fchrt: Wer bietet die frischeste Ware? Wo stimmen \u00dcbersichtlichkeit und Sauberkeit genauso wie die allgemeine Pr\u00e4sentation und die Auswahl, auch bei Trendprodukten? Au\u00dferdem wird nach der Zufriedenheit hinsichtlich Service und Beratung durch das Personal gefragt. Die Konsumenten bewerten zudem das Preis-Leistungs-Verh\u00e4ltnis sowie das Vertrauen in die Lebensmittelsicherheit. Quelle und Foto:Globus<\/p>\n","protected":false},"excerpt":{"rendered":"<p>Zum 13. Mal in Folge: Die GLOBUS Markthallen setzen ihre Erfolgsserie beim Fruchthandel Magazin Retail Award fort. In<\/p>\n","protected":false},"author":1,"featured_media":3393,"comment_status":"closed","ping_status":"closed","sticky":false,"template":"","format":"standard","meta":{"footnotes":""},"categories":[34],"tags":[],"class_list":["post-3392","post","type-post","status-publish","format-standard","has-post-thumbnail","hentry","category-allgemein"],"featured_image_urls":{"full":["https:\/\/agronoticias.es\/de\/wp-content\/uploads\/2025\/09\/globus-retail-award_Icon.webp",400,400,false],"thumbnail":["https:\/\/agronoticias.es\/de\/wp-content\/uploads\/2025\/09\/globus-retail-award_Icon-150x150.webp",150,150,true],"medium":["https:\/\/agronoticias.es\/de\/wp-content\/uploads\/2025\/09\/globus-retail-award_Icon-300x300.webp",300,300,true],"medium_large":["https:\/\/agronoticias.es\/de\/wp-content\/uploads\/2025\/09\/globus-retail-award_Icon.webp",400,400,false],"large":["https:\/\/agronoticias.es\/de\/wp-content\/uploads\/2025\/09\/globus-retail-award_Icon.webp",400,400,false],"1536x1536":["https:\/\/agronoticias.es\/de\/wp-content\/uploads\/2025\/09\/globus-retail-award_Icon.webp",400,400,false],"2048x2048":["https:\/\/agronoticias.es\/de\/wp-content\/uploads\/2025\/09\/globus-retail-award_Icon.webp",400,400,false],"morenews-large":["https:\/\/agronoticias.es\/de\/wp-content\/uploads\/2025\/09\/globus-retail-award_Icon.webp",400,400,false],"morenews-medium":["https:\/\/agronoticias.es\/de\/wp-content\/uploads\/2025\/09\/globus-retail-award_Icon.webp",400,400,false]},"author_info":{"display_name":"admin","author_link":"https:\/\/agronoticias.es\/de\/author\/admin\/"},"category_info":"<a href=\"https:\/\/agronoticias.es\/de\/category\/allgemein\/\" rel=\"category tag\">Allgemein<\/a>","tag_info":"Allgemein","comment_count":"0","_links":{"self":[{"href":"https:\/\/agronoticias.es\/de\/wp-json\/wp\/v2\/posts\/3392","targetHints":{"allow":["GET"]}}],"collection":[{"href":"https:\/\/agronoticias.es\/de\/wp-json\/wp\/v2\/posts"}],"about":[{"href":"https:\/\/agronoticias.es\/de\/wp-json\/wp\/v2\/types\/post"}],"author":[{"embeddable":true,"href":"https:\/\/agronoticias.es\/de\/wp-json\/wp\/v2\/users\/1"}],"replies":[{"embeddable":true,"href":"https:\/\/agronoticias.es\/de\/wp-json\/wp\/v2\/comments?post=3392"}],"version-history":[{"count":1,"href":"https:\/\/agronoticias.es\/de\/wp-json\/wp\/v2\/posts\/3392\/revisions"}],"predecessor-version":[{"id":3394,"href":"https:\/\/agronoticias.es\/de\/wp-json\/wp\/v2\/posts\/3392\/revisions\/3394"}],"wp:featuredmedia":[{"embeddable":true,"href":"https:\/\/agronoticias.es\/de\/wp-json\/wp\/v2\/media\/3393"}],"wp:attachment":[{"href":"https:\/\/agronoticias.es\/de\/wp-json\/wp\/v2\/media?parent=3392"}],"wp:term":[{"taxonomy":"category","embeddable":true,"href":"https:\/\/agronoticias.es\/de\/wp-json\/wp\/v2\/categories?post=3392"},{"taxonomy":"post_tag","embeddable":true,"href":"https:\/\/agronoticias.es\/de\/wp-json\/wp\/v2\/tags?post=3392"}],"curies":[{"name":"wp","href":"https:\/\/api.w.org\/{rel}","templated":true}]}}