{"id":3389,"date":"2025-09-25T10:39:58","date_gmt":"2025-09-25T08:39:58","guid":{"rendered":"https:\/\/agronoticias.es\/de\/?p=3389"},"modified":"2025-09-25T10:39:59","modified_gmt":"2025-09-25T08:39:59","slug":"neunmal-an-der-spitze-lidl-ist-deutschlands-champion-fur-obst-und-gemuse","status":"publish","type":"post","link":"https:\/\/agronoticias.es\/de\/neunmal-an-der-spitze-lidl-ist-deutschlands-champion-fur-obst-und-gemuse\/","title":{"rendered":"Neunmal an der Spitze: Lidl ist Deutschlands Champion f\u00fcr Obst und Gem\u00fcse"},"content":{"rendered":"\n<p> <\/p>\n\n\n\n<p>Lidl in Deutschland setzt seine Siegesserie fort: Zum neunten Mal haben die Verbraucher den Lebensmitteleinzelh\u00e4ndler zum besten Anbieter von Obst und Gem\u00fcse gew\u00e4hlt. Der Frische-Discounter steht in der Kategorie \u201eDiscount\u201c der renommierten \u201eFruchthandel Magazin Retail Awards\u201c in acht von zehn Bewertungskriterien an der Spitze.<\/p>\n\n\n\n<p>Insgesamt 6.500 Haushalte nahmen an der repr\u00e4sentativen Umfrage teil und w\u00e4hlten Lidl hinsichtlich Qualit\u00e4t, Nachhaltigkeit, Bio-Produkten, Auswahl, Convenience-Produkten, Beratung, Gestaltung und Spa\u00df auf Platz eins unter den Discountern.<\/p>\n\n\n\n<p>\u201eDie erneute Auszeichnung mit dem Retail Award zeigt, dass unser Fokus auf Frische und Qualit\u00e4t bei den Kunden ankommt. Wir sehen uns in der Verantwortung, das bestm\u00f6gliche Angebot f\u00fcr eine gesunde und nachhaltige Lebensweise anzubieten und haben bewusste Ern\u00e4hrung daher fest in unserer Strategie verankert. Unser erneuter Sieg beweist: Bei uns k\u00f6nnen sich die Kunden auf frisches Obst und Gem\u00fcse zum gewohnt g\u00fcnstigen Lidl-Preis verlassen\u201c, sagt Christoph Graf, Gesch\u00e4ftsleiter Einkauf der Lidl Dienstleistung GmbH &amp;. Co. KG.<\/p>\n\n\n\n<p>Enge Zusammenarbeit mit deutschen Lieferanten<\/p>\n\n\n\n<p>Grundlage f\u00fcr diesen Erfolg ist die enge Zusammenarbeit mit \u00fcber 4.000 deutschen Lieferanten und der klare Fokus auf Frische, Qualit\u00e4t und Regionalit\u00e4t. Hervorzuheben ist das Bio-Sortiment, das der Lebensmitteleinzelh\u00e4ndler kontinuierlich in Zusammenarbeit mit Bioland weiterentwickelt. Der Gro\u00dfteil der Bioland-Produkte kommt aus Deutschland und vereinzelt aus S\u00fcdtirol.<\/p>\n\n\n\n<p>Auch beim Obst- und Gem\u00fcseangebot setzt Lidl auf heimische Herkunft: Rund 45 Prozent aller Obst- und Gem\u00fcseartikel stammen aus Deutschland. Der Lebensmitteleinzelh\u00e4ndler garantiert dadurch nicht nur kurze Transportwege und maximale Frische, sondern erf\u00fcllt zugleich den Wunsch der Verbraucher nach regionalen Produkten und st\u00e4rkt die Rolle von Lidl als Partner der deutschen Landwirtschaft. Der Frische-Discounter legt gro\u00dfen Wert auf ein umfassendes Qualit\u00e4tssicherungssystem, das die gesamte Lieferkette \u00fcberwacht und dadurch garantiert, dass nur Produkte h\u00f6chster Qualit\u00e4t in den Filialen angeboten wird. Zudem kontrollieren Frischebeauftragte in all unseren Filialen mehrfach t\u00e4glich die Ware und sortieren nicht verkaufsf\u00e4hige Produkte unverz\u00fcglich aus.<\/p>\n\n\n\n<p>Der Frische-Discounter hat die Auszeichnung der \u201eFruchthandel Magazin Retail Awards\u201d am 22. September beim Deutschen Obst und Gem\u00fcse Kongress in D\u00fcsseldorf entgegengenommen. Quelle und Foto: Lidl<\/p>\n\n\n\n<p><\/p>\n","protected":false},"excerpt":{"rendered":"<p>Lidl in Deutschland setzt seine Siegesserie fort: Zum neunten Mal haben die Verbraucher den Lebensmitteleinzelh\u00e4ndler zum besten Anbieter<\/p>\n","protected":false},"author":1,"featured_media":3390,"comment_status":"closed","ping_status":"closed","sticky":false,"template":"","format":"standard","meta":{"footnotes":""},"categories":[34],"tags":[],"class_list":["post-3389","post","type-post","status-publish","format-standard","has-post-thumbnail","hentry","category-allgemein"],"featured_image_urls":{"full":["https:\/\/agronoticias.es\/de\/wp-content\/uploads\/2025\/09\/Lidl_Foto_Retail-Award.jpg",800,564,false],"thumbnail":["https:\/\/agronoticias.es\/de\/wp-content\/uploads\/2025\/09\/Lidl_Foto_Retail-Award-150x150.jpg",150,150,true],"medium":["https:\/\/agronoticias.es\/de\/wp-content\/uploads\/2025\/09\/Lidl_Foto_Retail-Award-300x212.jpg",300,212,true],"medium_large":["https:\/\/agronoticias.es\/de\/wp-content\/uploads\/2025\/09\/Lidl_Foto_Retail-Award-768x541.jpg",640,451,true],"large":["https:\/\/agronoticias.es\/de\/wp-content\/uploads\/2025\/09\/Lidl_Foto_Retail-Award.jpg",640,451,false],"1536x1536":["https:\/\/agronoticias.es\/de\/wp-content\/uploads\/2025\/09\/Lidl_Foto_Retail-Award.jpg",800,564,false],"2048x2048":["https:\/\/agronoticias.es\/de\/wp-content\/uploads\/2025\/09\/Lidl_Foto_Retail-Award.jpg",800,564,false],"morenews-large":["https:\/\/agronoticias.es\/de\/wp-content\/uploads\/2025\/09\/Lidl_Foto_Retail-Award.jpg",800,564,false],"morenews-medium":["https:\/\/agronoticias.es\/de\/wp-content\/uploads\/2025\/09\/Lidl_Foto_Retail-Award-590x410.jpg",590,410,true]},"author_info":{"display_name":"admin","author_link":"https:\/\/agronoticias.es\/de\/author\/admin\/"},"category_info":"<a href=\"https:\/\/agronoticias.es\/de\/category\/allgemein\/\" rel=\"category tag\">Allgemein<\/a>","tag_info":"Allgemein","comment_count":"0","_links":{"self":[{"href":"https:\/\/agronoticias.es\/de\/wp-json\/wp\/v2\/posts\/3389","targetHints":{"allow":["GET"]}}],"collection":[{"href":"https:\/\/agronoticias.es\/de\/wp-json\/wp\/v2\/posts"}],"about":[{"href":"https:\/\/agronoticias.es\/de\/wp-json\/wp\/v2\/types\/post"}],"author":[{"embeddable":true,"href":"https:\/\/agronoticias.es\/de\/wp-json\/wp\/v2\/users\/1"}],"replies":[{"embeddable":true,"href":"https:\/\/agronoticias.es\/de\/wp-json\/wp\/v2\/comments?post=3389"}],"version-history":[{"count":1,"href":"https:\/\/agronoticias.es\/de\/wp-json\/wp\/v2\/posts\/3389\/revisions"}],"predecessor-version":[{"id":3391,"href":"https:\/\/agronoticias.es\/de\/wp-json\/wp\/v2\/posts\/3389\/revisions\/3391"}],"wp:featuredmedia":[{"embeddable":true,"href":"https:\/\/agronoticias.es\/de\/wp-json\/wp\/v2\/media\/3390"}],"wp:attachment":[{"href":"https:\/\/agronoticias.es\/de\/wp-json\/wp\/v2\/media?parent=3389"}],"wp:term":[{"taxonomy":"category","embeddable":true,"href":"https:\/\/agronoticias.es\/de\/wp-json\/wp\/v2\/categories?post=3389"},{"taxonomy":"post_tag","embeddable":true,"href":"https:\/\/agronoticias.es\/de\/wp-json\/wp\/v2\/tags?post=3389"}],"curies":[{"name":"wp","href":"https:\/\/api.w.org\/{rel}","templated":true}]}}