{"id":3387,"date":"2025-09-25T10:13:29","date_gmt":"2025-09-25T08:13:29","guid":{"rendered":"https:\/\/agronoticias.es\/de\/?p=3387"},"modified":"2025-09-25T10:13:30","modified_gmt":"2025-09-25T08:13:30","slug":"konsumklima-gestiegene-einkommenserwartungen-stoppen-abwartstrend","status":"publish","type":"post","link":"https:\/\/agronoticias.es\/de\/konsumklima-gestiegene-einkommenserwartungen-stoppen-abwartstrend\/","title":{"rendered":"Konsumklima: Gestiegene Einkommenserwartungen stoppen Abw\u00e4rtstrend"},"content":{"rendered":"\n<p><\/p>\n\n\n\n<p>Das Konsumklima stoppt seinen Abw\u00e4rtstrend. Der Grund daf\u00fcr sind die verbesserten Einkommenserwartungen. Diese legen im Vergleich zum Vormonat wieder sp\u00fcrbar zu. Dagegen gehen sowohl die Konjunkturerwartungen wie auch die Anschaffungsneigung weiter zur\u00fcck. Die Sparneigung bleibt nahezu unver\u00e4ndert. Folglich prognostiziert der Konsumklima-Indikator f\u00fcr Oktober 2025 im Vergleich zum Vormonat (revidiert -23,5 Z\u00e4hler) einen Anstieg um 1,2 Z\u00e4hler auf -22,3 Punkte. Dies zeigen die aktuellen Ergebnisse des GfK Konsumklimas powered by NIM, das seit Oktober 2023 gemeinsam von NIQ\/GfK und dem N\u00fcrnberg Institut f\u00fcr Marktentscheidungen (NIM), Gr\u00fcnder der GfK, herausgegeben wird.\u202f<\/p>\n\n\n\n<p>Der Anstieg der Einkommenserwartung ist der wesentliche Grund f\u00fcr die aktuelle Verbesserung des Konsumklima-Indikators. Hingegen leisten weder die leicht sinkende Anschaffungsneigung noch die Sparneigung, die gegen\u00fcber dem Vormonat nahezu unver\u00e4ndert bleibt, einen positiven Beitrag.&nbsp;<\/p>\n\n\n\n<p>\u201eNachdem das Konsumklima zuvor drei Monate in Folge gesunken war, beendet es nun seinen Abw\u00e4rtstrend \u2013 zumindest f\u00fcr den Moment,\u201c erkl\u00e4rt Rolf B\u00fcrkl, Head of Consumer Climate beim NIM. \u201eDie Einkommensaussichten \u2013 als zentrale Einflussgr\u00f6\u00dfe f\u00fcr das Konsumklima \u2013 konnten sich von 4 Punkten wieder auf 15 Punkte verbessern und haben damit den Einbruch des Vormonats vollst\u00e4ndig ausgeglichen. Ob dies den Beginn einer nachhaltigen Trendwende markiert, ist mehr als ungewiss. Denn nach wie vor weist das Konsumklima ein \u00fcberaus niedriges Niveau auf. Die geopolitische Lage, Sorgen um den Arbeitsplatz und wieder zunehmende Inflations\u00e4ngste d\u00fcrften einer durchgreifenden Erholung momentan eher im Wege Stehen.\u201c&nbsp;<\/p>\n\n\n\n<p>Anschaffungsneigung geht leicht zur\u00fcck<\/p>\n\n\n\n<p>Die Anschaffungsneigung profitiert allerdings nicht von der deutlich gestiegenen Einkommenserwartung: Sie sinkt sogar um 1,5 Z\u00e4hler auf einen Wert von -11,6 Punkten. Dies ist der niedrigste Wert seit Juni 2024, als -13 Punkte gemessen wurden.&nbsp;<\/p>\n\n\n\n<p>Damit bleibt das Niveau der Anschaffungsneigung nach wie vor \u00fcberaus niedrig. Hohe Preise f\u00fcr Lebensmittel und Energie sorgen f\u00fcr eine anhaltende Kaufzur\u00fcckhaltung. Zus\u00e4tzlich verst\u00e4rkt die geopolitische Lage die Verunsicherung und nimmt den Konsumenten Planungssicherheit. Daher halten es viele Verbraucher \u2013 in Anbetracht der allgemeinen Wirtschaftslage \u2013 derzeit f\u00fcr ung\u00fcnstig, gr\u00f6\u00dfere Anschaffungen (z. B. M\u00f6bel oder elektrische\/elektronische Ger\u00e4te) zu t\u00e4tigen.<\/p>\n\n\n\n<p>Die Konjunkturerwartungen tr\u00fcben sich weiter ein&nbsp;<\/p>\n\n\n\n<p>Auch die Konjunkturerwartungen der deutschen Verbraucher f\u00fcr die n\u00e4chsten 12 Monate setzen ihren Abw\u00e4rtstrend im September fort. Bereits zum dritten Mal in Folge m\u00fcssen sie Verluste hinnehmen. Der Indikator b\u00fc\u00dft 4,1 Z\u00e4hler ein und sinkt auf -1,4 Punkte. Zuletzt wurde im Januar 2025 mit -1,6 Punkten ein niedrigerer Wert gemessen.&nbsp;<\/p>\n\n\n\n<p>Die deutschen Konsumenten erwarten in n\u00e4chster Zeit also keine durchgreifende Erholung der deutschen Wirtschaft. Damit stehen sie im Einklang mit dem Gro\u00dfteil der Wirtschaftsexperten, die k\u00fcrzlich ihre Wachstumsprognose f\u00fcr dieses Jahr nach unten korrigiert haben. F\u00fcr 2025 wird nun eine Stagnation der deutschen Wirtschaft erwartet.\u00a0\u00a0 Quelle und Foto: Gfk\/NIQ<\/p>\n","protected":false},"excerpt":{"rendered":"<p>Das Konsumklima stoppt seinen Abw\u00e4rtstrend. Der Grund daf\u00fcr sind die verbesserten Einkommenserwartungen. Diese legen im Vergleich zum Vormonat<\/p>\n","protected":false},"author":1,"featured_media":3385,"comment_status":"closed","ping_status":"closed","sticky":false,"template":"","format":"standard","meta":{"footnotes":""},"categories":[34],"tags":[],"class_list":["post-3387","post","type-post","status-publish","format-standard","has-post-thumbnail","hentry","category-allgemein"],"featured_image_urls":{"full":["https:\/\/agronoticias.es\/de\/wp-content\/uploads\/2025\/09\/Konsumklima-september-25.webp",1536,1025,false],"thumbnail":["https:\/\/agronoticias.es\/de\/wp-content\/uploads\/2025\/09\/Konsumklima-september-25-150x150.webp",150,150,true],"medium":["https:\/\/agronoticias.es\/de\/wp-content\/uploads\/2025\/09\/Konsumklima-september-25-300x200.webp",300,200,true],"medium_large":["https:\/\/agronoticias.es\/de\/wp-content\/uploads\/2025\/09\/Konsumklima-september-25-768x513.webp",640,428,true],"large":["https:\/\/agronoticias.es\/de\/wp-content\/uploads\/2025\/09\/Konsumklima-september-25-1024x683.webp",640,427,true],"1536x1536":["https:\/\/agronoticias.es\/de\/wp-content\/uploads\/2025\/09\/Konsumklima-september-25.webp",1536,1025,false],"2048x2048":["https:\/\/agronoticias.es\/de\/wp-content\/uploads\/2025\/09\/Konsumklima-september-25.webp",1536,1025,false],"morenews-large":["https:\/\/agronoticias.es\/de\/wp-content\/uploads\/2025\/09\/Konsumklima-september-25-825x575.webp",825,575,true],"morenews-medium":["https:\/\/agronoticias.es\/de\/wp-content\/uploads\/2025\/09\/Konsumklima-september-25-590x410.webp",590,410,true]},"author_info":{"display_name":"admin","author_link":"https:\/\/agronoticias.es\/de\/author\/admin\/"},"category_info":"<a href=\"https:\/\/agronoticias.es\/de\/category\/allgemein\/\" rel=\"category tag\">Allgemein<\/a>","tag_info":"Allgemein","comment_count":"0","_links":{"self":[{"href":"https:\/\/agronoticias.es\/de\/wp-json\/wp\/v2\/posts\/3387","targetHints":{"allow":["GET"]}}],"collection":[{"href":"https:\/\/agronoticias.es\/de\/wp-json\/wp\/v2\/posts"}],"about":[{"href":"https:\/\/agronoticias.es\/de\/wp-json\/wp\/v2\/types\/post"}],"author":[{"embeddable":true,"href":"https:\/\/agronoticias.es\/de\/wp-json\/wp\/v2\/users\/1"}],"replies":[{"embeddable":true,"href":"https:\/\/agronoticias.es\/de\/wp-json\/wp\/v2\/comments?post=3387"}],"version-history":[{"count":1,"href":"https:\/\/agronoticias.es\/de\/wp-json\/wp\/v2\/posts\/3387\/revisions"}],"predecessor-version":[{"id":3388,"href":"https:\/\/agronoticias.es\/de\/wp-json\/wp\/v2\/posts\/3387\/revisions\/3388"}],"wp:featuredmedia":[{"embeddable":true,"href":"https:\/\/agronoticias.es\/de\/wp-json\/wp\/v2\/media\/3385"}],"wp:attachment":[{"href":"https:\/\/agronoticias.es\/de\/wp-json\/wp\/v2\/media?parent=3387"}],"wp:term":[{"taxonomy":"category","embeddable":true,"href":"https:\/\/agronoticias.es\/de\/wp-json\/wp\/v2\/categories?post=3387"},{"taxonomy":"post_tag","embeddable":true,"href":"https:\/\/agronoticias.es\/de\/wp-json\/wp\/v2\/tags?post=3387"}],"curies":[{"name":"wp","href":"https:\/\/api.w.org\/{rel}","templated":true}]}}