{"id":3383,"date":"2025-09-25T10:12:26","date_gmt":"2025-09-25T08:12:26","guid":{"rendered":"https:\/\/agronoticias.es\/de\/?p=3383"},"modified":"2025-09-25T10:12:26","modified_gmt":"2025-09-25T08:12:26","slug":"groste-kartoffelernte-seit-25-jahren-erwartet","status":"publish","type":"post","link":"https:\/\/agronoticias.es\/de\/groste-kartoffelernte-seit-25-jahren-erwartet\/","title":{"rendered":"Gr\u00f6\u00dfte Kartoffelernte seit 25 Jahren erwartet"},"content":{"rendered":"\n<p> <\/p>\n\n\n\n<p>Die vorl\u00e4ufigen amtlichen Ergebnisse deuten auf eine sehr gro\u00dfe Kartoffelernte von etwa 13,4 Millionen Tonnen hin. Das sind 5,3 Prozent mehr als im bereits sehr guten Jahr 2024 und 17 Prozent \u00fcber dem mehrj\u00e4hrigen Durchschnitt. Zuletzt konnte 2000 eine \u00e4hnlich gute Ernte eingefahren werden. Erneut wuchs die Anbaufl\u00e4che im Vergleich zum Vorjahr um 6,7 Prozent. Sie liegt nun bei 301.000 Hektar und ist damit so gro\u00df wie seit der Jahrtausendwende nicht mehr.<\/p>\n\n\n\n<p>Zus\u00e4tzlich zur ausgeweiteten Anbaufl\u00e4che leistet auch der Ertrag je Hektar einen Beitrag zum erwarteten Rekordergebnis: Im bundesweiten Durchschnitt liegt dieser voraussichtlich bei etwa 44 Tonnen pro Hektar und damit knapp f\u00fcnf Prozent \u00fcber dem mehrj\u00e4hrigen Durchschnitt und nur etwas unter dem des sehr guten Vorjahres (-1 Prozent).<\/p>\n\n\n\n<p>Die Vegetationsbedingungen f\u00fcr die Kartoffeln im Jahr 2025 waren bislang deutlich besser als in den beiden Jahren zuvor. Auf einen ausreichend nassen Winter folgte ein warmes, trockenes Fr\u00fchjahr, das Auspflanzungen unter ausgezeichneten Bedingungen und im normalen zeitlichen Umfang zulie\u00df. Da in der Folge nur regional N\u00e4sse fehlte, konnten die ersten Fr\u00fchkartoffeln zeitig gerodet werden. Wo es m\u00f6glich war, wurden Best\u00e4nde beregnet. Nach \u00e4u\u00dferst trockenen und zum Teil hei\u00dfen Wochen im Mai und Juni konnte der im Juli einsetzende Regen mit Blick auf die Feuchtigkeitsversorgung f\u00fcr Entspannung sorgen, auch wenn gleichzeitig der Krankheitsdruck stieg.<\/p>\n\n\n\n<p>Die gro\u00dfe Kartoffelernte wirkt sich auf die Kartoffelpreise aus. Die Erzeugerpreise f\u00fcr Fr\u00fchkartoffeln starteten 2025 bereits auf einem deutlich niedrigeren Niveau als in den Vorjahren. Erzeugern wird f\u00fcr die Speisekartoffeln aus der Haupternte derzeit rund ein Drittel weniger als im Vorjahr gezahlt. Verbraucherinnen und Verbraucher mussten im Supermarkt f\u00fcr Speisekartoffeln im August 2025 rund 15 Prozent weniger zahlen als im August 2024. Quelle und Foto: BMLEH<\/p>\n","protected":false},"excerpt":{"rendered":"<p>Die vorl\u00e4ufigen amtlichen Ergebnisse deuten auf eine sehr gro\u00dfe Kartoffelernte von etwa 13,4 Millionen Tonnen hin. Das sind<\/p>\n","protected":false},"author":1,"featured_media":3384,"comment_status":"closed","ping_status":"closed","sticky":false,"template":"","format":"standard","meta":{"footnotes":""},"categories":[34],"tags":[],"class_list":["post-3383","post","type-post","status-publish","format-standard","has-post-thumbnail","hentry","category-allgemein"],"featured_image_urls":{"full":["https:\/\/agronoticias.es\/de\/wp-content\/uploads\/2025\/09\/Kartoffelernte-25-BLMEH.jpg",560,315,false],"thumbnail":["https:\/\/agronoticias.es\/de\/wp-content\/uploads\/2025\/09\/Kartoffelernte-25-BLMEH-150x150.jpg",150,150,true],"medium":["https:\/\/agronoticias.es\/de\/wp-content\/uploads\/2025\/09\/Kartoffelernte-25-BLMEH-300x169.jpg",300,169,true],"medium_large":["https:\/\/agronoticias.es\/de\/wp-content\/uploads\/2025\/09\/Kartoffelernte-25-BLMEH.jpg",560,315,false],"large":["https:\/\/agronoticias.es\/de\/wp-content\/uploads\/2025\/09\/Kartoffelernte-25-BLMEH.jpg",560,315,false],"1536x1536":["https:\/\/agronoticias.es\/de\/wp-content\/uploads\/2025\/09\/Kartoffelernte-25-BLMEH.jpg",560,315,false],"2048x2048":["https:\/\/agronoticias.es\/de\/wp-content\/uploads\/2025\/09\/Kartoffelernte-25-BLMEH.jpg",560,315,false],"morenews-large":["https:\/\/agronoticias.es\/de\/wp-content\/uploads\/2025\/09\/Kartoffelernte-25-BLMEH.jpg",560,315,false],"morenews-medium":["https:\/\/agronoticias.es\/de\/wp-content\/uploads\/2025\/09\/Kartoffelernte-25-BLMEH.jpg",560,315,false]},"author_info":{"display_name":"admin","author_link":"https:\/\/agronoticias.es\/de\/author\/admin\/"},"category_info":"<a href=\"https:\/\/agronoticias.es\/de\/category\/allgemein\/\" rel=\"category tag\">Allgemein<\/a>","tag_info":"Allgemein","comment_count":"0","_links":{"self":[{"href":"https:\/\/agronoticias.es\/de\/wp-json\/wp\/v2\/posts\/3383","targetHints":{"allow":["GET"]}}],"collection":[{"href":"https:\/\/agronoticias.es\/de\/wp-json\/wp\/v2\/posts"}],"about":[{"href":"https:\/\/agronoticias.es\/de\/wp-json\/wp\/v2\/types\/post"}],"author":[{"embeddable":true,"href":"https:\/\/agronoticias.es\/de\/wp-json\/wp\/v2\/users\/1"}],"replies":[{"embeddable":true,"href":"https:\/\/agronoticias.es\/de\/wp-json\/wp\/v2\/comments?post=3383"}],"version-history":[{"count":1,"href":"https:\/\/agronoticias.es\/de\/wp-json\/wp\/v2\/posts\/3383\/revisions"}],"predecessor-version":[{"id":3386,"href":"https:\/\/agronoticias.es\/de\/wp-json\/wp\/v2\/posts\/3383\/revisions\/3386"}],"wp:featuredmedia":[{"embeddable":true,"href":"https:\/\/agronoticias.es\/de\/wp-json\/wp\/v2\/media\/3384"}],"wp:attachment":[{"href":"https:\/\/agronoticias.es\/de\/wp-json\/wp\/v2\/media?parent=3383"}],"wp:term":[{"taxonomy":"category","embeddable":true,"href":"https:\/\/agronoticias.es\/de\/wp-json\/wp\/v2\/categories?post=3383"},{"taxonomy":"post_tag","embeddable":true,"href":"https:\/\/agronoticias.es\/de\/wp-json\/wp\/v2\/tags?post=3383"}],"curies":[{"name":"wp","href":"https:\/\/api.w.org\/{rel}","templated":true}]}}